{"id":9232,"date":"2021-12-06T10:37:00","date_gmt":"2021-12-06T09:37:00","guid":{"rendered":"https:\/\/neness.pl\/blog\/?p=9232"},"modified":"2021-12-22T10:41:34","modified_gmt":"2021-12-22T09:41:34","slug":"dermokosmetyki-czym-roznia-sie-od-drogeryjnych-alternatyw","status":"publish","type":"post","link":"https:\/\/neness.pl\/blog\/dermokosmetyki-czym-roznia-sie-od-drogeryjnych-alternatyw\/","title":{"rendered":"Dermokosmetyki. Czym r\u00f3\u017cni\u0105 si\u0119 od drogeryjnych alternatyw?"},"content":{"rendered":"<p>[et_pb_section fb_built=&#8221;1&#8243; _builder_version=&#8221;4.9.9&#8243; _module_preset=&#8221;default&#8221;][et_pb_row _builder_version=&#8221;4.9.9&#8243; _module_preset=&#8221;default&#8221;][et_pb_column type=&#8221;4_4&#8243; _builder_version=&#8221;4.9.9&#8243; _module_preset=&#8221;default&#8221;][et_pb_text _builder_version=&#8221;4.9.9&#8243; _module_preset=&#8221;default&#8221; hover_enabled=&#8221;0&#8243; sticky_enabled=&#8221;0&#8243;]<\/p>\n<p style=\"text-align: justify;\">Dermokosmetyki cz\u0119sto nazywane s\u0105 tak\u017ce kosmetykami aptecznymi \u2014 bo to tam w\u0142a\u015bnie najcz\u0119\u015bciej mo\u017cemy zakupi\u0107 specjalistyczne, dermo preparaty. Zdarza si\u0119 tak\u017ce, \u017ce dermokosmetyki znale\u017a\u0107 mo\u017cna w drogeriach, na przyk\u0142ad w drogerii internetowej Neness. Dzi\u015b na tapet we\u017amiemy nast\u0119puj\u0105ce zagadnienie \u2014 czym r\u00f3\u017cni\u0105 si\u0119 od siebie standardowe preparaty, a dermokosmetyki? Rozstrzygniemy, czy apteczne propozycje naprawd\u0119 dzia\u0142aj\u0105 i czy s\u0105 warte swojej przewa\u017cnie do\u015b\u0107 wysokiej ceny.<\/p>\n<h2>Dermokosmetyki. Definicja<\/h2>\n<p style=\"text-align: justify;\">Dermokosmetyki, jak ju\u017c zaznaczyli\u015bmy powy\u017cej, stosunkowo cz\u0119sto s\u0105 kojarzone przede wszystkim z aptek\u0105. Wynika to z tego, \u017ce s\u0105 one zazwyczaj kosmetykami specjalistycznymi. Oznacza to, \u017ce ich dzia\u0142anie jest dostosowane do konkretnych trudno\u015bci, z kt\u00f3rymi boryka\u0107 si\u0119 mo\u017ce w\u0105ska grupa pacjent\u00f3w. <strong>Dermokosmetyki maj\u0105 nie tylko piel\u0119gnowa\u0107 Twoj\u0105 cer\u0119 i troszczy\u0107 si\u0119 o jej jak najlepsz\u0105 kondycj\u0119, ale r\u00f3wnie\u017c leczy\u0107 konkretne dolegliwo\u015bci.\u00a0<\/strong><\/p>\n<p>[\/et_pb_text][\/et_pb_column][\/et_pb_row][et_pb_row _builder_version=&#8221;4.9.9&#8243; _module_preset=&#8221;default&#8221;][et_pb_column type=&#8221;4_4&#8243; _builder_version=&#8221;4.9.9&#8243; _module_preset=&#8221;default&#8221;][et_pb_image src=&#8221;https:\/\/neness.pl\/blog\/wp-content\/uploads\/2021\/12\/cream-4418928_960_720.jpg&#8221; title_text=&#8221;cream-4418928_960_720&#8243; _builder_version=&#8221;4.9.9&#8243; _module_preset=&#8221;default&#8221; hover_enabled=&#8221;0&#8243; sticky_enabled=&#8221;0&#8243;][\/et_pb_image][\/et_pb_column][\/et_pb_row][et_pb_row _builder_version=&#8221;4.9.9&#8243; _module_preset=&#8221;default&#8221;][et_pb_column type=&#8221;4_4&#8243; _builder_version=&#8221;4.9.9&#8243; _module_preset=&#8221;default&#8221;][et_pb_text _builder_version=&#8221;4.9.9&#8243; _module_preset=&#8221;default&#8221; hover_enabled=&#8221;0&#8243; sticky_enabled=&#8221;0&#8243;]<\/p>\n<h3>Dermokosmetyki. Cechy charakterystyczne:\u00a0<\/h3>\n<ul>\n<li><strong>Proste sk\u0142ady<\/strong>, w kt\u00f3rych zrezygnowano z substancji zapachowych, barwnik\u00f3w, konserwant\u00f3w. Poniewa\u017c kosmetyki dermatologiczne nie zawieraj\u0105 substancji dra\u017cni\u0105cych, s\u0105 bezpiecznym wyborem dla posiadaczek cery wra\u017cliwej \u2014 nie wywo\u0142uj\u0105 reakcji alergicznych. Z drugiej strony, ich trwa\u0142o\u015b\u0107 b\u0119dzie kr\u00f3tsza, ni\u017c w wypadku standardowych kosmetyk\u00f3w. Niekt\u00f3re produkty mog\u0105 te\u017c wymaga\u0107 przechowywania w specjalnych warunkach,\u00a0<\/li>\n<li><strong>S\u0105 hipoalergiczne,\u00a0<\/strong><\/li>\n<li><strong>Powstaj\u0105 przy wsp\u00f3\u0142pracy z dermatologami i ekspertami w swojej dziedzinie<\/strong>, a zanim zostan\u0105 wypuszczone na rynek, poddawane s\u0105 licznym testom klinicznym. Dla por\u00f3wnania, kosmetyki drogeryjne poddawane s\u0105 tylko testom bezpiecze\u0144stwa.\u00a0<\/li>\n<\/ul>\n<h2>Dermokosmetyki do twarzy. Komu s\u0105 dedykowane?\u00a0<\/h2>\n<p style=\"text-align: justify;\">Na rynku czeka na Ciebie niezwykle zr\u00f3\u017cnicowana, r\u00f3\u017cnorodna oferta dermokosmetyk\u00f3w, kt\u00f3re odpowiadaj\u0105 na potrzeby licznych klient\u00f3w. Konkretne produkty s\u0105 tworzone z my\u015bl\u0105 o stosunkowo niewielkiej grupie, kt\u00f3ra boryka si\u0119 z konkretnym problemem. <em>Niezliczone kosmetyki dermatologiczne maj\u0105 rozwi\u0105zywa\u0107 problemy:\u00a0<\/em><\/p>\n<ul>\n<li>Atopowego zapalenia sk\u00f3ry,\u00a0<\/li>\n<li>Tr\u0105dziku, na przyk\u0142ad r\u00f3\u017cowatego lub skupionego,\u00a0<\/li>\n<li>Notorycznego p\u0119kania naczynek,\u00a0<\/li>\n<li>Sk\u0142onno\u015bci do zaczerwienie\u0144.\u00a0<\/li>\n<\/ul>\n<p style=\"text-align: justify;\">Chocia\u017c w drogeriach r\u00f3wnie\u017c mo\u017cna znale\u017a\u0107 produkty, kt\u00f3re przyk\u0142adowo wspieraj\u0105 walk\u0119 z tr\u0105dzikiem, to jednak ich dzia\u0142anie nie ma charakteru r\u00f3wnie specjalistycznego, a tak\u017ce \u2014 co szczeg\u00f3lnie wa\u017cne \u2014 profilaktycznego.<strong> Dermokosmetyki bowiem nie tylko lecz\u0105 z danej dolegliwo\u015bci, ale r\u00f3wnie\u017c zapobiegaj\u0105 jej nawrotom.\u00a0<\/strong><\/p>\n<p style=\"text-align: justify;\">Panie o cerze szczeg\u00f3lnie wra\u017cliwej i sk\u0142onnej do reakcji alergicznych powinny zawrze\u0107 w swojej codziennej piel\u0119gnacji przynajmniej cz\u0119\u015b\u0107 kosmetyk\u00f3w przebadanych klinicznie, o prostych sk\u0142adach. B\u0119d\u0105 one niew\u0105tpliwie pewniejszym i bezpieczniejszym wyborem.\u00a0<\/p>\n<p style=\"text-align: justify;\"><em>Ofert\u0119 dermokosmetyk\u00f3w w atrakcyjnych, przyst\u0119pnych cenach znajdziesz pod linkiem: <a href=\"https:\/\/neness.pl\/827-dermokosmetyki-do-twarzy\">https:\/\/neness.pl\/827-dermokosmetyki-do-twarzy<\/a>.\u00a0<\/em><\/p>\n<h2>Dermokosmetyki. Z jakiej przyczyny warto?\u00a0<\/h2>\n<p style=\"text-align: justify;\">Dermokosmetyki niew\u0105tpliwie nie nale\u017c\u0105 do tanich produkt\u00f3w. Czasem jednak wskazana jest inwestycja w jeden, dro\u017cszy produkt, kt\u00f3ry kompleksowo zatroszczy si\u0119 o nasz\u0105 cer\u0119 i rozwi\u0105\u017ce problem, z kt\u00f3rym borykamy si\u0119 od miesi\u0119cy. Pr\u00f3ba leczenia dolegliwo\u015bci takich jak uporczywy tr\u0105dzik czy atopowe zapalenie sk\u00f3ry zwyk\u0142ymi, drogeryjnymi preparatami mo\u017ce okaza\u0107 si\u0119 mozolna i nieskuteczna. Zamiast wyrzuca\u0107 pieni\u0105dze w b\u0142oto, wybierz wysokiej jako\u015bci, komponowany przez dermatolog\u00f3w produkt.\u00a0<\/p>\n<p style=\"text-align: justify;\"><strong>Nie mo\u017cna zapomina\u0107 r\u00f3wnie\u017c o tym, \u017ce w przypadku mocnych dolegliwo\u015bci cery wizyta u dermatologa jest nie tyle co wskazana, ale konieczna. <\/strong><\/p>\n<p>[\/et_pb_text][\/et_pb_column][\/et_pb_row][\/et_pb_section]<\/p>\n","protected":false},"excerpt":{"rendered":"<p>[et_pb_section fb_built=&#8221;1&#8243; _builder_version=&#8221;4.9.9&#8243; _module_preset=&#8221;default&#8221;][et_pb_row _builder_version=&#8221;4.9.9&#8243; _module_preset=&#8221;default&#8221;][et_pb_column type=&#8221;4_4&#8243; _builder_version=&#8221;4.9.9&#8243; _module_preset=&#8221;default&#8221;][et_pb_text _builder_version=&#8221;4.9.9&#8243; _module_preset=&#8221;default&#8221; hover_enabled=&#8221;0&#8243; sticky_enabled=&#8221;0&#8243;] Dermokosmetyki cz\u0119sto nazywane s\u0105 tak\u017ce kosmetykami aptecznymi \u2014 bo to tam w\u0142a\u015bnie najcz\u0119\u015bciej mo\u017cemy zakupi\u0107 specjalistyczne, dermo preparaty. Zdarza si\u0119 tak\u017ce, \u017ce dermokosmetyki znale\u017a\u0107 mo\u017cna w drogeriach, na przyk\u0142ad w drogerii internetowej Neness. Dzi\u015b na tapet we\u017amiemy nast\u0119puj\u0105ce zagadnienie \u2014 czym r\u00f3\u017cni\u0105 [&hellip;]<\/p>\n","protected":false},"author":3,"featured_media":9062,"comment_status":"open","ping_status":"open","sticky":false,"template":"","format":"standard","meta":{"_et_pb_use_builder":"on","_et_pb_old_content":"","_et_gb_content_width":"","footnotes":""},"categories":[185],"tags":[],"class_list":["post-9232","post","type-post","status-publish","format-standard","has-post-thumbnail","hentry","category-codzienna-pielegnacja","et-has-post-format-content","et_post_format-et-post-format-standard"],"_links":{"self":[{"href":"https:\/\/neness.pl\/blog\/wp-json\/wp\/v2\/posts\/9232","targetHints":{"allow":["GET"]}}],"collection":[{"href":"https:\/\/neness.pl\/blog\/wp-json\/wp\/v2\/posts"}],"about":[{"href":"https:\/\/neness.pl\/blog\/wp-json\/wp\/v2\/types\/post"}],"author":[{"embeddable":true,"href":"https:\/\/neness.pl\/blog\/wp-json\/wp\/v2\/users\/3"}],"replies":[{"embeddable":true,"href":"https:\/\/neness.pl\/blog\/wp-json\/wp\/v2\/comments?post=9232"}],"version-history":[{"count":2,"href":"https:\/\/neness.pl\/blog\/wp-json\/wp\/v2\/posts\/9232\/revisions"}],"predecessor-version":[{"id":9235,"href":"https:\/\/neness.pl\/blog\/wp-json\/wp\/v2\/posts\/9232\/revisions\/9235"}],"wp:featuredmedia":[{"embeddable":true,"href":"https:\/\/neness.pl\/blog\/wp-json\/wp\/v2\/media\/9062"}],"wp:attachment":[{"href":"https:\/\/neness.pl\/blog\/wp-json\/wp\/v2\/media?parent=9232"}],"wp:term":[{"taxonomy":"category","embeddable":true,"href":"https:\/\/neness.pl\/blog\/wp-json\/wp\/v2\/categories?post=9232"},{"taxonomy":"post_tag","embeddable":true,"href":"https:\/\/neness.pl\/blog\/wp-json\/wp\/v2\/tags?post=9232"}],"curies":[{"name":"wp","href":"https:\/\/api.w.org\/{rel}","templated":true}]}}