{"id":9220,"date":"2021-12-15T09:56:00","date_gmt":"2021-12-15T08:56:00","guid":{"rendered":"https:\/\/neness.pl\/blog\/?p=9220"},"modified":"2021-12-22T09:57:18","modified_gmt":"2021-12-22T08:57:18","slug":"pedzle-do-makijazu-ktory-do-czego-sluzy","status":"publish","type":"post","link":"https:\/\/neness.pl\/blog\/pedzle-do-makijazu-ktory-do-czego-sluzy\/","title":{"rendered":"P\u0119dzle do makija\u017cu. Kt\u00f3ry do czego s\u0142u\u017cy?"},"content":{"rendered":"\n[et_pb_section fb_built=&#8221;1&#8243; _builder_version=&#8221;4.9.9&#8243; _module_preset=&#8221;default&#8221;][et_pb_row _builder_version=&#8221;4.9.9&#8243; _module_preset=&#8221;default&#8221;][et_pb_column type=&#8221;4_4&#8243; _builder_version=&#8221;4.9.9&#8243; _module_preset=&#8221;default&#8221;][et_pb_text _builder_version=&#8221;4.9.9&#8243; _module_preset=&#8221;default&#8221;]<p style=\"text-align: justify;\"><strong>Szamponetki do w\u0142os\u00f3w od lat ciesz\u0105 si\u0119 nies\u0142abn\u0105c\u0105 popularno\u015bci\u0105.<\/strong> Si\u0119gaj\u0105 po nie Panie, kt\u00f3re chc\u0105 przekona\u0107 si\u0119, jak wygl\u0105da\u0142yby w innym kolorze w\u0142os\u00f3w (jest to sugerowane i bezpieczne rozwi\u0105zanie przed podj\u0119ciem decyzji o diametralnej zmianie odcieniu), maj\u0105ce ochot\u0119 na odrobin\u0119 szale\u0144stwa czy te\u017c te, kt\u00f3re lubi\u0105 eksperymentowa\u0107 z mod\u0105, ale boj\u0105 si\u0119, \u017ce poprzez farbowanie uszkodz\u0105 struktur\u0119 swojego w\u0142osa.<\/p>\n<p style=\"text-align: justify;\">Co stanowi o wyj\u0105tkowo\u015bci szamponetek? Przede wszystkim, ich banalnie prosta aplikacja, kt\u00f3ra nie mo\u017ce przysparza\u0107 nawet najmniejszych trudno\u015bci. W dalszej cz\u0119\u015bci naszego artyku\u0142u om\u00f3wimy proste sposoby, dzi\u0119ki kt\u00f3rym uda Ci si\u0119 uzyska\u0107 z pomoc\u0105 omawianego produktu jak najlepiej napigmentowany efekt.<\/p>\n<h2>Szamponetka a farba. Czym si\u0119 r\u00f3\u017cni\u0105?<\/h2>\n<p style=\"text-align: justify;\"><strong>Szamponetka od standardowego preparatu koloryzuj\u0105cego r\u00f3\u017cni si\u0119 tym, \u017ce w jej sk\u0142adzie nie znajdziesz amoniaku<\/strong> \u2014 substancji wykorzystywanej jako no\u015bnik pigmentu w farbie. Dzi\u0119ki temu produkt jedynie osiada na strukturze w\u0142osa, nie uszkadzaj\u0105c go, a zarazem nadaj\u0105c mu estetyczny odcie\u0144 i blask.<\/p>\n<p style=\"text-align: justify;\">Warto pami\u0119ta\u0107 jednak o tym, \u017ce odcie\u0144, jaki uzyska\u0107 mo\u017cna z pomoc\u0105 szamponetki, si\u0142\u0105 rzeczy nie b\u0119dzie nadwyczaj mocno napigmentowany. Podpowiemy Ci, co zrobi\u0107, aby finalna stylizacja skrad\u0142a Ci serce, ale miej na uwadze tak\u017ce rozs\u0105dny dob\u00f3r barwy do w\u0142asnego naturalnego odcieniu w\u0142osa.<\/p>[\/et_pb_text][\/et_pb_column][\/et_pb_row][et_pb_row _builder_version=&#8221;4.9.9&#8243; _module_preset=&#8221;default&#8221;][et_pb_column type=&#8221;4_4&#8243; _builder_version=&#8221;4.9.9&#8243; _module_preset=&#8221;default&#8221;][et_pb_image src=&#8221;https:\/\/neness.pl\/blog\/wp-content\/uploads\/2021\/12\/makeup-brushes-1761648_960_720.jpg&#8221; title_text=&#8221;makeup-brushes-1761648_960_720&#8243; _builder_version=&#8221;4.9.9&#8243; _module_preset=&#8221;default&#8221; hover_enabled=&#8221;0&#8243; sticky_enabled=&#8221;0&#8243;][\/et_pb_image][\/et_pb_column][\/et_pb_row][et_pb_row _builder_version=&#8221;4.9.9&#8243; _module_preset=&#8221;default&#8221;][et_pb_column type=&#8221;4_4&#8243; _builder_version=&#8221;4.9.9&#8243; _module_preset=&#8221;default&#8221;][et_pb_text _builder_version=&#8221;4.9.9&#8243; _module_preset=&#8221;default&#8221; hover_enabled=&#8221;0&#8243; sticky_enabled=&#8221;0&#8243;]<h2>Rodzaje p\u0119dzli\u00a0<\/h2>\n\n<p style=\"text-align: justify;\">A oto kilka najwa\u017cniejszych modeli p\u0119dzli, kt\u00f3re niew\u0105tpliwie powinny znale\u017a\u0107 si\u0119 w Twoim zestawie! Z ich pomoc\u0105 wykonasz pe\u0142ny, przykuwaj\u0105cy wzrok makija\u017c i dodasz sobie pewno\u015bci siebie.\u00a0<\/p>\n\n<h3>P\u0119dzel do aplikacji pudru\u00a0<\/h3>\n\n<p style=\"text-align: justify;\">Aby w ci\u0105gu dnia w strefie T nadmiar sebum nie doprowadzi\u0142 do uporczywego ,,\u015bwiecenia\u201d si\u0119 Twojej sk\u00f3ry, szczeg\u00f3lnie wra\u017cliwe partie twarzy przypudruj. Pomo\u017ce Ci w tym w\u0142a\u015bciwy\u00a0 p\u0119dzel do aplikacji pudru.\u00a0<\/p>\n\n<p style=\"text-align: justify;\"><strong>P\u0119dzel do aplikacji pudru jest do\u015b\u0107 puchaty i stosunkowo spory. Umo\u017cliwia on r\u00f3wnomierne, bezproblematyczne na\u0142o\u017cenie kosmetyku.\u00a0<\/strong><\/p>\n\n<h3>P\u0119dzel do r\u00f3\u017cu\u00a0<\/h3>\n\n<p style=\"text-align: justify;\">Skoro zaaplikowa\u0142a\u015b ju\u017c fluid i puder, najwy\u017csza pora na odrobin\u0119 koloru! Na ko\u015bci policzkowe, nos czy brod\u0119 nanie\u015b niewielk\u0105 ilo\u015b\u0107 r\u00f3\u017cu; doda Ci on wdzi\u0119ku i uroku. <strong>Pos\u0142u\u017cy Ci w tym p\u0119dzel \u015bci\u0119ty pod skosem.<\/strong> Dzi\u0119ki temu p\u0119dzel umo\u017cliwia Ci w\u0142a\u015bciw\u0105 aplikacj\u0119 \u2014 od policzk\u00f3w w stron\u0119 skroni.\u00a0<\/p>\n\n<h3>P\u0119dzel do cieni\u00a0<\/h3>\n\n<p style=\"text-align: justify;\">Ciesz si\u0119 estetycznym smokey eye! P\u0119dzelek do cieni gwarantuje Ci maksymaln\u0105 kontrol\u0119 nad cieniami, kt\u00f3re nanosisz na powiek\u0119. <strong>Jest on niewielki, cienki i do\u015b\u0107 zbity<\/strong>, cho\u0107 zdecydowanie nie tak bardzo, jak p\u0119dzelek s\u0142u\u017c\u0105cy do aplikacji korektora.\u00a0<\/p>\n\n<h3>P\u0119dzelek do blendowania makija\u017cu oka\u00a0<\/h3>\n\n<p style=\"text-align: justify;\">Wiele Pa\u0144, wykonuj\u0105c smokey eye, d\u0105\u017cy do uzyskania efektu przecinania si\u0119 r\u00f3\u017cnych odcieni. <strong>P\u0119dzelek do blendowania, dzi\u0119ki swojej zaostrzonej ko\u0144c\u00f3wce, pozwoli Ci na aplikacj\u0119 produktu w zag\u0142\u0119bieniu powieki i na blendowanie kolor\u00f3w.\u00a0<\/strong><\/p>\n\n<h3>P\u0119dzel do makija\u017cu brwi\u00a0<\/h3>\n\n<p style=\"text-align: justify;\"><strong>Jest szczeg\u00f3lnie cienki, zbity i \u015bci\u0119ty pod skosem<\/strong>; pos\u0142u\u017cy Ci tak\u017ce do wykonania kresek.\u00a0<\/p>\n<p style=\"text-align: justify;\"><br \/><em>Na Neness, <a href=\"https:\/\/neness.pl\/530-pedzle-do-makijazu\">https:\/\/neness.pl\/530-pedzle-do-makijazu<\/a>, czeka na Ciebie bogata, r\u00f3\u017cnorodna oferta p\u0119dzli do makija\u017cu. Wybierz te, kt\u00f3re najlepiej spe\u0142niaj\u0105 Twoje oczekiwania! <\/em><\/p>[\/et_pb_text][\/et_pb_column][\/et_pb_row][\/et_pb_section]\n","protected":false},"excerpt":{"rendered":"","protected":false},"author":3,"featured_media":9224,"comment_status":"open","ping_status":"open","sticky":false,"template":"","format":"standard","meta":{"_et_pb_use_builder":"on","_et_pb_old_content":"","_et_gb_content_width":"","footnotes":""},"categories":[41],"tags":[],"class_list":["post-9220","post","type-post","status-publish","format-standard","has-post-thumbnail","hentry","category-olsniewaj-makijazem","et-has-post-format-content","et_post_format-et-post-format-standard"],"_links":{"self":[{"href":"https:\/\/neness.pl\/blog\/wp-json\/wp\/v2\/posts\/9220","targetHints":{"allow":["GET"]}}],"collection":[{"href":"https:\/\/neness.pl\/blog\/wp-json\/wp\/v2\/posts"}],"about":[{"href":"https:\/\/neness.pl\/blog\/wp-json\/wp\/v2\/types\/post"}],"author":[{"embeddable":true,"href":"https:\/\/neness.pl\/blog\/wp-json\/wp\/v2\/users\/3"}],"replies":[{"embeddable":true,"href":"https:\/\/neness.pl\/blog\/wp-json\/wp\/v2\/comments?post=9220"}],"version-history":[{"count":3,"href":"https:\/\/neness.pl\/blog\/wp-json\/wp\/v2\/posts\/9220\/revisions"}],"predecessor-version":[{"id":9225,"href":"https:\/\/neness.pl\/blog\/wp-json\/wp\/v2\/posts\/9220\/revisions\/9225"}],"wp:featuredmedia":[{"embeddable":true,"href":"https:\/\/neness.pl\/blog\/wp-json\/wp\/v2\/media\/9224"}],"wp:attachment":[{"href":"https:\/\/neness.pl\/blog\/wp-json\/wp\/v2\/media?parent=9220"}],"wp:term":[{"taxonomy":"category","embeddable":true,"href":"https:\/\/neness.pl\/blog\/wp-json\/wp\/v2\/categories?post=9220"},{"taxonomy":"post_tag","embeddable":true,"href":"https:\/\/neness.pl\/blog\/wp-json\/wp\/v2\/tags?post=9220"}],"curies":[{"name":"wp","href":"https:\/\/api.w.org\/{rel}","templated":true}]}}