{"id":9203,"date":"2021-11-16T12:42:00","date_gmt":"2021-11-16T11:42:00","guid":{"rendered":"https:\/\/neness.pl\/blog\/?p=9203"},"modified":"2021-12-21T22:44:28","modified_gmt":"2021-12-21T21:44:28","slug":"popekane-usta-sposoby-ktore-pomoga-ci-temu-zapobiec","status":"publish","type":"post","link":"https:\/\/neness.pl\/blog\/popekane-usta-sposoby-ktore-pomoga-ci-temu-zapobiec\/","title":{"rendered":"Pop\u0119kane usta. Sposoby, kt\u00f3re pomog\u0105 Ci temu zapobiec"},"content":{"rendered":"\n[et_pb_section fb_built=&#8221;1&#8243; _builder_version=&#8221;4.9.9&#8243; _module_preset=&#8221;default&#8221;][et_pb_row _builder_version=&#8221;4.9.9&#8243; _module_preset=&#8221;default&#8221;][et_pb_column type=&#8221;4_4&#8243; _builder_version=&#8221;4.9.9&#8243; _module_preset=&#8221;default&#8221;][et_pb_text _builder_version=&#8221;4.9.9&#8243; _module_preset=&#8221;default&#8221; hover_enabled=&#8221;0&#8243; sticky_enabled=&#8221;0&#8243;]<p style=\"text-align: justify;\">W sezonie jesiennym i zimowym nasze wargi s\u0105 szczeg\u00f3lnie podatne na pierzchni\u0119cie, p\u0119kanie, co wywo\u0142uje b\u00f3l, dyskomfort i wygl\u0105da nieestetycznie. Podpowiemy Ci, co zrobi\u0107, aby tego unikn\u0105\u0107, a tak\u017ce zaprezentujemy kilka, prostych sposob\u00f3w, dzi\u0119ki czemu przyspieszysz proces gojenia si\u0119 i regeneracji.\u00a0<\/p>\n\n<h2>Przyczyny p\u0119kania warg\u00a0<\/h2>\n\n<p style=\"text-align: justify;\">Zanim przejdziemy do om\u00f3wienia profilaktyki i leczenia, wpierw zastan\u00f3wmy si\u0119, co sprawia, \u017ce nasze wargi p\u0119kaj\u0105? Ot\u00f3\u017c przyczyn wyr\u00f3\u017cni\u0107 mo\u017cna kilka. <strong>Najcz\u0119stsz\u0105 i najbardziej powszechn\u0105 jest niska temperatura b\u0105d\u017a wiatr.<\/strong> Cienka sk\u00f3ra, kt\u00f3ra okrywa Twoje usta, nie jest odporna na niesprzyjaj\u0105ce warunki atmosferyczne, co wi\u0119cej \u2014 jest podatna na przesuszanie si\u0119, p\u0119kanie, \u0142uszczenie.\u00a0<\/p>\n\n<h3>Inne przyczyny p\u0119kania warg:\u00a0<\/h3>\n\n<ul>\n<li><strong>Promieniowanie UV.<\/strong> Nie tylko nasza sk\u00f3ra na buzi, ramionach czy plecach wymaga odpowiedniego zabezpieczenia latem \u2014 r\u00f3wnie\u017c i nasze usta potrzebuj\u0105 w\u0142a\u015bciwej ochrony. W drogeriach i aptekach znale\u017a\u0107 mo\u017cesz pomadki wzbogacone o filtr UV. Pomocne oka\u017ce si\u0119 r\u00f3wnie\u017c regularne u\u017cywanie preparatu o w\u0142a\u015bciwo\u015bciach nawil\u017caj\u0105cych,\u00a0<\/li>\n<li><strong>U alergik\u00f3w pierzchni\u0119cie warg mog\u0105 powodowa\u0107 niekt\u00f3re pokarmy.<\/strong> Zazwyczaj b\u0119d\u0105 towarzyszy\u0107 temu tak\u017ce inne objawy, na przyk\u0142ad sw\u0119dzenie, obrz\u0119k warg, j\u0119zyka czy odczuwalne mrowienie. W takim wypadku skonsultuj si\u0119 z lekarzem!\u00a0<\/li>\n<li><strong>Nowy kosmetyk.<\/strong> Kupi\u0142a\u015b szmink\u0119, a od momentu, gdy zacz\u0119\u0142a\u015b jej u\u017cywa\u0107, Twoje usta s\u0105 przesuszone? By\u0107 mo\u017ce jeste\u015b uczulona na jedn\u0105 z substancji, kt\u00f3ra znajduje si\u0119 w sk\u0142adzie produktu,\u00a0<\/li>\n<li>Zdarza si\u0119, \u017ce pierzchni\u0119cie warg jest objawem choroby b\u0105d\u017a te\u017c jest uwarunkowane genetycznie. <strong>Nale\u017cy pami\u0119ta\u0107 jednak o tym, \u017ce zazwyczaj p\u0119kanie ust wywo\u0142ywane jest przez z\u0142e nawyki<\/strong>; niestosowanie pomadek nawil\u017caj\u0105cych, przygryzanie warg (kt\u00f3re czasami jest objawem zaburze\u0144 l\u0119kowych, stresu) lub ich cz\u0119ste oblizywanie.\u00a0\u00a0<\/li>\n<\/ul>[\/et_pb_text][\/et_pb_column][\/et_pb_row][et_pb_row _builder_version=&#8221;4.9.9&#8243; _module_preset=&#8221;default&#8221;][et_pb_column type=&#8221;4_4&#8243; _builder_version=&#8221;4.9.9&#8243; _module_preset=&#8221;default&#8221;][et_pb_image src=&#8221;https:\/\/neness.pl\/blog\/wp-content\/uploads\/2021\/12\/lips-3141753_1280.jpg&#8221; title_text=&#8221;lips-3141753_1280&#8243; _builder_version=&#8221;4.9.9&#8243; _module_preset=&#8221;default&#8221; hover_enabled=&#8221;0&#8243; sticky_enabled=&#8221;0&#8243;][\/et_pb_image][\/et_pb_column][\/et_pb_row][et_pb_row _builder_version=&#8221;4.9.9&#8243; _module_preset=&#8221;default&#8221;][et_pb_column type=&#8221;4_4&#8243; _builder_version=&#8221;4.9.9&#8243; _module_preset=&#8221;default&#8221;][et_pb_text _builder_version=&#8221;4.9.9&#8243; _module_preset=&#8221;default&#8221; hover_enabled=&#8221;0&#8243; sticky_enabled=&#8221;0&#8243;]<h2>P\u0119kanie warg. Odpowiednia profilaktyka\u00a0<\/h2>\n\n<p style=\"text-align: justify;\">Aby unikn\u0105\u0107 niekomfortowego pierzchni\u0119cia warg, zadbaj o w\u0142a\u015bciw\u0105 profilaktyk\u0119! Pierwsz\u0105, z\u0142ot\u0105 zasad\u0105 jest definitywne zrezygnowanie z destrukcyjnych dla Twoich ust przyzwyczaje\u0144. Staraj si\u0119 zwraca\u0107 uwag\u0119 na to, czy nie przygryzasz warg odruchowo lub w stresie. Wykszta\u0142\u0107 tak\u017ce u siebie nawyk regularnego nawil\u017cania warg. Mo\u017cesz zacz\u0105\u0107 nosi\u0107 pomadk\u0119 nawil\u017caj\u0105c\u0105 w torebce, kieszeni kurtki, a gdy przebywasz w domu, po\u0142\u00f3\u017c j\u0105 w widocznym miejscu, chocia\u017cby na swoim biurku \u2014 w ten spos\u00f3b cz\u0119\u015bciej b\u0119dziesz mie\u0107 na uwadze w\u0142a\u015bciwe nawil\u017cenie.\u00a0<\/p>\n\n<p style=\"text-align: justify;\">Doskona\u0142ym pomys\u0142em jest tak\u017ce inwestycja w dobrej jako\u015bci szmink\u0119 o w\u0142a\u015bciwo\u015bciach nawil\u017caj\u0105cych. Producenci coraz cz\u0119\u015bciej d\u0105\u017c\u0105 do tego, aby sk\u0142ady ich produkt\u00f3w by\u0142y jak najbardziej naturalne, proste i bogate w dobroczynne sk\u0142adniki. Szmink\u0119 mo\u017cesz wybra\u0107 chocia\u017cby w drogerii Neness (kliknij link:<a href=\"https:\/\/neness.pl\/510-kosmetyki-do-makijazu-ust\">https:\/\/neness.pl\/510-kosmetyki-do-makijazu-ust<\/a>) \u2014 czekaj\u0105 tam na Ciebie niezliczone kosmetyki w atrakcyjnych, przyst\u0119pnych cenach.\u00a0<\/p>\n\n<h2>Pop\u0119kane wargi. Leczenie\u00a0<\/h2>\n\n<p style=\"text-align: justify;\">Istnieje kilka skutecznych, domowych sposob\u00f3w, kt\u00f3re pozwol\u0105 Ci zdecydowanie usprawni\u0107 regeneracj\u0119 oraz zniwelowa\u0107 dyskomfort, zwi\u0105zany z p\u0119kaniem warg.\u00a0<\/p>\n\n<p style=\"text-align: justify;\">Na pop\u0119kane wargi zaaplikowa\u0107 mo\u017cesz warstw\u0119 <strong>miodu lub naturalny olej czy mas\u0142o kokosowe, shea.<\/strong> Naturalne produkty przyspiesz\u0105 regeneracj\u0119 oraz doskonale nawil\u017c\u0105 usta. Niezawodnym sposobem jest tak\u017ce udanie si\u0119 do apteki i zainwestowanie w <strong>ma\u015b\u0107 z witamin\u0105 A i E.\u00a0<\/strong><\/p>\n\n<p style=\"text-align: justify;\">Do czasu, a\u017c Twoje usta w pe\u0142ni si\u0119 nie zregeneruj\u0105, zdecydowanie zrezygnuj z kolorowych, perfumowanych pomadek.\u00a0<\/p>\n\n<p style=\"text-align: justify;\"><em>Mamy szczer\u0105 nadziej\u0119, \u017ce wprowadzisz w \u017cycie porady, kt\u00f3re przedstawili\u015bmy w naszym artykule i podczas tegorocznej zimy b\u0119dziesz mog\u0142a zapomnie\u0107 o pop\u0119kanych ustach! <\/em><\/p>[\/et_pb_text][\/et_pb_column][\/et_pb_row][\/et_pb_section]\n","protected":false},"excerpt":{"rendered":"","protected":false},"author":2,"featured_media":9204,"comment_status":"open","ping_status":"open","sticky":false,"template":"","format":"standard","meta":{"_et_pb_use_builder":"on","_et_pb_old_content":"","_et_gb_content_width":"","footnotes":""},"categories":[185],"tags":[],"class_list":["post-9203","post","type-post","status-publish","format-standard","has-post-thumbnail","hentry","category-codzienna-pielegnacja","et-has-post-format-content","et_post_format-et-post-format-standard"],"_links":{"self":[{"href":"https:\/\/neness.pl\/blog\/wp-json\/wp\/v2\/posts\/9203","targetHints":{"allow":["GET"]}}],"collection":[{"href":"https:\/\/neness.pl\/blog\/wp-json\/wp\/v2\/posts"}],"about":[{"href":"https:\/\/neness.pl\/blog\/wp-json\/wp\/v2\/types\/post"}],"author":[{"embeddable":true,"href":"https:\/\/neness.pl\/blog\/wp-json\/wp\/v2\/users\/2"}],"replies":[{"embeddable":true,"href":"https:\/\/neness.pl\/blog\/wp-json\/wp\/v2\/comments?post=9203"}],"version-history":[{"count":3,"href":"https:\/\/neness.pl\/blog\/wp-json\/wp\/v2\/posts\/9203\/revisions"}],"predecessor-version":[{"id":9208,"href":"https:\/\/neness.pl\/blog\/wp-json\/wp\/v2\/posts\/9203\/revisions\/9208"}],"wp:featuredmedia":[{"embeddable":true,"href":"https:\/\/neness.pl\/blog\/wp-json\/wp\/v2\/media\/9204"}],"wp:attachment":[{"href":"https:\/\/neness.pl\/blog\/wp-json\/wp\/v2\/media?parent=9203"}],"wp:term":[{"taxonomy":"category","embeddable":true,"href":"https:\/\/neness.pl\/blog\/wp-json\/wp\/v2\/categories?post=9203"},{"taxonomy":"post_tag","embeddable":true,"href":"https:\/\/neness.pl\/blog\/wp-json\/wp\/v2\/tags?post=9203"}],"curies":[{"name":"wp","href":"https:\/\/api.w.org\/{rel}","templated":true}]}}