{"id":8909,"date":"2019-04-19T11:50:00","date_gmt":"2019-04-19T09:50:00","guid":{"rendered":"https:\/\/blog.neness.pl\/rada-eksperta-jaki-krem-odmladzajacy-wybrac\/"},"modified":"2021-09-22T15:36:28","modified_gmt":"2021-09-22T13:36:28","slug":"rada-eksperta-jaki-krem-odmladzajacy-wybrac","status":"publish","type":"post","link":"https:\/\/neness.pl\/blog\/rada-eksperta-jaki-krem-odmladzajacy-wybrac\/","title":{"rendered":"Rada eksperta: jaki krem odm\u0142adzaj\u0105cy wybra\u0107?"},"content":{"rendered":"<p>M\u0142ody wygl\u0105d to co\u015b, co ka\u017cda kobieta pragnie zatrzyma\u0107 na d\u0142u\u017cej. Niestety wraz z wiekiem zaczynaj\u0105 pojawia\u0107 si\u0119 pierwsze oznaki zm\u0119czenia, co sprawia, \u017ce 30-latki powinny powa\u017cniej pomy\u015ble\u0107 o zakupie kremu dzia\u0142aj\u0105cego odm\u0142adzaj\u0105co. Czy to faktycznie konieczne i czy krem do twarzy potrafi sta\u0107 si\u0119 eliksirem m\u0142odo\u015bci?<\/p>\n<h2>Wybierz odpowiedni krem do swojego wieku<\/h2>\n<p>B\u0119d\u0105c m\u0142od\u0105 kobiet\u0105 zastanawiamy si\u0119, czy si\u0119ganie po krem 30+ b\u0105d\u017a 40+ ma jakikolwiek sens. Przecie\u017c dzia\u0142aj\u0105 zapewne znacznie s\u0142abiej ni\u017c te przeznaczone dla dojrza\u0142ych cer po 50. roku \u017cycia. W takim razie dlaczego nie i\u015b\u0107 za ciosem i rozpocz\u0105\u0107 walk\u0119 o zachowanie m\u0142odego wygl\u0105du z kremem przeznaczonym dla starszych pa\u0144. Ot\u00f3\u017c to niezwykle myl\u0105ce podej\u015bcie, kt\u00f3re zupe\u0142nie rozmija si\u0119 z prawd\u0105. Takie dzia\u0142anie mo\u017ce przynie\u015b\u0107 zdecydowanie wi\u0119cej szkody ni\u017c po\u017cytku.<\/p>\n<p>Sk\u00f3ra z wiekiem si\u0119 starzeje, a na jej powierzchni zaczynaj\u0105 pojawia\u0107 si\u0119 pierwsze tego oznaki. Zwykle po sko\u0144czeniu 30 lat zauwa\u017camy zmarszczki mimiczne, kt\u00f3re zaczynaj\u0105 nam przeszkadza\u0107. To w\u0142a\u015bnie w tym okresie nasza sk\u00f3ra zaczyna traci\u0107 elastyczno\u015b\u0107, a zagi\u0119cia twarzy od wykonywanej mimiki w ci\u0105gu dnia nie chc\u0105 znikn\u0105\u0107. Zwykle dotyczy to okolic pod oczami, mi\u0119dzy brwiami i na czole. Czyli miejsc, w kt\u00f3rych nask\u00f3rek ma niewiele gruczo\u0142\u00f3w \u0142ojowych, przez co jest cienki i najbardziej nara\u017cony na przesuszenie i uszkodzenia. Dodatkowo, sk\u00f3ra po trzydziestce powoli traci zdolno\u015bci regeneracyjne.<\/p>\n<p>Jednak zamiast dopatrywa\u0107 si\u0119 zmarszczek na swojej twarzy podczas przegl\u0105dania si\u0119 w lustrze lepiej wykorzysta\u0107 ten czas na zmian\u0119 nawyk\u00f3w piel\u0119gnacyjnych i wprowadzeniu nowych kosmetyk\u00f3w, kt\u00f3re zatrzymaj\u0105 ten nieprzyjemny proces i sprawi\u0105, \u017ce zatrzymamy m\u0142ody wygl\u0105d na d\u0142u\u017cej.<\/p>\n<p><img decoding=\"async\" class=\"blogimg\" title=\"White Agafia Krem do Twarzy Ochrona M\u0142odo\u015bci na Noc\" src=\"\/environment\/cache\/images\/500_500_productGfx_beb09e649c8889122943152bdcdb5c6d.jpg\" alt=\"Krem do twarzy White Agafia Ochrona M\u0142odo\u015bci Na Noc\"> <a class=\"blogcaption\" href=\"\/pl\/p\/White-Agafia-Krem-do-Twarzy-Ochrona-Mlodosci-na-Noc\/5384\">White Agafia Krem do Twarzy Ochrona M\u0142odo\u015bci na Noc<\/a><\/p>\n<h2>Zawsze jest rozwi\u0105zanie<\/h2>\n<p>Kiedy tracimy wiar\u0119 w dzia\u0142anie krem\u00f3w odm\u0142adzaj\u0105cych, zaczynamy rozgl\u0105da\u0107 si\u0119 za sprawdzonym gabinetem medycyny estetycznej, w ofercie kt\u00f3rego znajdziemy zabieg przy u\u017cyciu kwasu hialuronowego lub botoksu. Jednak takie rozwi\u0105zanie najlepiej zostawi\u0107 sobie na wyj\u015bcie ostateczne, kiedy ju\u017c nie b\u0119dziemy mie\u0107 wyboru.<\/p>\n<p>P\u00f3ki jeste\u015bmy m\u0142ode, wykorzystajmy si\u0142\u0119 i magi\u0119 krem\u00f3w. Jednak najwa\u017cniejsz\u0105 kwesti\u0105 jest wybranie kosmetyk\u00f3w, kt\u00f3re s\u0105 nie tylko atrakcyjne cenowo, ale przede wszystkim skuteczne. Nie kupuj ju\u017c krem\u00f3w, kt\u00f3rych dzia\u0142anie ko\u0144czy si\u0119 na odpowiednim nawil\u017ceniu. Wybieraj preparaty, kt\u00f3rych bogatszy sk\u0142ad zapewni Ci dzia\u0142anie odm\u0142adzaj\u0105ce.<\/p>\n<h2>Odpowiednia piel\u0119gnacja to podstawa &#8211; 30+<\/h2>\n<p>W celu zachowania m\u0142odego wygl\u0105du przede wszystkim wybierz dwa preparaty &#8211; krem na dzie\u0144 i na noc. To doskona\u0142y zestaw, kt\u00f3ry z pewno\u015bci\u0105 pozwoli Ci cieszy\u0107 si\u0119 promienn\u0105, elastyczn\u0105 i j\u0119drn\u0105 sk\u00f3r\u0105. Sk\u0142adniki zawarte w wybranych kremach powinny chroni\u0107 sk\u00f3r\u0119 przed wolnymi rodnikami, kt\u00f3re przyspieszaj\u0105 starzenie si\u0119 kom\u00f3rek. W tym celu zwr\u00f3\u0107 uwag\u0119, by w sk\u0142adzie znajdowa\u0142y si\u0119 neuropeptydy. To w\u0142a\u015bnie one rozlu\u017aniaj\u0105 mi\u0119\u015bnie, dzi\u0119ki czemu zapobiegaj\u0105 powstawaniu zmarszczek. Dodatkowo warto wybiera\u0107 preparaty z koenzymem Q10 oraz witamin\u0105 E i C, kt\u00f3re zwalczaj\u0105 wolne rodniki i s\u0105 doskona\u0142ymi antyoksydantami.<\/p>\n<h2>40 lat min\u0119\u0142o jak jeden dzie\u0144!<\/h2>\n<p>Oko\u0142o 40. roku \u017cycia zauwa\u017camy kolejne zmarszczki mimiczne, kt\u00f3re zaczynaj\u0105 si\u0119 utrwala\u0107, przez co s\u0105 widoczne nawet w momencie ca\u0142kowitego rozlu\u017anienia twarzy. Ponadto pojawiaj\u0105 si\u0119 r\u00f3wnie\u017c zmarszczki biologiczne, kt\u00f3re s\u0105 znacznie g\u0142\u0119bsze i zwi\u0105zane z post\u0119puj\u0105cym procesem starzenia. Dlatego b\u0119d\u0105c dojrza\u0142\u0105 kobiet\u0105 w tym wieku powinna\u015b wybiera\u0107 kremy odm\u0142adzaj\u0105ce z retinolem, jednak daj mu czas na dzia\u0142anie co najmniej 2-3 miesi\u0105ce by zauwa\u017cy\u0107 r\u00f3\u017cnic\u0119. Wybieraj r\u00f3wnie\u017c krem o g\u0119stszej konsystencji, kt\u00f3ra odpowiednio nawil\u017cy i nat\u0142u\u015bci nask\u00f3rek.<\/p>\n<h2>Kremy dla Pa\u0144 po 50. roku \u017cycia<\/h2>\n<p>W tym wieku w organizmie spada poziom estrogen\u00f3w oraz ilo\u015b\u0107 kolagenu dlatego twarz zaczyna opada\u0107. Nask\u00f3rek staje si\u0119 przesuszony i zaczynaj\u0105 by\u0107 widoczne przebarwienia. Jednak to wcale nie oznacza kl\u0119ski! W ka\u017cdym wieku najwa\u017cniejsza jest odpowiednia piel\u0119gnacja, by cieszy\u0107 si\u0119 pi\u0119kn\u0105 i zdrow\u0105 cer\u0105. Po uko\u0144czeniu 50 lat wybierz kremy poprawiaj\u0105ce g\u0119sto\u015b\u0107 sk\u00f3ry, w kt\u00f3rych sk\u0142adzie znajduj\u0105 si\u0119 przede wszystkim nat\u0142uszczaj\u0105ce olejki oraz fitoestrogeny.<\/p>\n<p><img decoding=\"async\" class=\"blogimg\" title=\"Dermacol Odm\u0142adzaj\u0105cy Krem z Kolagenem Collagen na Dzie\u0144 Plus Intensive Rejuvenating\" src=\"\/environment\/cache\/images\/500_500_productGfx_affd7e4f4472b6bff67a70b1e2c2fea2.jpg\" alt=\"Krem do twarzy Dermacol Collagen Intensive Rejuvenating\"> <a class=\"blogcaption\" href=\"\/pl\/p\/Dermacol-Odmladzajacy-Krem-z-Kolagenem-Collagen-na-Dzien-Plus-Intensive-Rejuvenating\/5763\">Dermacol Odm\u0142adzaj\u0105cy Krem z Kolagenem Collagen na Dzie\u0144 Plus Intensive Rejuvenating<\/a><\/p>\n","protected":false},"excerpt":{"rendered":"<p>M\u0142ody wygl\u0105d to co\u015b, co ka\u017cda kobieta pragnie zatrzyma\u0107 na d\u0142u\u017cej. Niestety wraz z wiekiem zaczynaj\u0105 pojawia\u0107 si\u0119 pierwsze oznaki zm\u0119czenia, co sprawia, \u017ce 30-latki powinny powa\u017cniej pomy\u015ble\u0107 o zakupie kremu dzia\u0142aj\u0105cego odm\u0142adzaj\u0105co. Czy to faktycznie konieczne i czy krem do twarzy potrafi sta\u0107 si\u0119 eliksirem m\u0142odo\u015bci? Wybierz odpowiedni krem do swojego wieku B\u0119d\u0105c m\u0142od\u0105 [&hellip;]<\/p>\n","protected":false},"author":2,"featured_media":9060,"comment_status":"open","ping_status":"open","sticky":false,"template":"","format":"standard","meta":{"_et_pb_use_builder":"","_et_pb_old_content":"","_et_gb_content_width":"","footnotes":""},"categories":[185],"tags":[],"class_list":["post-8909","post","type-post","status-publish","format-standard","has-post-thumbnail","hentry","category-codzienna-pielegnacja","et-has-post-format-content","et_post_format-et-post-format-standard"],"_links":{"self":[{"href":"https:\/\/neness.pl\/blog\/wp-json\/wp\/v2\/posts\/8909","targetHints":{"allow":["GET"]}}],"collection":[{"href":"https:\/\/neness.pl\/blog\/wp-json\/wp\/v2\/posts"}],"about":[{"href":"https:\/\/neness.pl\/blog\/wp-json\/wp\/v2\/types\/post"}],"author":[{"embeddable":true,"href":"https:\/\/neness.pl\/blog\/wp-json\/wp\/v2\/users\/2"}],"replies":[{"embeddable":true,"href":"https:\/\/neness.pl\/blog\/wp-json\/wp\/v2\/comments?post=8909"}],"version-history":[{"count":1,"href":"https:\/\/neness.pl\/blog\/wp-json\/wp\/v2\/posts\/8909\/revisions"}],"predecessor-version":[{"id":9061,"href":"https:\/\/neness.pl\/blog\/wp-json\/wp\/v2\/posts\/8909\/revisions\/9061"}],"wp:featuredmedia":[{"embeddable":true,"href":"https:\/\/neness.pl\/blog\/wp-json\/wp\/v2\/media\/9060"}],"wp:attachment":[{"href":"https:\/\/neness.pl\/blog\/wp-json\/wp\/v2\/media?parent=8909"}],"wp:term":[{"taxonomy":"category","embeddable":true,"href":"https:\/\/neness.pl\/blog\/wp-json\/wp\/v2\/categories?post=8909"},{"taxonomy":"post_tag","embeddable":true,"href":"https:\/\/neness.pl\/blog\/wp-json\/wp\/v2\/tags?post=8909"}],"curies":[{"name":"wp","href":"https:\/\/api.w.org\/{rel}","templated":true}]}}