{"id":8893,"date":"2019-04-18T11:50:00","date_gmt":"2019-04-18T09:50:00","guid":{"rendered":"https:\/\/blog.neness.pl\/domowe-opalanie-co-musisz-wiedziec-o-samoopalaczach\/"},"modified":"2021-09-22T14:49:14","modified_gmt":"2021-09-22T12:49:14","slug":"domowe-opalanie-co-musisz-wiedziec-o-samoopalaczach","status":"publish","type":"post","link":"https:\/\/neness.pl\/blog\/domowe-opalanie-co-musisz-wiedziec-o-samoopalaczach\/","title":{"rendered":"Domowe opalanie \u2013 co musisz wiedzie\u0107 o samoopalaczach"},"content":{"rendered":"<p>Uzyskanie dobrze wygl\u0105daj\u0105cej opalenizny wcale nie wymaga sp\u0119dzania d\u0142ugiego czasu na s\u0142o\u0144cu czy wyjazdu w s\u0142oneczne regiony. Przy obecnych kosmetykach mo\u017cna bez wychodzenia z domu zapewni\u0107 sobie bardzo stylow\u0105 opalenizn\u0119, kt\u00f3ra zrobi na innych osobach wra\u017cenie. Wystarczy jedynie skorzysta\u0107 z odpowiednich kosmetyk\u00f3w. Dost\u0119pne na rynku samoopalacze, pod warunkiem ich odpowiedniego u\u017cycia, przyczyni\u0105 si\u0119 do powstania na ciele \u015bwietnie wygl\u0105daj\u0105cej opalenizny.<\/p>\n<h2>Opalanie bez wychodzenia z domu<\/h2>\n<p>Samoopalacze sprawiaj\u0105, \u017ce proces opalania nie wymaga nara\u017cania si\u0119 na szkodliwe promieniowanie UV. Dzi\u0119ki temu mo\u017cliwe b\u0119dzie unikni\u0119cie poparze\u0144 s\u0142onecznych, przebarwie\u0144 czy pojawiania si\u0119 zmarszczek. W samoopalaczach wykorzystuje si\u0119 dihydroksyaceton, kt\u00f3ry odpowiada za zmian\u0119 koloru sk\u00f3ry, i mo\u017cliwe jest stosowanie ich przez ca\u0142y rok.<\/p>\n<h2>Spos\u00f3b na wybranie dobrego samoopalacza<\/h2>\n<p>Dla uzyskania \u015bwietnych rezultat\u00f3w ze stosowania kosmetyku nale\u017cy dobra\u0107 go w odpowiedni spos\u00f3b. Wysokiej jako\u015bci preparat pozwoli na uzyskanie r\u00f3wnej opalenizny i nie b\u0119dzie powodowa\u0142 \u017cadnych skutk\u00f3w ubocznych.<\/p>\n<p>Podstawow\u0105 kwesti\u0105 jest dostosowanie samoopalacza do karnacji. Producenci najcz\u0119\u015bciej dziel\u0105 produkty na dwie grupy: do cery jasnej i ciemnej. Dobranie tych odpowiednich dla siebie jest bardzo istotne, poniewa\u017c niew\u0142a\u015bciwie dobrany samoopalacz b\u0119dzie prezentowa\u0142 si\u0119 bardzo \u017ale. Opalenizna b\u0119dzie wygl\u0105da\u0142a sztucznie. Nale\u017cy r\u00f3wnie\u017c pami\u0119ta\u0107, \u017ce samoopalacze do cia\u0142a i twarzy r\u00f3\u017cni\u0105 si\u0119 sk\u0142adem. Dlatego warto kupi\u0107 obydwa produkty i zadba\u0107 o to, aby by\u0142y tej samej firmy. Ostatnim etapem wyboru produktu jest podj\u0119cie decyzji o jego konsystencji. Na rynku dost\u0119pne s\u0105 kosmetyki w formie \u017celu, kremu, sprayu oraz wielu innych. Tutaj najlepiej kierowa\u0107 si\u0119 typem sk\u00f3ry. W przypadku cery t\u0142ustej ze wzgl\u0119du na swoj\u0105 lekk\u0105 form\u0119 \u015bwietnie sprawdz\u0105 si\u0119 wszelkiego rodzaju pianki i spraye. U os\u00f3b z cer\u0105 such\u0105 lepiej sprawdz\u0105 si\u0119 natomiast kremy, kt\u00f3re dodatkowo poprawi\u0105 nawil\u017cenie sk\u00f3ry.<\/p>\n<p><img decoding=\"async\" class=\"blogimg\" title=\"Technic Samoopalacz do Cia\u0142a i Twarzy Be Bronzed Bronzing Duo\" src=\"\/environment\/cache\/images\/500_500_productGfx_2a47c44886f65925ad55c8cd552e6b47.jpg\" alt=\"Samoopalacz do cia\u0142a i twarzy Technic Be bronzed Bronzing Duo\"> <a class=\"blogcaption\" href=\"\/pl\/p\/Technic-Samoopalacz-do-Ciala-i-Twarzy-Be-Bronzed-Bronzing-Duo\/5789\">Technic Samoopalacz do Cia\u0142a i Twarzy Be Bronzed Bronzing Duo<\/a><\/p>\n<h2>Spos\u00f3b nak\u0142adania samoopalacza<\/h2>\n<p>Nak\u0142adanie samoopalacza wymaga wcze\u015bniejszych przygotowa\u0144 \u2013 nale\u017cy dzie\u0144 wcze\u015bniej wykona\u0107 peeling. W ten spos\u00f3b mo\u017cliwe b\u0119dzie pozbycie si\u0119 ze sk\u00f3ry wszelkiego rodzaju zanieczyszcze\u0144 i wyr\u00f3wnanie nawil\u017cenia sk\u00f3ry, co z kolei wp\u0142ynie na to, \u017ce samoopalacz b\u0119dzie w stanie r\u00f3wno opali\u0107 sk\u00f3r\u0119 i nie pojawi\u0105 si\u0119 na niej \u017cadne przebarwienia.<\/p>\n<p>Samo nak\u0142adanie samoopalacza najlepiej od\u0142o\u017cy\u0107 na wiecz\u00f3r. Przed na\u0142o\u017ceniem produktu nale\u017cy oczywi\u015bcie dok\u0142adnie oczy\u015bci\u0107 sk\u00f3r\u0119 i dok\u0142adnie j\u0105 wysuszy\u0107. Na sk\u00f3rze nie powinny r\u00f3wnie\u017c pojawi\u0107 si\u0119 inne kosmetyki, poniewa\u017c mog\u0142yby one wej\u015b\u0107 w interakcj\u0119 z samoopalaczem.<\/p>\n<p>Jeszcze przed rozpocz\u0119ciem nak\u0142adania preparatu warto zabezpieczy\u0107 w\u0142osy oraz za\u0142o\u017cy\u0107 r\u0119kawiczki, dzi\u0119ki kt\u00f3rym d\u0142onie nie b\u0119d\u0105 nara\u017cone na powstanie nieestetycznych plam.<\/p>\n<p>Samoopalacz przed na\u0142o\u017ceniem na sk\u00f3r\u0119 najlepiej rozetrze\u0107 w d\u0142oniach, a nast\u0119pnie, zaczynaj\u0105c od st\u00f3p, rozprowadza\u0107 go na ciele. Nale\u017cy zadba\u0107 o to, aby zosta\u0142 on rozprowadzony r\u00f3wnomiernie na ca\u0142ej powierzchni cia\u0142a. Szczeg\u00f3ln\u0105 uwag\u0119 trzeba zachowa\u0107 podczas aplikowania preparatu na twarz. Nale\u017cy kosmetyk dok\u0142adnie rozsmarowa\u0107, pami\u0119taj\u0105c o szyi, dekolcie i uszach, gdzie r\u00f3wnie\u017c powinien znale\u017a\u0107 si\u0119 samoopalacz.<\/p>\n<p>Po na\u0142o\u017ceniu preparatu nale\u017cy przynajmniej na 6 godzin wstrzyma\u0107 si\u0119 z prysznicem. Trzeba r\u00f3wnie\u017c unika\u0107 jasnych ubra\u0144, poniewa\u017c samoopalacz mo\u017ce pozostawi\u0107 na nich trudne do usuni\u0119cia \u015blady. Najlepiej zatem zrelaksowa\u0107 si\u0119 i unika\u0107 jakiegokolwiek kontaktu z wod\u0105, kt\u00f3ry m\u00f3g\u0142by prowadzi\u0107 do usuni\u0119cia samoopalacza z powierzchni sk\u00f3ry. Dopiero gdy preparat w pe\u0142ni si\u0119 wch\u0142onie, mo\u017cna zdecydowa\u0107 si\u0119 na prysznic.<\/p>\n<p><img decoding=\"async\" class=\"blogimg\" title=\"Markell Auto Bronzant Samoopalacz do Cery Jasnej Spray 200ml\" src=\"\/environment\/cache\/images\/500_500_productGfx_b22b89022b71f16ff3f20ea7294acb3a.jpg\" alt=\"Samoopalacz do cery jasne Markell Auto Bronzant\"> <a class=\"blogcaption\" href=\"\/pl\/p\/Markell-Auto-Bronzant-Samoopalacz-do-Cery-Jasnej-Spray-200ml\/5423\">Markell Auto Bronzant Samoopalacz do Cery Jasnej Spray 200ml<\/a><\/p>\n","protected":false},"excerpt":{"rendered":"<p>Uzyskanie dobrze wygl\u0105daj\u0105cej opalenizny wcale nie wymaga sp\u0119dzania d\u0142ugiego czasu na s\u0142o\u0144cu czy wyjazdu w s\u0142oneczne regiony. Przy obecnych kosmetykach mo\u017cna bez wychodzenia z domu zapewni\u0107 sobie bardzo stylow\u0105 opalenizn\u0119, kt\u00f3ra zrobi na innych osobach wra\u017cenie. Wystarczy jedynie skorzysta\u0107 z odpowiednich kosmetyk\u00f3w. Dost\u0119pne na rynku samoopalacze, pod warunkiem ich odpowiedniego u\u017cycia, przyczyni\u0105 si\u0119 do powstania [&hellip;]<\/p>\n","protected":false},"author":2,"featured_media":9028,"comment_status":"open","ping_status":"open","sticky":false,"template":"","format":"standard","meta":{"_et_pb_use_builder":"","_et_pb_old_content":"","_et_gb_content_width":"","footnotes":""},"categories":[185],"tags":[],"class_list":["post-8893","post","type-post","status-publish","format-standard","has-post-thumbnail","hentry","category-codzienna-pielegnacja","et-has-post-format-content","et_post_format-et-post-format-standard"],"_links":{"self":[{"href":"https:\/\/neness.pl\/blog\/wp-json\/wp\/v2\/posts\/8893","targetHints":{"allow":["GET"]}}],"collection":[{"href":"https:\/\/neness.pl\/blog\/wp-json\/wp\/v2\/posts"}],"about":[{"href":"https:\/\/neness.pl\/blog\/wp-json\/wp\/v2\/types\/post"}],"author":[{"embeddable":true,"href":"https:\/\/neness.pl\/blog\/wp-json\/wp\/v2\/users\/2"}],"replies":[{"embeddable":true,"href":"https:\/\/neness.pl\/blog\/wp-json\/wp\/v2\/comments?post=8893"}],"version-history":[{"count":1,"href":"https:\/\/neness.pl\/blog\/wp-json\/wp\/v2\/posts\/8893\/revisions"}],"predecessor-version":[{"id":9029,"href":"https:\/\/neness.pl\/blog\/wp-json\/wp\/v2\/posts\/8893\/revisions\/9029"}],"wp:featuredmedia":[{"embeddable":true,"href":"https:\/\/neness.pl\/blog\/wp-json\/wp\/v2\/media\/9028"}],"wp:attachment":[{"href":"https:\/\/neness.pl\/blog\/wp-json\/wp\/v2\/media?parent=8893"}],"wp:term":[{"taxonomy":"category","embeddable":true,"href":"https:\/\/neness.pl\/blog\/wp-json\/wp\/v2\/categories?post=8893"},{"taxonomy":"post_tag","embeddable":true,"href":"https:\/\/neness.pl\/blog\/wp-json\/wp\/v2\/tags?post=8893"}],"curies":[{"name":"wp","href":"https:\/\/api.w.org\/{rel}","templated":true}]}}