{"id":8889,"date":"2019-04-18T11:50:00","date_gmt":"2019-04-18T09:50:00","guid":{"rendered":"https:\/\/blog.neness.pl\/rada-eksperta-czy-potrzebny-i-po-co-ci-pedzel-do-pudru\/"},"modified":"2021-09-22T14:45:12","modified_gmt":"2021-09-22T12:45:12","slug":"rada-eksperta-czy-potrzebny-i-po-co-ci-pedzel-do-pudru","status":"publish","type":"post","link":"https:\/\/neness.pl\/blog\/rada-eksperta-czy-potrzebny-i-po-co-ci-pedzel-do-pudru\/","title":{"rendered":"Rada eksperta: czy potrzebny i po co Ci p\u0119dzel do pudru?"},"content":{"rendered":"<p>Mi\u0142o\u015bniczki makija\u017cu zdaj\u0105 sobie doskonale spraw\u0119 z tego, \u017ce obok r\u00f3\u017cnego rodzaju kosmetyk\u00f3w r\u00f3wnie wa\u017cne s\u0105 narz\u0119dzia s\u0142u\u017c\u0105ce do ich perfekcyjnej aplikacji. Trudno wyobrazi\u0107 sobie makija\u017c bez akcesori\u00f3w. Do niedawna do nak\u0142adania pudru u\u017cywa\u0142o si\u0119 g\u0142\u00f3wnie w\u0142asnych palc\u00f3w i puszk\u00f3w, teraz mamy jednak du\u017cy wyb\u00f3r p\u0119dzli, g\u0105beczek i szczoteczek. W\u0142a\u015bciwie do ka\u017cdego kosmetyku mo\u017cna dobra\u0107 odpowiedni p\u0119dzelek. Jednak chyba najpopularniejszym akcesorium wykorzystywanym w codziennym makija\u017cu jest p\u0119dzel do pudru. U\u0142atwia on skuteczne zmatowienie sk\u00f3ry i perfekcyjne utrwalenie makija\u017cu.<\/p>\n<h2>Jak wybra\u0107 odpowiedni p\u0119dzel?<\/h2>\n<p>W drogeriach nie brak p\u0119dzli wszelkiego rodzaju. Wr\u0119cz odwrotnie, od ich ilo\u015bci mo\u017ce zakr\u0119ci\u0107 si\u0119 w g\u0142owie. Do nak\u0142adania pudru sypkiego oraz w kamieniu idealny b\u0119dzie du\u017cy p\u0119dzel o g\u0119stym, mi\u0119kkim i elastycznym w\u0142osiu, kt\u00f3rym wygodnie rozprowadzisz puder na twarzy. Taki p\u0119dzel mo\u017ce pos\u0142u\u017cy\u0107 tak\u017ce do zmatowienia wi\u0119kszych partii sk\u00f3ry, takich jak dekolt, ramiona czy szyja. Z kolei owalny przekr\u00f3j p\u0119dzla do pudru u\u0142atwia precyzyjn\u0105, a przy tym bardzo szybk\u0105 aplikacj\u0119.<\/p>\n<p>Ciekawym rodzajem p\u0119dzla do nak\u0142adania pudru jest p\u0119dzel typu Kabuki. Wyr\u00f3\u017cnia si\u0119 on bardzo kr\u00f3tkim trzonkiem, kt\u00f3ry wygodnie uk\u0142ada si\u0119 w d\u0142oni. Zosta\u0142 on zaprojektowany tak, aby nie wy\u015blizgiwa\u0142 si\u0119 podczas wykonywania makija\u017cu. Dzi\u0119ki temu jest bardzo por\u0119czny, a jego \u015bci\u0119te na okr\u0105g\u0142o w\u0142osie pozwala na wykorzystanie dok\u0142adnie takiej ilo\u015bci kosmetyku, jaka jest potrzebna, aby nada\u0107 twarzy zadbany i naturalny wygl\u0105d. P\u0119dzle na d\u0142u\u017cszych trzonkach wygodniej u\u017cywa\u0107 podczas wykonywania makija\u017cu w domu, natomiast w podr\u00f3\u017cy i w pracy bardzo dobrze sprawdzaj\u0105 si\u0119 wersje mini lub p\u0119dzle wysuwane. Wygodne etui zabezpiecza p\u0119dzel przed zabrudzeniami i wystarczy tylko jeden gest, \u017ceby go wysun\u0105\u0107 i b\u0142yskawicznie dokona\u0107 niezb\u0119dnych poprawek.<\/p>\n<p>P\u0119dzle do pudru mog\u0105 by\u0107 wykonane z w\u0142osia naturalnego. Taki rodzaj jest wprost idealny do kosmetyk\u00f3w sypkich. S\u0105 bowiem bardzo mi\u0119kkie i delikatne, ale te\u017c nieco trudniejsze w piel\u0119gnacji. Czasami niestety mog\u0105 wywo\u0142a\u0107 odczyn alergiczny u os\u00f3b uczulonych na sier\u015b\u0107 zwierz\u0119c\u0105. Alergicy i weganki ch\u0119tniej wi\u0119c wybieraj\u0105 p\u0119dzle syntetyczne, kt\u00f3re bez w\u0105tpienia s\u0105 trwalsze i \u0142atwiejsze w utrzymaniu w czysto\u015bci.<\/p>\n<p><img decoding=\"async\" class=\"blogimg\" title=\"Hakuro H22 P\u0119dzel Do Korektora\/ Pudru w okolice oczu\" src=\"\/environment\/cache\/images\/500_500_productGfx_6b893d07e41da342392ca09a2f08009e.jpg\" alt=\"P\u0119dzel do pudru Hakuro H22\"> <a class=\"blogcaption\" href=\"\/hakuro-h22-pedzel-do-korektora-pudru-w-okolice-oczu\">Hakuro H22 P\u0119dzel Do Korektora\/ Pudru w okolice oczu<\/a><\/p>\n<h2>Jak u\u017cywa\u0107 p\u0119dzla do pudru?<\/h2>\n<p>G\u0142\u00f3wn\u0105 funkcj\u0105 p\u0119dzla do pudru jest opr\u00f3szenie sk\u00f3ry kosmetykiem tak, aby zyska\u0142a ona satynowe wyko\u0144czenie bez nier\u00f3wnych plam czy nieestetycznego efektu maski. Jednak, \u017ceby idealnie wykorzysta\u0107 zalety p\u0119dzla do pudru, zanim przyst\u0105pisz do jego u\u017cywania, poczekaj a\u017c u\u017cyte wcze\u015bniej kosmetyki dobrze si\u0119 wch\u0142on\u0105. Nast\u0119pnie nabierz niewielk\u0105 ilo\u015b\u0107 pudru na p\u0119dzel, lekko go strz\u0105\u015bnij i nak\u0142adaj go na twarz, wykonuj\u0105c delikatne, okr\u0119\u017cne ruchy. Nak\u0142adamy produkt, kieruj\u0105c si\u0119 od \u015brodka ku zewn\u0119trznym cz\u0119\u015bciom twarzy. Je\u015bli natomiast chcesz zamaskowa\u0107 jakie\u015b zmiany na twarzy, doci\u015bnij lekko p\u0119dzel do sk\u00f3ry, ale nie pr\u00f3buj rozciera\u0107 pudru.<\/p>\n<p>Aby ulubiony p\u0119dzel do makija\u017cu s\u0142u\u017cy\u0142 Ci jak najd\u0142u\u017cej trzeba utrzymywa\u0107 go w nale\u017cytym stanie. Przynajmniej co 2-3 tygodnie nale\u017cy go wyczy\u015bci\u0107 z u\u017cyciem szamponu lub myd\u0142a, a potem pozwoli\u0107 mu swobodnie wyschn\u0105\u0107. Nale\u017cy to robi\u0107, poniewa\u017c resztki kosmetyk\u00f3w, kurz oraz sebum z naszej twarzy mog\u0105 by\u0107 \u015bwietnym \u015brodowiskiem do rozwoju ple\u015bni lub innych drobnoustroj\u00f3w. U\u017cywaj\u0105c takiego p\u0119dzla, mo\u017cna doprowadzi\u0107 do powa\u017cnego pogorszenia stanu cery. Wa\u017cne jest, aby podczas czyszczenia p\u0119dzla nie zamoczy\u0107 skuwki i suszy\u0107 na p\u0142asko, najlepiej na brzegu sto\u0142u. Nie przyspieszaj procesu schni\u0119cia, k\u0142ad\u0105c p\u0119dzel na kaloryferze lub susz\u0105c go suszark\u0105. Odpowiednio traktowany p\u0119dzel do pudru z pewno\u015bci\u0105 pos\u0142u\u017cy Ci przez d\u0142ugi czas.<\/p>\n<p><img decoding=\"async\" class=\"blogimg\" title=\"Makeup Revolution Ultra Metals P\u0119dzel do Pudru Ultra Flawless Powder\" src=\"\/environment\/cache\/images\/500_500_productGfx_822941317782742c3e2a639e7b89135b.jpg\" alt=\"P\u0119dzel do pudru Makeup Revolution Ultra Metals Flawless Powder\"> <a class=\"blogcaption\" href=\"\/makeup-revolution-ultra-metals-pedzel-do-pudru-ultra-flawless-powder\">Makeup Revolution Ultra Metals P\u0119dzel do Pudru Ultra Flawless Powder<\/a><\/p>\n","protected":false},"excerpt":{"rendered":"<p>Mi\u0142o\u015bniczki makija\u017cu zdaj\u0105 sobie doskonale spraw\u0119 z tego, \u017ce obok r\u00f3\u017cnego rodzaju kosmetyk\u00f3w r\u00f3wnie wa\u017cne s\u0105 narz\u0119dzia s\u0142u\u017c\u0105ce do ich perfekcyjnej aplikacji. Trudno wyobrazi\u0107 sobie makija\u017c bez akcesori\u00f3w. Do niedawna do nak\u0142adania pudru u\u017cywa\u0142o si\u0119 g\u0142\u00f3wnie w\u0142asnych palc\u00f3w i puszk\u00f3w, teraz mamy jednak du\u017cy wyb\u00f3r p\u0119dzli, g\u0105beczek i szczoteczek. W\u0142a\u015bciwie do ka\u017cdego kosmetyku mo\u017cna dobra\u0107 [&hellip;]<\/p>\n","protected":false},"author":2,"featured_media":9020,"comment_status":"open","ping_status":"open","sticky":false,"template":"","format":"standard","meta":{"_et_pb_use_builder":"","_et_pb_old_content":"","_et_gb_content_width":"","footnotes":""},"categories":[41],"tags":[],"class_list":["post-8889","post","type-post","status-publish","format-standard","has-post-thumbnail","hentry","category-olsniewaj-makijazem","et-has-post-format-content","et_post_format-et-post-format-standard"],"_links":{"self":[{"href":"https:\/\/neness.pl\/blog\/wp-json\/wp\/v2\/posts\/8889","targetHints":{"allow":["GET"]}}],"collection":[{"href":"https:\/\/neness.pl\/blog\/wp-json\/wp\/v2\/posts"}],"about":[{"href":"https:\/\/neness.pl\/blog\/wp-json\/wp\/v2\/types\/post"}],"author":[{"embeddable":true,"href":"https:\/\/neness.pl\/blog\/wp-json\/wp\/v2\/users\/2"}],"replies":[{"embeddable":true,"href":"https:\/\/neness.pl\/blog\/wp-json\/wp\/v2\/comments?post=8889"}],"version-history":[{"count":1,"href":"https:\/\/neness.pl\/blog\/wp-json\/wp\/v2\/posts\/8889\/revisions"}],"predecessor-version":[{"id":9021,"href":"https:\/\/neness.pl\/blog\/wp-json\/wp\/v2\/posts\/8889\/revisions\/9021"}],"wp:featuredmedia":[{"embeddable":true,"href":"https:\/\/neness.pl\/blog\/wp-json\/wp\/v2\/media\/9020"}],"wp:attachment":[{"href":"https:\/\/neness.pl\/blog\/wp-json\/wp\/v2\/media?parent=8889"}],"wp:term":[{"taxonomy":"category","embeddable":true,"href":"https:\/\/neness.pl\/blog\/wp-json\/wp\/v2\/categories?post=8889"},{"taxonomy":"post_tag","embeddable":true,"href":"https:\/\/neness.pl\/blog\/wp-json\/wp\/v2\/tags?post=8889"}],"curies":[{"name":"wp","href":"https:\/\/api.w.org\/{rel}","templated":true}]}}