{"id":8877,"date":"2019-04-22T11:49:00","date_gmt":"2019-04-22T09:49:00","guid":{"rendered":"https:\/\/blog.neness.pl\/rada-eksperta-jak-nakladac-maseczke-na-twarz\/"},"modified":"2021-09-22T13:44:35","modified_gmt":"2021-09-22T11:44:35","slug":"rada-eksperta-jak-nakladac-maseczke-na-twarz","status":"publish","type":"post","link":"https:\/\/neness.pl\/blog\/rada-eksperta-jak-nakladac-maseczke-na-twarz\/","title":{"rendered":"Rada eksperta: jak nak\u0142ada\u0107 maseczk\u0119 na twarz?"},"content":{"rendered":"<p>Odpowiednia piel\u0119gnacja twarzy to podstawa, by m\u00f3c cieszy\u0107 si\u0119 zdrow\u0105 i pe\u0142n\u0105 blasku cer\u0105 ka\u017cdego dnia. Jednak wiele kobiet decyduje si\u0119 na stosowanie nie do\u015b\u0107 uwa\u017cnie dobranych kosmetyk\u00f3w. Kupujemy to, co jest modne i to, co widzimy w reklamach, nie zwracaj\u0105c uwagi na przeznaczenie tych produkt\u00f3w. To du\u017cy b\u0142\u0105d, gdy\u017c ka\u017cda z nas ma inny typ cery, w zwi\u0105zku z czym powinny\u015bmy wybiera\u0107 kosmetyki dedykowane naszej sk\u00f3rze. Je\u015bli chodzi o produkty piel\u0119gnacyjne, na Twojej p\u00f3\u0142ce z pewno\u015bci\u0105 musz\u0105 znale\u017a\u0107 si\u0119: tonik, p\u0142yn do demakija\u017cu, krem na dzie\u0144 i na noc oraz maseczki. Te ostatnie maj\u0105 zbawienny wp\u0142yw na nasz\u0105 sk\u00f3r\u0119 i s\u0105 zdecydowanym \u201cmust have\u201d ka\u017cdej kobiety!<\/p>\n<h2>Nak\u0142adanie maseczki krok po kroku<\/h2>\n<p>Przede wszystkim przed na\u0142o\u017ceniem maseczki &#8211; w p\u0142achcie, o kremowej konsystencji czy te\u017c peel-off &#8211; nale\u017cy bardzo starannie oczy\u015bci\u0107 sk\u00f3r\u0119 twarzy, by pozby\u0107 si\u0119 wszelkich zanieczyszcze\u0144 i pozosta\u0142o\u015bci po zastosowanych kosmetykach do makija\u017cu. W tym celu nale\u017cy wykona\u0107 peeling. Nast\u0119pnie warto rozpulchni\u0107 twarz, ogrzewaj\u0105c j\u0105 r\u0119cznikiem zmoczonym w ciep\u0142ej wodzie, dzi\u0119ki czemu pory sk\u00f3ry otworz\u0105 si\u0119, maseczka wniknie znacznie g\u0142\u0119biej, a jej dzia\u0142anie b\u0119dzie skuteczniejsze. W przypadku cery mieszanej zr\u00f3b dwie maseczki &#8211; nawil\u017caj\u0105c\u0105 na\u0142o\u017c na przesuszone miejsca, a drug\u0105 na przet\u0142uszczaj\u0105c\u0105 si\u0119 stref\u0119 T.<\/p>\n<p>Dla wzbogacenia dzia\u0142ania maseczki do twarzy, do jej konsystencji warto doda\u0107 kilka kropli ulubionego serum. To bardzo skoncentrowany kosmetyk, kt\u00f3ry dzia\u0142a szybko i dog\u0142\u0119bnie, dzi\u0119ki czemu ma zbawienny wp\u0142yw na nasz\u0105 sk\u00f3r\u0119. Ponadto zamiast zwyk\u0142ej wody mo\u017cesz rozrobi\u0107 maseczk\u0119 w proszku z hydrolatem, kt\u00f3ry ma nieocenione w\u0142a\u015bciwo\u015bci piel\u0119gnacyjne. Takim dzia\u0142aniem sprawisz, \u017ce kosmetyk zadzia\u0142a jeszcze lepiej.<\/p>\n<p>Maseczk\u0119 warto stosowa\u0107 nie tylko na ca\u0142\u0105 twarz, ale r\u00f3wnie\u017c na okolice pod oczami. Sk\u00f3ra w tych miejscach jest delikatna i wra\u017cliwa, przez co wymaga odpowiedniego nawil\u017cenia. W tym celu warto wybiera\u0107 maseczki z zawarto\u015bci\u0105 kwasu hialuronowego, ekstraktami ro\u015blinnymi i witaminami.<\/p>\n<p><img decoding=\"async\" class=\"blogimg\" title=\"Doll Face Czarna Maseczka Oczyszczaj\u0105ca Little Black Mask\" src=\"\/environment\/cache\/images\/500_500_productGfx_5fbd6432f47e9085491111607c1658f8.jpg\" alt=\"Maseczka do twarzy Doll Face Little B;ack Mask\"> <a class=\"blogcaption\" href=\"\/doll-face-czarna-maseczka-oczyszczajaca-little-black-mask\">Doll Face Czarna Maseczka Oczyszczaj\u0105ca Little Black Mask<\/a><\/p>\n<h2>O czym warto pami\u0119ta\u0107 podczas stosowania maseczki do twarzy?<\/h2>\n<p>Maseczki z zawarto\u015bci\u0105 glinki lubi\u0105 wysusza\u0107 sk\u00f3r\u0119. Dlatego zawsze trzymaj je na twarzy tak d\u0142ugo, jak informuje producent na etykiecie danego kosmetyku. Je\u015bli po \u015bci\u0105gni\u0119ciu maseczki na Twojej sk\u00f3rze pojawi\u0105 si\u0119 zaczerwienienia, by\u0107 mo\u017ce jest to wina zmywania jej zbyt gor\u0105c\u0105 wod\u0105. Zawsze stosuj letni\u0105 b\u0105d\u017a ciep\u0142\u0105, dzi\u0119ki czemu nie podra\u017cnisz cery.<\/p>\n<p>Kolejnym aspektem, na kt\u00f3ry warto zwr\u00f3ci\u0107 uwag\u0119 podczas stosowania maseczki do twarzy, jest odpowiednia pora. Wykonuj ten zabieg piel\u0119gnacyjny popo\u0142udniu lub wieczorem, gdy Twoja sk\u00f3ra rozpoczyna sw\u00f3j naturalny proces regeneracji po ca\u0142ym dniu. Nigdy nie zapominaj o szyi, kt\u00f3ra r\u00f3wnie\u017c powinna zosta\u0107 poddawana zabegom piel\u0119gnacyjnym. Pami\u0119taj, \u017ce pierwsze oznaki starzenia pojawiaj\u0105 si\u0119 w\u0142a\u015bnie na szyi i dekolcie.<\/p>\n<h2>Rytua\u0142 po maseczce<\/h2>\n<p>Po ka\u017cdej maseczce nale\u017cy zastosowa\u0107 tonik. Ten rodzaj kosmetyku przyniesie ukojenie i przywr\u00f3ci w\u0142a\u015bciwe pH sk\u00f3ry, a dodatkowo zmyje resztki maseczki z twarzy. Po przetarciu cery wacikiem nas\u0105czonym tonikiem koniecznie na\u0142\u00f3\u017c na ni\u0105 grubsz\u0105 warstw\u0119 kremu &#8211; szczeg\u00f3lnie w przypadku stosowania maseczki dog\u0142\u0119bnie oczyszczaj\u0105cej. Je\u015bli jednak wybra\u0142a\u015b kosmetyk o w\u0142a\u015bciwo\u015bciach nawil\u017caj\u0105cych lub od\u017cywiaj\u0105cych, mo\u017cesz pomin\u0105\u0107 ten krok. Ta sama sytuacja dotyczy maseczek w p\u0142achcie, kt\u00f3re w swoim sk\u0142adzie zawieraj\u0105 kwas hialuronowy, witaminy i ekstrakty ro\u015blinne. Po \u015bci\u0105gni\u0119ciu p\u0142achty pozostawmy resztki esencji do samoistnego wch\u0142oni\u0119cia.<\/p>\n<p><img decoding=\"async\" class=\"blogimg\" title=\"Holika Holika Maseczka Aloe Slice Multi Patch Smoothing Gel\" src=\"\/environment\/cache\/images\/500_500_productGfx_10a136996f3faa668bcbbe7a7450771c.jpg\" alt=\"Maseczka do twarzy Holika Holika Aloe Slice Multi Patch Smoothing Gel\"> <a class=\"blogcaption\" href=\"\/holika-holika-maseczka-aloe-slice-multi-patch-smoothing-gel\">Holika Holika Maseczka Aloe Slice Multi Patch Smoothing Gel<\/a><\/p>\n","protected":false},"excerpt":{"rendered":"<p>Odpowiednia piel\u0119gnacja twarzy to podstawa, by m\u00f3c cieszy\u0107 si\u0119 zdrow\u0105 i pe\u0142n\u0105 blasku cer\u0105 ka\u017cdego dnia. Jednak wiele kobiet decyduje si\u0119 na stosowanie nie do\u015b\u0107 uwa\u017cnie dobranych kosmetyk\u00f3w. Kupujemy to, co jest modne i to, co widzimy w reklamach, nie zwracaj\u0105c uwagi na przeznaczenie tych produkt\u00f3w. To du\u017cy b\u0142\u0105d, gdy\u017c ka\u017cda z nas ma inny [&hellip;]<\/p>\n","protected":false},"author":2,"featured_media":8999,"comment_status":"open","ping_status":"open","sticky":false,"template":"","format":"standard","meta":{"_et_pb_use_builder":"","_et_pb_old_content":"","_et_gb_content_width":"","footnotes":""},"categories":[19],"tags":[],"class_list":["post-8877","post","type-post","status-publish","format-standard","has-post-thumbnail","hentry","category-zachwycaj-zapachem","et-has-post-format-content","et_post_format-et-post-format-standard"],"_links":{"self":[{"href":"https:\/\/neness.pl\/blog\/wp-json\/wp\/v2\/posts\/8877","targetHints":{"allow":["GET"]}}],"collection":[{"href":"https:\/\/neness.pl\/blog\/wp-json\/wp\/v2\/posts"}],"about":[{"href":"https:\/\/neness.pl\/blog\/wp-json\/wp\/v2\/types\/post"}],"author":[{"embeddable":true,"href":"https:\/\/neness.pl\/blog\/wp-json\/wp\/v2\/users\/2"}],"replies":[{"embeddable":true,"href":"https:\/\/neness.pl\/blog\/wp-json\/wp\/v2\/comments?post=8877"}],"version-history":[{"count":1,"href":"https:\/\/neness.pl\/blog\/wp-json\/wp\/v2\/posts\/8877\/revisions"}],"predecessor-version":[{"id":9000,"href":"https:\/\/neness.pl\/blog\/wp-json\/wp\/v2\/posts\/8877\/revisions\/9000"}],"wp:featuredmedia":[{"embeddable":true,"href":"https:\/\/neness.pl\/blog\/wp-json\/wp\/v2\/media\/8999"}],"wp:attachment":[{"href":"https:\/\/neness.pl\/blog\/wp-json\/wp\/v2\/media?parent=8877"}],"wp:term":[{"taxonomy":"category","embeddable":true,"href":"https:\/\/neness.pl\/blog\/wp-json\/wp\/v2\/categories?post=8877"},{"taxonomy":"post_tag","embeddable":true,"href":"https:\/\/neness.pl\/blog\/wp-json\/wp\/v2\/tags?post=8877"}],"curies":[{"name":"wp","href":"https:\/\/api.w.org\/{rel}","templated":true}]}}