{"id":8876,"date":"2019-04-17T11:49:00","date_gmt":"2019-04-17T09:49:00","guid":{"rendered":"https:\/\/blog.neness.pl\/wyjasniamy-kiedy-najlepiej-zrobic-maseczke-na-twarz\/"},"modified":"2021-09-22T13:23:21","modified_gmt":"2021-09-22T11:23:21","slug":"wyjasniamy-kiedy-najlepiej-zrobic-maseczke-na-twarz","status":"publish","type":"post","link":"https:\/\/neness.pl\/blog\/wyjasniamy-kiedy-najlepiej-zrobic-maseczke-na-twarz\/","title":{"rendered":"Wyja\u015bniamy: kiedy najlepiej zrobi\u0107 maseczk\u0119 na twarz?"},"content":{"rendered":"<p>Zwykle najwi\u0119cej czasu po\u015bwi\u0119camy na piel\u0119gnacj\u0119 cery wieczorem, po ca\u0142ym dniu. Wtedy te\u017c stosujemy maseczki, by przed snem ukoi\u0107 sk\u00f3r\u0119 swojej twarzy i poczu\u0107 si\u0119 jak w SPA. Jednak pora ich nak\u0142adania powinna by\u0107 uzale\u017cniona od rodzaju i przeznaczenia kosmetyku. Dowiedz si\u0119, kiedy najlepiej zrobi\u0107 maseczk\u0119 na twarz!<\/p>\n<p>Wieczorna piel\u0119gnacja cz\u0119sto jest przed\u0142u\u017ceniem relaksuj\u0105cej k\u0105pieli. Nak\u0142adamy maseczk\u0119 i wskakujemy do wanny, delektuj\u0105c si\u0119 woln\u0105 chwil\u0105 pe\u0142n\u0105 odpr\u0119\u017cenia po ci\u0119\u017ckim dniu. To bardzo dobre rozwi\u0105zanie, jednak nie w przypadku wszystkich maseczek do twarzy. Dla niekt\u00f3rych z nich warto zarezerwowa\u0107 sobie par\u0119 minut z samego rana, by cera przez ca\u0142y dzie\u0144 prezentowa\u0142a si\u0119 doskonale. Ju\u017c dzi\u015b odkryj maseczki do stosowania rano i wieczorem, dzi\u0119ki czemu podarujesz swojej sk\u00f3rze wszystko to, co najlepsze o danej porze dnia.<\/p>\n<h2>Kt\u00f3re maseczki najlepiej stosowa\u0107 rano?<\/h2>\n<p>Zaraz po wstaniu z \u0142\u00f3\u017cka, jeszcze przed wykonaniem makija\u017cu, warto si\u0119ga\u0107 tylko po sprawdzone maseczki. Na eksperymentowanie przyjdzie czas wieczorem. Pewnie wiele z Was zastanawia si\u0119, sk\u0105d ta rozbie\u017cno\u015b\u0107 i dlaczego to tak istotne. Ot\u00f3\u017c nowe kosmetyki, z kt\u00f3rymi nie mia\u0142y\u015bmy wcze\u015bniej styczno\u015bci, mog\u0105 powodowa\u0107 podra\u017cnienia, alergie, a nawet wywo\u0142ywa\u0107 stany zapalne, co wygl\u0105da nie tylko nieestetycznie, lecz mo\u017ce by\u0107 tak\u017ce bardzo nieprzyjemne. Z tego wzgl\u0119du lepiej nie nara\u017ca\u0107 si\u0119 na ten stan przed wyj\u015bciem z domu.<\/p>\n<p>Rano warto stosowa\u0107 maseczki oczyszczaj\u0105ce, kt\u00f3re reguluj\u0105 wydzielanie sebum, a tak\u017ce zmniejszaj\u0105 widoczno\u015b\u0107 por\u00f3w i lekko nawil\u017caj\u0105 &#8211; to idealny wyb\u00f3r pod makija\u017c. Ponadto warto si\u0119ga\u0107 po wersje z niekt\u00f3rymi glinkami i w\u0119glem aktywnym w sk\u0142adzie, gdy\u017c takie maseczki maj\u0105 dzia\u0142anie \u0142agodz\u0105ce i matuj\u0105ce, co znacznie zmniejszy \u015bwiecenie si\u0119 sk\u00f3ry podczas dnia i zminimalizuje konieczno\u015b\u0107 u\u017cycia pudru.<\/p>\n<p>Poranek to r\u00f3wnie\u017c doskona\u0142y czas na zrobienie maseczki nawil\u017caj\u0105cej o \u017celowej konsystencji, kt\u00f3ra pozytywnie wp\u0142ynie na nasze samopoczucie. Sprawi \u017ce makija\u017c b\u0119dzie si\u0119 du\u017co lepiej prezentowa\u0142, a my b\u0119dziemy czu\u0142y si\u0119 jak nowo narodzone.<\/p>\n<p><img decoding=\"async\" class=\"blogimg\" title=\"Doll Face Mineralna Maska G\u0142\u0119boko Oczyszczaj\u0105ca i Zw\u0119\u017caj\u0105ca Pory Purify Pore Perfecting Mineral Mask\" src=\"\/environment\/cache\/images\/500_500_productGfx_d2fe1280724e9ec99fea14a87020e88e.jpg\" alt=\"Maseczka do twarzy Doll Face Purify Pore Perfecting Mineral Mask\"> <a class=\"blogcaption\" href=\"\/doll-face-mineralna-maska-gleboko-oczyszczajaca-i-zwezajaca-pory-purify-pore-perfecting-mineral-mask\">Doll Face Mineralna Maska G\u0142\u0119boko Oczyszczaj\u0105ca i Zw\u0119\u017caj\u0105ca Pory Purify Pore Perfecting Mineral Mask<\/a><\/p>\n<h2>Maseczki idealne na wiecz\u00f3r<\/h2>\n<p>Wiecz\u00f3r to idealny czas na relaks i pe\u0142ne odpr\u0119\u017cenie zar\u00f3wno dla cia\u0142a, jak i zmys\u0142\u00f3w. Dlatego podczas wieczornej rutyny piel\u0119gnacyjnej koniecznie si\u0119gnij po maseczk\u0119 okre\u015blan\u0105 mianem \u201csleeping mask\u201d. Wersje te maj\u0105 bardzo bogaty sk\u0142ad i ci\u0119\u017csz\u0105 konsystencj\u0119, przez co zupe\u0142nie nie sprawdz\u0105 si\u0119 rano. Jednym z lepszych wybor\u00f3w na wiecz\u00f3r s\u0105 maski w p\u0142achcie nas\u0105czone emulsj\u0105, w kt\u00f3rej sk\u0142adzie znajduj\u0105 si\u0119 drogocenne sk\u0142adniki odpr\u0119\u017caj\u0105ce sk\u00f3r\u0119 po ca\u0142ym dniu. Po usuni\u0119ciu p\u0142achty pozostaw pozosta\u0142\u0105 emulsj\u0119 do ca\u0142kowitego wch\u0142oni\u0119cia, wklepuj\u0105c j\u0105 delikatnie w sk\u00f3r\u0119 opuszkami palc\u00f3w.<\/p>\n<p>Przed snem doskonale sprawdzaj\u0105 si\u0119 r\u00f3wnie\u017c maseczki typu peel-off, kt\u00f3re dog\u0142\u0119bnie oczyszczaj\u0105 sk\u00f3r\u0119. Mog\u0105 zawiera\u0107 w swoim sk\u0142adzie alkohol winylowy wysuszaj\u0105cy i podra\u017cniaj\u0105cy sk\u00f3r\u0119, przez co nie s\u0105 wskazane do stosowania rano.<\/p>\n<p>Pami\u0119taj, \u017ce zawsze jest odpowiedni czas na po\u015bwi\u0119cenie chwili piel\u0119gnacji, kt\u00f3ra zachowa m\u0142odo\u015b\u0107 naszej sk\u00f3ry na d\u0142u\u017cej. Warto dba\u0107 o swoj\u0105 cer\u0119 ka\u017cdego dnia, by odwdzi\u0119czy\u0142a si\u0119 zdrowym i promiennym wygl\u0105dem. Wszystko to sprawi, \u017ce b\u0119dziemy czu\u0107 si\u0119 atrakcyjne i pewne siebie, dlatego nie zwlekaj d\u0142u\u017cej, tylko ju\u017c dzi\u015b si\u0119gnij po komplet maseczek do stosowania na dzie\u0144 i na noc &#8211; podaruj swojej sk\u00f3rze to, co najlepsze! Znajd\u017a produkty stworzone z my\u015bl\u0105 o Twoim typie cery i zauwa\u017c r\u00f3\u017cnic\u0119. Regularna piel\u0119gnacja odpowiednimi kosmetykami z pewno\u015bci\u0105 szybko pozwoli Ci zauwa\u017cy\u0107 efekty.<\/p>\n<p><img decoding=\"async\" class=\"blogimg\" title=\"Dr. Konopka's Regeneruj\u0105ca Maska do Twarzy 75ml\" src=\"\/environment\/cache\/images\/500_500_productGfx_d32fc6ff6dd8113ebed548e65471b4e0.jpg\" alt=\"Maseczka do twarzy regeneruj\u0105ca Dr. Konopka's\"> <a class=\"blogcaption\" href=\"\/pl\/p\/Dr.-Konopkas-Regenerujaca-Maska-do-Twarzy-75ml\/5458\">Dr. Konopka&#8217;s Regeneruj\u0105ca Maska do Twarzy 75ml<\/a><\/p>\n","protected":false},"excerpt":{"rendered":"<p>Zwykle najwi\u0119cej czasu po\u015bwi\u0119camy na piel\u0119gnacj\u0119 cery wieczorem, po ca\u0142ym dniu. Wtedy te\u017c stosujemy maseczki, by przed snem ukoi\u0107 sk\u00f3r\u0119 swojej twarzy i poczu\u0107 si\u0119 jak w SPA. Jednak pora ich nak\u0142adania powinna by\u0107 uzale\u017cniona od rodzaju i przeznaczenia kosmetyku. Dowiedz si\u0119, kiedy najlepiej zrobi\u0107 maseczk\u0119 na twarz! Wieczorna piel\u0119gnacja cz\u0119sto jest przed\u0142u\u017ceniem relaksuj\u0105cej k\u0105pieli. [&hellip;]<\/p>\n","protected":false},"author":2,"featured_media":8997,"comment_status":"open","ping_status":"open","sticky":false,"template":"","format":"standard","meta":{"_et_pb_use_builder":"","_et_pb_old_content":"","_et_gb_content_width":"","footnotes":""},"categories":[185],"tags":[],"class_list":["post-8876","post","type-post","status-publish","format-standard","has-post-thumbnail","hentry","category-codzienna-pielegnacja","et-has-post-format-content","et_post_format-et-post-format-standard"],"_links":{"self":[{"href":"https:\/\/neness.pl\/blog\/wp-json\/wp\/v2\/posts\/8876","targetHints":{"allow":["GET"]}}],"collection":[{"href":"https:\/\/neness.pl\/blog\/wp-json\/wp\/v2\/posts"}],"about":[{"href":"https:\/\/neness.pl\/blog\/wp-json\/wp\/v2\/types\/post"}],"author":[{"embeddable":true,"href":"https:\/\/neness.pl\/blog\/wp-json\/wp\/v2\/users\/2"}],"replies":[{"embeddable":true,"href":"https:\/\/neness.pl\/blog\/wp-json\/wp\/v2\/comments?post=8876"}],"version-history":[{"count":1,"href":"https:\/\/neness.pl\/blog\/wp-json\/wp\/v2\/posts\/8876\/revisions"}],"predecessor-version":[{"id":8998,"href":"https:\/\/neness.pl\/blog\/wp-json\/wp\/v2\/posts\/8876\/revisions\/8998"}],"wp:featuredmedia":[{"embeddable":true,"href":"https:\/\/neness.pl\/blog\/wp-json\/wp\/v2\/media\/8997"}],"wp:attachment":[{"href":"https:\/\/neness.pl\/blog\/wp-json\/wp\/v2\/media?parent=8876"}],"wp:term":[{"taxonomy":"category","embeddable":true,"href":"https:\/\/neness.pl\/blog\/wp-json\/wp\/v2\/categories?post=8876"},{"taxonomy":"post_tag","embeddable":true,"href":"https:\/\/neness.pl\/blog\/wp-json\/wp\/v2\/tags?post=8876"}],"curies":[{"name":"wp","href":"https:\/\/api.w.org\/{rel}","templated":true}]}}