{"id":8875,"date":"2019-04-17T11:49:00","date_gmt":"2019-04-17T09:49:00","guid":{"rendered":"https:\/\/blog.neness.pl\/sprawdz-jak-stosowac-maseczki-do-twarzy-zeby-lepiej-dzialaly\/"},"modified":"2021-09-22T13:22:24","modified_gmt":"2021-09-22T11:22:24","slug":"sprawdz-jak-stosowac-maseczki-do-twarzy-zeby-lepiej-dzialaly","status":"publish","type":"post","link":"https:\/\/neness.pl\/blog\/sprawdz-jak-stosowac-maseczki-do-twarzy-zeby-lepiej-dzialaly\/","title":{"rendered":"Sprawd\u017a jak stosowa\u0107 maseczki do twarzy, \u017ceby lepiej dzia\u0142a\u0142y?"},"content":{"rendered":"<p>Maseczki maj\u0105 zbawienny wp\u0142yw na sk\u00f3r\u0119 twarzy. Ich szeroki wyb\u00f3r pozwala na dobranie odpowiedniej piel\u0119gnacji, kt\u00f3ra w efekcie pozostawi cer\u0119 pe\u0142n\u0105 blasku. Mog\u0142oby si\u0119 wydawa\u0107, \u017ce stosowanie maseczki to \u017cadna filozofia. Jednak warto zatrzyma\u0107 si\u0119 tutaj na chwil\u0119 i odkry\u0107 odpowiedni spos\u00f3b korzystania z tego rodzaju kosmetyku, by jego dzia\u0142anie okaza\u0142o si\u0119 najlepsze i najskuteczniejsze.<\/p>\n<p>Ka\u017cda kobieta powinna po\u015bwi\u0119ci\u0107 par\u0119 chwil w ci\u0105gu dnia na zadbanie o swoj\u0105 sk\u00f3r\u0119. To w\u0142a\u015bnie od niej w du\u017cej mierze zale\u017cy kondycja naszej cery. W codziennej rutynie piel\u0119gnacyjnej stosowanej przez ka\u017cd\u0105 z nas powinny znale\u017a\u0107 si\u0119 przede wszystkim: peeling, p\u0142yn do demakija\u017cu, tonik, krem, a tak\u017ce r\u00f3\u017cnego rodzaju maseczki.<\/p>\n<h2>Jak czerpa\u0107 najwi\u0119ksze korzy\u015bci ze stosowania maseczki do twarzy?<\/h2>\n<p>Przed zastosowaniem ka\u017cdej maseczki do twarzy warto pozna\u0107 poszczeg\u00f3lne etapy, kt\u00f3rymi nale\u017cy si\u0119 kierowa\u0107, by jej dzia\u0142anie by\u0142o jak najbardziej kompleksowe i mia\u0142o zbawienny wp\u0142yw na nasz\u0105 sk\u00f3r\u0119. Po pierwsze &#8211; wiecz\u00f3r rozpocznij od dok\u0142adnego oczyszczenia twarzy. W tym celu zastosuj peeling, kt\u00f3ry starannie usunie pozosta\u0142o\u015bci po kosmetykach u\u017cytych do wykonania makija\u017cu, a tak\u017ce inne zanieczyszczenia. Mog\u0142oby si\u0119 wydawa\u0107, \u017ce ten krok mo\u017cna pomin\u0105\u0107 rano, gdy wstajemy z \u0142\u00f3\u017cka, a na naszej twarzy nie ma \u015bladu make upu. Nic bardziej mylnego! Sk\u00f3ra w ci\u0105gu nocy r\u00f3wnie\u017c wydziela sebum, a tak\u017ce zbiera zanieczyszczenia, przez co etap dog\u0142\u0119bnego oczyszczenia jest konieczny zar\u00f3wno rano, jak i wieczorem.<\/p>\n<p>Nast\u0119pnym krokiem jest otworzenie por\u00f3w. Jak to zrobi\u0107? Jedn\u0105 z najskuteczniejszych, najprostszych, a zarazem najszybszych metod jest zwil\u017cenie czystego i delikatnego r\u0119cznika ciep\u0142\u0105, ale nie gor\u0105c\u0105 wod\u0105. Nast\u0119pnie nale\u017cy odcisn\u0105\u0107 jej nadmiar, by r\u0119cznik by\u0142 lekko wilgotny i przy\u0142o\u017cy\u0107 do sk\u00f3ry na par\u0119 chwil. Wykonanie tej czynno\u015bci doskonale wp\u0142ywa na kompleksowe dzia\u0142anie ka\u017cdego rodzaju maseczki.<\/p>\n<p><img decoding=\"async\" class=\"blogimg\" title=\"Holika Holika Maseczka Juicy Blueberry Maska Bor\u00f3wkowa\" src=\"\/environment\/cache\/images\/500_500_productGfx_4c48d96d892267c5c6b5ddb81636f560.jpg\" alt=\"Maseczka Holika Holika Juicy Blueberry\"> <a class=\"blogcaption\" href=\"\/holika-holika-maseczka-juicy-blueberry-maska-borowkowa\">Holika Holika Maseczka Juicy Blueberry Maska Bor\u00f3wkowa<\/a><\/p>\n<h2>Wybierz odpowiedni rodzaj maseczki do typu swojej cery<\/h2>\n<p>Ka\u017cda sk\u00f3ra jest inna. Niekt\u00f3re kobiety s\u0105 w\u0142a\u015bcicielkami cery suchej i wra\u017cliwej, inne mieszanej, a jeszcze inne t\u0142ustej i tr\u0105dzikowej. Maseczka powinna by\u0107 dobierana do rodzaju sk\u00f3ry, by ta wp\u0142yn\u0119\u0142a pozytywnie na jej kondycj\u0119. W innym przypadku mo\u017ce niestety pogorszy\u0107 jej stan i wywo\u0142a\u0107 reakcje alergiczne, podra\u017cnienia, a nawet ropne zapalenia.<\/p>\n<p>W przypadku cery suchej najlepiej sprawdz\u0105 si\u0119 maseczki do twarzy z serii nawil\u017caj\u0105cej. Sk\u00f3ra zostanie odpowiednio nawodniona, a suche okolice odejd\u0105 w zapomnienie, podobnie jak uczucie \u015bci\u0105gni\u0119cia. Do sk\u00f3ry t\u0142ustej zosta\u0142y przeznaczone maseczki do twarzy, kt\u00f3re hamuj\u0105 nadmierne wydzielanie sebum i pozostawiaj\u0105 cer\u0119 matow\u0105 przez wiele godzin.<\/p>\n<p>Cera mieszana ma zupe\u0142nie inne wymagania. Tutaj najlepiej stosowa\u0107 \u0142\u0105czone maseczki do twarzy. Na okolice przet\u0142uszczaj\u0105ce si\u0119, czyli najcz\u0119\u015bciej na tak zwan\u0105 stref\u0119 \u201cT\u201d, warto zastosowa\u0107 maseczki oczyszczaj\u0105ce i matuj\u0105ce. Natomiast na miejsca przesuszone, g\u0142\u00f3wnie na policzkach, nale\u017cy si\u0119gn\u0105\u0107 po wersje mocno nawil\u017caj\u0105ce. Takie kombinacje przynios\u0105 wiele korzy\u015bci.<\/p>\n<h2>Jakie kosmetyki stosowa\u0107 po maseczce do twarzy?<\/h2>\n<p>Piel\u0119gnacja nie ko\u0144czy si\u0119 na stosowaniu maseczki. Po jej zmyciu wod\u0105 lub hydrolatem nale\u017cy przej\u015b\u0107 do dalszych piel\u0119gnacji, np. do zastosowania serum. Jest to niezwykle mocno skoncentrowany kosmetyk stanowi\u0105cy bomb\u0119 witaminow\u0105 dla naszej sk\u00f3ry. Po jego wch\u0142oni\u0119ciu nale\u017cy u\u017cy\u0107 ulubionego kremu, kt\u00f3ry idealnie zwie\u0144czy wykonane zabiegi piel\u0119gnacyjne. Dobierz kosmetyki odpowiednie do swojej cery i ciesz si\u0119 pi\u0119kn\u0105 sk\u00f3r\u0105 ka\u017cdego dnia.<\/p>\n<p><img decoding=\"async\" class=\"blogimg\" title=\"Holika Holika Pure Essence Maska Awokado Mask Sheet Avocado\" src=\"\/environment\/cache\/images\/500_500_productGfx_78c0d890c97528ad2fd69dc0725bcf64.jpg\" alt=\"Maseczka do twarzy Holika Holika Pure Essence\"> <a class=\"blogcaption\" href=\"\/holika-holika-pure-essence-maska-awokado-mask-sheet-avocado\">Holika Holika Pure Essence Maska Awokado Mask Sheet Avocado<\/a><\/p>\n","protected":false},"excerpt":{"rendered":"<p>Maseczki maj\u0105 zbawienny wp\u0142yw na sk\u00f3r\u0119 twarzy. Ich szeroki wyb\u00f3r pozwala na dobranie odpowiedniej piel\u0119gnacji, kt\u00f3ra w efekcie pozostawi cer\u0119 pe\u0142n\u0105 blasku. Mog\u0142oby si\u0119 wydawa\u0107, \u017ce stosowanie maseczki to \u017cadna filozofia. Jednak warto zatrzyma\u0107 si\u0119 tutaj na chwil\u0119 i odkry\u0107 odpowiedni spos\u00f3b korzystania z tego rodzaju kosmetyku, by jego dzia\u0142anie okaza\u0142o si\u0119 najlepsze i najskuteczniejsze. [&hellip;]<\/p>\n","protected":false},"author":2,"featured_media":8995,"comment_status":"open","ping_status":"open","sticky":false,"template":"","format":"standard","meta":{"_et_pb_use_builder":"","_et_pb_old_content":"","_et_gb_content_width":"","footnotes":""},"categories":[185],"tags":[],"class_list":["post-8875","post","type-post","status-publish","format-standard","has-post-thumbnail","hentry","category-codzienna-pielegnacja","et-has-post-format-content","et_post_format-et-post-format-standard"],"_links":{"self":[{"href":"https:\/\/neness.pl\/blog\/wp-json\/wp\/v2\/posts\/8875","targetHints":{"allow":["GET"]}}],"collection":[{"href":"https:\/\/neness.pl\/blog\/wp-json\/wp\/v2\/posts"}],"about":[{"href":"https:\/\/neness.pl\/blog\/wp-json\/wp\/v2\/types\/post"}],"author":[{"embeddable":true,"href":"https:\/\/neness.pl\/blog\/wp-json\/wp\/v2\/users\/2"}],"replies":[{"embeddable":true,"href":"https:\/\/neness.pl\/blog\/wp-json\/wp\/v2\/comments?post=8875"}],"version-history":[{"count":1,"href":"https:\/\/neness.pl\/blog\/wp-json\/wp\/v2\/posts\/8875\/revisions"}],"predecessor-version":[{"id":8996,"href":"https:\/\/neness.pl\/blog\/wp-json\/wp\/v2\/posts\/8875\/revisions\/8996"}],"wp:featuredmedia":[{"embeddable":true,"href":"https:\/\/neness.pl\/blog\/wp-json\/wp\/v2\/media\/8995"}],"wp:attachment":[{"href":"https:\/\/neness.pl\/blog\/wp-json\/wp\/v2\/media?parent=8875"}],"wp:term":[{"taxonomy":"category","embeddable":true,"href":"https:\/\/neness.pl\/blog\/wp-json\/wp\/v2\/categories?post=8875"},{"taxonomy":"post_tag","embeddable":true,"href":"https:\/\/neness.pl\/blog\/wp-json\/wp\/v2\/tags?post=8875"}],"curies":[{"name":"wp","href":"https:\/\/api.w.org\/{rel}","templated":true}]}}