{"id":8872,"date":"2019-04-16T11:49:00","date_gmt":"2019-04-16T09:49:00","guid":{"rendered":"https:\/\/blog.neness.pl\/czym-kierowac-sie-przy-wyborze-pudru-do-twarzy-i-jak-go-uzywac\/"},"modified":"2021-09-22T13:19:49","modified_gmt":"2021-09-22T11:19:49","slug":"czym-kierowac-sie-przy-wyborze-pudru-do-twarzy-i-jak-go-uzywac","status":"publish","type":"post","link":"https:\/\/neness.pl\/blog\/czym-kierowac-sie-przy-wyborze-pudru-do-twarzy-i-jak-go-uzywac\/","title":{"rendered":"Czym kierowa\u0107 si\u0119 przy wyborze pudru do twarzy i jak go u\u017cywa\u0107?"},"content":{"rendered":"<p>Na sklepowych p\u00f3\u0142kach mo\u017cna dostrzec wiele pudr\u00f3w do twarzy r\u00f3\u017cni\u0105cych si\u0119 typem, kolorem, cen\u0105 i jako\u015bci\u0105. Jak zatem dobra\u0107 puder by dodawa\u0142 uroku i w pe\u0142ni spe\u0142nia\u0142 swoj\u0105 funkcj\u0119? Czym go nak\u0142ada\u0107? Czy lepiej wybra\u0107 <strong>puder sypki czy w kamieniu<\/strong>? Na te i wiele innych pyta\u0144 odpowiemy w poni\u017cszym artykule. Jeste\u015bmy przekonani, \u017ce podczas zakup\u00f3w z \u0142atwo\u015bci\u0105 wybierzesz idealny puder.<\/p>\n<h2>Czego oczekujesz od pudru?<\/h2>\n<p><strong>Jaki wybra\u0107 puder<\/strong>? Na to pytanie musisz odpowiedzie\u0107 sobie, jakie s\u0105 Twoje oczekiwania, potrzeby sk\u00f3ry, sentyment do danej marki makija\u017cowej oraz przeznaczony bud\u017cet. Zastan\u00f3w si\u0119 przez chwil\u0119, czy Twoja cera potrzebuje zmatowienia, wyg\u0142adzenia czy zakrycia niedoskona\u0142o\u015bci. B\u0119dzie to punkt wyj\u015bcia do dalszych rozwa\u017ca\u0144. B\u0119d\u0105c na zakupach, warto zapozna\u0107 si\u0119 z etykiet\u0105 poszczeg\u00f3lnych produkt\u00f3w. Mo\u017cesz r\u00f3wnie\u017c dokona\u0107 wcze\u015bniejszego rozpoznania rynku. \u015awietnym pomys\u0142em b\u0119d\u0105 sprawdzenie rankingu najlepszych pudr\u00f3w w danym roku.<\/p>\n<h2>R\u00f3\u017cnice mi\u0119dzy pudrem sypkim a w kamieniu i korzy\u015bci p\u0142yn\u0105ce z jego stosowania<\/h2>\n<p><strong>Puder sypki<\/strong> to najcz\u0119\u015bciej stosowana forma utrwalenia makija\u017cu. Nale\u017cy na\u0142o\u017cy\u0107 go na twarz przy pomocy p\u0119dzelka i delikatnie rozprowadzi\u0107. <strong>Prasowany puder<\/strong>, czyli ten w formie kamienia bardzo cz\u0119sto wykorzystywany jest do poprawienia makija\u017cu w ci\u0105gu dnia. Najcz\u0119\u015bciej sprzedawany jest z lusterkiem, kt\u00f3re u\u0142atwia nanoszenie poprawek.<\/p>\n<p>Korzystanie z pudru zar\u00f3wno tego sypkiego, jak i prasowanego niesie za sob\u0105 wiele korzy\u015bci. Po pierwsze jest to \u015bwietny spos\u00f3b na ukrycie niedoskona\u0142o\u015bci, wyg\u0142adzenie sk\u00f3ry i ochrony jej przed szkodliwym dzia\u0142aniem promieni s\u0142onecznych. Puder jest tak\u017ce \u015bwietn\u0105 baz\u0105 pod kosmetyki. Je\u015bli na\u0142o\u017cysz go na powieki znacznie zwi\u0119kszysz trwa\u0142o\u015b\u0107 i przyczepno\u015b\u0107 cieni do powiek. W to samo mo\u017cesz robi\u0107 ze szmink\u0105. Puder mo\u017ce by\u0107 r\u00f3wnie\u017c samodzielnym produktem. Wi\u0119kszo\u015b\u0107 kobiet korzysta z pudru bez podk\u0142adu latem w celu uzyskania subtelnego wyko\u0144czenia makija\u017cu bez obci\u0105\u017cania sk\u00f3ry.<\/p>\n<p><img decoding=\"async\" class=\"blogimg\" title=\"Dermacol Mattifying Powder Shell Matuj\u0105cy Puder do Cery Problematycznej\" src=\"\/environment\/cache\/images\/500_500_productGfx_2902b21a6be8f2b7d4cd77c4935efaab.jpg\" alt=\"Puder Dermacol Mattifying Powder Shell\"> <a class=\"blogcaption\" href=\"\/dermacol-mattifying-powder-shell-matujacy-puder-do-cery-problematycznej\">Dermacol Mattifying Powder Shell Matuj\u0105cy Puder do Cery Problematycznej<\/a><\/p>\n<h2>Na jakiej podstawie mo\u017cna wybra\u0107 puder?<\/h2>\n<p>Opr\u00f3cz pudr\u00f3w w kamieniu czy sypkich<strong>, <\/strong>mo\u017cemy r\u00f3wnie\u017c rozr\u00f3\u017cni\u0107 pudry transparentne i kolorowe. <strong>Co to jest puder transparentny<\/strong>? Jest to produkt daj\u0105cy prze\u017aroczyste efekty, tym samym jest to idealny produkt do utrwalenia makija\u017cu i zmatowienia sk\u00f3ry. Najcz\u0119\u015bciej wyst\u0119puje ona w kolorze bia\u0142ym. Kolorowe pudry wymagaj\u0105 dobrego doboru zar\u00f3wno w\u0142a\u015bciwo\u015bci, jak i jego koloru. Nak\u0142adanie pudru w przypadku kolorowego produkty wymaga precyzji i uwagi, tak by nie uzyska\u0107 efektu maski lub ciastka na twarzy.<\/p>\n<p>Wyb\u00f3r pudru warto r\u00f3wnie\u017c rozwa\u017cy\u0107 pod k\u0105tem oczekiwanego efektu i specyficznych potrzeb cery. Puder bogaty w sk\u0142adniki aktywne, szczeg\u00f3lnie te nawil\u017caj\u0105ce b\u0119dzie idealnym rozwi\u0105zaniem dla pa\u0144 z such\u0105 sk\u00f3r\u0105. Je\u015bli jednak Twoja cera jest mieszana lub t\u0142usta, si\u0119gnij np. po WIBO puder bambusowy, kt\u00f3ry reguluje prac\u0119 gruczo\u0142\u00f3w \u0142ojowych, stapia si\u0119 z cer\u0105 oraz przed\u0142u\u017ca dzia\u0142anie fluidu.<\/p>\n<p>Jak widzisz zakup pudru niejednokrotnie jest nie lada wyzwaniem. Warto pod uwag\u0119 wzi\u0105\u0107 jak najwi\u0119cej aspekt\u00f3w, dzi\u0119ki czemu wybrany produkt stanie si\u0119 ulubionym kosmetykiem, bez kt\u00f3rego nie b\u0119dziesz mog\u0142a si\u0119 obej\u015b\u0107. Podsumowuj\u0105c, w pierwszej kolejno\u015bci rozwa\u017c form\u0119 pudru, czy bardziej odpowiada Ci prasowany, czy sypki. Nast\u0119pnie zastan\u00f3w si\u0119, czy oczekujesz jedynie doskona\u0142ego wyko\u0144czenia, czy zale\u017cy Ci r\u00f3wnie\u017c na nadaniu cerze okre\u015blonego koloru. Ostatni\u0105 kwesti\u0105, ale niekoniecznie bran\u0105 pod uwag\u0119 na ko\u0144cu, jest przywo\u0142any wcze\u015bniej aspekt potrzeb sk\u00f3ry i Twoich oczekiwa\u0144.<\/p>\n<p><img decoding=\"async\" class=\"blogimg\" title=\"Max Factor Puder Compact Creme Puff\" src=\"\/environment\/cache\/images\/500_500_productGfx_41b5b1c801d65095eba8183d5d3f6e4c.jpg\" alt=\"Puder Max Factor Creme Puff\"> <a class=\"blogcaption\" href=\"\/max-factor-puder-compact-creme-puff\">Max Factor Puder Compact Creme Puff<\/a><\/p>\n","protected":false},"excerpt":{"rendered":"<p>Na sklepowych p\u00f3\u0142kach mo\u017cna dostrzec wiele pudr\u00f3w do twarzy r\u00f3\u017cni\u0105cych si\u0119 typem, kolorem, cen\u0105 i jako\u015bci\u0105. Jak zatem dobra\u0107 puder by dodawa\u0142 uroku i w pe\u0142ni spe\u0142nia\u0142 swoj\u0105 funkcj\u0119? Czym go nak\u0142ada\u0107? Czy lepiej wybra\u0107 puder sypki czy w kamieniu? Na te i wiele innych pyta\u0144 odpowiemy w poni\u017cszym artykule. Jeste\u015bmy przekonani, \u017ce podczas zakup\u00f3w [&hellip;]<\/p>\n","protected":false},"author":2,"featured_media":8989,"comment_status":"open","ping_status":"open","sticky":false,"template":"","format":"standard","meta":{"_et_pb_use_builder":"","_et_pb_old_content":"","_et_gb_content_width":"","footnotes":""},"categories":[41],"tags":[],"class_list":["post-8872","post","type-post","status-publish","format-standard","has-post-thumbnail","hentry","category-olsniewaj-makijazem","et-has-post-format-content","et_post_format-et-post-format-standard"],"_links":{"self":[{"href":"https:\/\/neness.pl\/blog\/wp-json\/wp\/v2\/posts\/8872","targetHints":{"allow":["GET"]}}],"collection":[{"href":"https:\/\/neness.pl\/blog\/wp-json\/wp\/v2\/posts"}],"about":[{"href":"https:\/\/neness.pl\/blog\/wp-json\/wp\/v2\/types\/post"}],"author":[{"embeddable":true,"href":"https:\/\/neness.pl\/blog\/wp-json\/wp\/v2\/users\/2"}],"replies":[{"embeddable":true,"href":"https:\/\/neness.pl\/blog\/wp-json\/wp\/v2\/comments?post=8872"}],"version-history":[{"count":1,"href":"https:\/\/neness.pl\/blog\/wp-json\/wp\/v2\/posts\/8872\/revisions"}],"predecessor-version":[{"id":8990,"href":"https:\/\/neness.pl\/blog\/wp-json\/wp\/v2\/posts\/8872\/revisions\/8990"}],"wp:featuredmedia":[{"embeddable":true,"href":"https:\/\/neness.pl\/blog\/wp-json\/wp\/v2\/media\/8989"}],"wp:attachment":[{"href":"https:\/\/neness.pl\/blog\/wp-json\/wp\/v2\/media?parent=8872"}],"wp:term":[{"taxonomy":"category","embeddable":true,"href":"https:\/\/neness.pl\/blog\/wp-json\/wp\/v2\/categories?post=8872"},{"taxonomy":"post_tag","embeddable":true,"href":"https:\/\/neness.pl\/blog\/wp-json\/wp\/v2\/tags?post=8872"}],"curies":[{"name":"wp","href":"https:\/\/api.w.org\/{rel}","templated":true}]}}