{"id":8870,"date":"2019-04-16T11:49:00","date_gmt":"2019-04-16T09:49:00","guid":{"rendered":"https:\/\/blog.neness.pl\/rada-eksperta-jak-odpowiednio-stosowac-bronzery\/"},"modified":"2021-09-22T13:16:41","modified_gmt":"2021-09-22T11:16:41","slug":"rada-eksperta-jak-odpowiednio-stosowac-bronzery","status":"publish","type":"post","link":"https:\/\/neness.pl\/blog\/rada-eksperta-jak-odpowiednio-stosowac-bronzery\/","title":{"rendered":"Rada eksperta: jak odpowiednio stosowa\u0107 bronzery?"},"content":{"rendered":"<p>Pi\u0119kna, pe\u0142na blasku cera o delikatnej opaleni\u017anie to efekt, jaki chcia\u0142aby uzyska\u0107 ka\u017cda kobieta. Nak\u0142adanie samoopalacza wymaga du\u017cego do\u015bwiadczenia, by uzyskany efekt nie by\u0142 przerysowany. Z pomoc\u0105 przychodz\u0105 pudry br\u0105zuj\u0105ce. Dobry bronzer pozwoli Ci na stopniowanie opalenizny, wysmuklenie twarzy, a tak\u017ce szybk\u0105 korekt\u0119, je\u015bli na\u0142o\u017cony kolor b\u0119dzie zbyt intensywny. Przeczytaj, <strong>jak u\u017cywa\u0107 bronzera<\/strong>, by wygl\u0105da\u0107 pi\u0119knie i naturalnie.<\/p>\n<h2><strong>Jak dobra\u0107 bronzer?<\/strong><\/h2>\n<p>Na sklepowych p\u00f3\u0142kach a\u017c roi si\u0119 od pudr\u00f3w br\u0105zuj\u0105cych, zar\u00f3wno tych w ni\u017cszym, jak i wy\u017cszym poziomie cenowym. Nie wiesz jak dopasowa\u0107 bronzer do swojego typu urody? Podstawow\u0105 kwesti\u0105 jest okre\u015blenie tonacji cery. Je\u015bli jeste\u015b posiadaczk\u0105 ciep\u0142ego odcienia, to wi\u0119kszo\u015b\u0107 br\u0105zowych produkt\u00f3w b\u0119dzie do Ciebie pasowa\u0107. Panie o jasnej cerze o zimnym tonie z pewno\u015bci\u0105 b\u0119d\u0105 musia\u0142y po\u015bwi\u0119ci\u0107 nieco wi\u0119cej czasu na znalezienie stonowanego bronzera do konturowania w kolorze be\u017cowym lub brzoskwiniowym. Posiadaczki oliwkowej cery powinny szuka\u0107 bronzera w br\u0105zowo &#8211; r\u00f3\u017cowym lub miedzianym odcieniu.<\/p>\n<p>W zale\u017cno\u015bci od produktu, jaki wybierzesz, oraz sposobu i intensywno\u015bci nak\u0142adania, uzyskasz efekt zbli\u017cony do mu\u015bni\u0119cia s\u0142o\u0144cem lub profesjonalnego konturowania. By u\u0142atwi\u0107 sobie wyb\u00f3r, warto si\u0119gn\u0105\u0107 po <strong>rankingi najlepszych bronzer\u00f3w<\/strong>, kt\u00f3ry pokr\u00f3tce opisuje najwa\u017cniejsze zalety konkretnego produktu. Warto po\u015bwi\u0119ci\u0107 troch\u0119 czasu na poszukiwania idealnego bronzera, gdy\u017c jest to kosmetyk wielozadaniowy. Opr\u00f3cz wysmuklenia twarzy nadasz jej roz\u015bwietlenia, ukryjesz niedoskona\u0142o\u015bci, zm\u0119czenie i stres. Przez ca\u0142y rok za jego pomoc\u0105 mo\u017cesz r\u00f3wnie\u017c podkre\u015bli\u0107 opalenizn\u0119.<\/p>\n<p><img decoding=\"async\" class=\"blogimg\" title=\"Makeup Revolution Br\u0105zer Vivid Rock On World\" src=\"\/environment\/cache\/images\/500_500_productGfx_ce36d263802826e7d636837462a0c5ee.jpg\" alt=\"Bronzer Makeup Revolution Vivivd Rock On world\"> <a class=\"blogcaption\" href=\"\/makeup-revolution-brazer-vivid-rock-on-world\">Makeup Revolution Br\u0105zer Vivid Rock On World<\/a><\/p>\n<h2><strong>Jak nak\u0142ada\u0107 bronzer?<\/strong><\/h2>\n<p>Bronzer to puder nadaj\u0105cy cerze delikatnej, naturalnie wygl\u0105daj\u0105cej opalenizny. By uzyska\u0107 taki efekt, nale\u017cy nak\u0142ada\u0107 go du\u017cym, g\u0119stym, uko\u015bnie \u015bci\u0119tym p\u0119dzlem. Dobrze wykonany makija\u017c podkre\u015bli atuty urody oraz optycznie ukryje wszelkie niedoskona\u0142o\u015bci. Ca\u0142y proces wymaga staranno\u015bci, uwagi i wprawy, niemniej jednak ka\u017cda kobieta powinna pozna\u0107 tajniki konturowania i stosowa\u0107 w zale\u017cno\u015bci od w\u0142asnych upodoba\u0144 na co dzie\u0144 lub na specjalne okazje. Jedn\u0105 z najistotniejszych kwestii, decyduj\u0105cych o tym, czy b\u0119dziesz dobrze wygl\u0105da\u0107, jest umiej\u0119tne nak\u0142adanie bronzera zgodnie z kszta\u0142tem twarzy. Sprawd\u017a <strong>gdzie nak\u0142ada\u0107 bronzer<\/strong>.<\/p>\n<h3>Twarz okr\u0105g\u0142a<\/h3>\n<p>Je\u015bli masz twarz okr\u0105g\u0142\u0105, to na\u0142\u00f3\u017c bronzer pionowo na skronie oraz pod ko\u015bci policzkowe. W taki spos\u00f3b uzyskasz upragniony owal twarzy.<\/p>\n<h3>Twarz kwadratowa<\/h3>\n<p>Niewielk\u0105 ilo\u015b\u0107 bronzera na\u0142\u00f3\u017c na czo\u0142o u nasady w\u0142os\u00f3w i boki policzk\u00f3w. Ostre rysy twarzy z\u0142agodzisz, delikatnie muskaj\u0105c p\u0119dzlem pod ko\u015bci\u0105 policzkow\u0105. Dodatkowo same ko\u015bci mo\u017cesz zaakcentowa\u0107 r\u00f3\u017cem.<\/p>\n<h3>Twarz tr\u00f3jk\u0105tna<\/h3>\n<p>Aby optycznie zaokr\u0105gli\u0107 rysy, na\u0142\u00f3\u017c puder br\u0105zuj\u0105cy na czubek brody, skronie zahaczaj\u0105c delikatnie o ko\u015bci policzkowe. Roz\u015bwietlacza u\u017cyj na czole, pod oczami i na brodzie.<\/p>\n<h3>Twarz pod\u0142u\u017cna<\/h3>\n<p>G\u0142\u00f3wnym zadaniem pa\u0144 posiadaj\u0105c\u0105 twarz pod\u0142u\u017cn\u0105 jest optyczne skr\u00f3cenie twarzy. B\u0119dzie to mo\u017cliwe, je\u015bli na\u0142o\u017cysz bronzer na brod\u0119, boki czo\u0142a, a tak\u017ce skronie.<\/p>\n<p>Z pewno\u015bci\u0105 dob\u00f3r odpowiedniego bronzera to nie lada wyzwanie, jednak\u017ce wa\u017cniejszym etapem jest nauczenie si\u0119<strong> jak nak\u0142ada\u0107 bronzer i roz\u015bwietlacz<\/strong>, by ca\u0142o\u015b\u0107 by\u0142a naturalna, a nie kiczowata. Dowiedzia\u0142a\u015b si\u0119 ju\u017c, jak konturowa\u0107 twarz przy u\u017cyciu bronzera, bior\u0105c pod uwag\u0119 jej kszta\u0142t. Kolejnym etapem jest zakup dobrego <strong>pudru br\u0105zuj\u0105cego<\/strong> i zastosowanie si\u0119 do powy\u017cszych wskaz\u00f3wek. Z pewno\u015bci\u0105 b\u0119dziesz musia\u0142a powt\u00f3rzy\u0107 proces kilkakrotnie do uzyskania ca\u0142kowitej wprawy, jednak\u017ce gwarantujemy Ci, \u017ce efekt optycznego wysmuklenia twarzy Ci\u0119 zadowoli.<\/p>\n<p><img class=\"blogimg\" title=\"Makeup Revolution Br\u0105zer Duo Face Sculpt\" alt=\"\"> <a class=\"blogcaption\" href=\"\/makeup-revolution-brazer-duo-face-sculpt\">Makeup Revolution Br\u0105zer Duo Face Sculpt<\/a><\/p>\n","protected":false},"excerpt":{"rendered":"<p>Pi\u0119kna, pe\u0142na blasku cera o delikatnej opaleni\u017anie to efekt, jaki chcia\u0142aby uzyska\u0107 ka\u017cda kobieta. Nak\u0142adanie samoopalacza wymaga du\u017cego do\u015bwiadczenia, by uzyskany efekt nie by\u0142 przerysowany. Z pomoc\u0105 przychodz\u0105 pudry br\u0105zuj\u0105ce. Dobry bronzer pozwoli Ci na stopniowanie opalenizny, wysmuklenie twarzy, a tak\u017ce szybk\u0105 korekt\u0119, je\u015bli na\u0142o\u017cony kolor b\u0119dzie zbyt intensywny. Przeczytaj, jak u\u017cywa\u0107 bronzera, by wygl\u0105da\u0107 [&hellip;]<\/p>\n","protected":false},"author":2,"featured_media":8985,"comment_status":"open","ping_status":"open","sticky":false,"template":"","format":"standard","meta":{"_et_pb_use_builder":"","_et_pb_old_content":"","_et_gb_content_width":"","footnotes":""},"categories":[41],"tags":[],"class_list":["post-8870","post","type-post","status-publish","format-standard","has-post-thumbnail","hentry","category-olsniewaj-makijazem","et-has-post-format-content","et_post_format-et-post-format-standard"],"_links":{"self":[{"href":"https:\/\/neness.pl\/blog\/wp-json\/wp\/v2\/posts\/8870","targetHints":{"allow":["GET"]}}],"collection":[{"href":"https:\/\/neness.pl\/blog\/wp-json\/wp\/v2\/posts"}],"about":[{"href":"https:\/\/neness.pl\/blog\/wp-json\/wp\/v2\/types\/post"}],"author":[{"embeddable":true,"href":"https:\/\/neness.pl\/blog\/wp-json\/wp\/v2\/users\/2"}],"replies":[{"embeddable":true,"href":"https:\/\/neness.pl\/blog\/wp-json\/wp\/v2\/comments?post=8870"}],"version-history":[{"count":1,"href":"https:\/\/neness.pl\/blog\/wp-json\/wp\/v2\/posts\/8870\/revisions"}],"predecessor-version":[{"id":8986,"href":"https:\/\/neness.pl\/blog\/wp-json\/wp\/v2\/posts\/8870\/revisions\/8986"}],"wp:featuredmedia":[{"embeddable":true,"href":"https:\/\/neness.pl\/blog\/wp-json\/wp\/v2\/media\/8985"}],"wp:attachment":[{"href":"https:\/\/neness.pl\/blog\/wp-json\/wp\/v2\/media?parent=8870"}],"wp:term":[{"taxonomy":"category","embeddable":true,"href":"https:\/\/neness.pl\/blog\/wp-json\/wp\/v2\/categories?post=8870"},{"taxonomy":"post_tag","embeddable":true,"href":"https:\/\/neness.pl\/blog\/wp-json\/wp\/v2\/tags?post=8870"}],"curies":[{"name":"wp","href":"https:\/\/api.w.org\/{rel}","templated":true}]}}