{"id":8862,"date":"2019-04-12T11:49:00","date_gmt":"2019-04-12T09:49:00","guid":{"rendered":"https:\/\/blog.neness.pl\/wyjasniamy-jaki-dobrac-podklad-ze-wzgledu-na-cere\/"},"modified":"2021-09-22T12:53:18","modified_gmt":"2021-09-22T10:53:18","slug":"wyjasniamy-jaki-dobrac-podklad-ze-wzgledu-na-cere","status":"publish","type":"post","link":"https:\/\/neness.pl\/blog\/wyjasniamy-jaki-dobrac-podklad-ze-wzgledu-na-cere\/","title":{"rendered":"Wyja\u015bniamy: jaki dobra\u0107 podk\u0142ad ze wzgl\u0119du na cer\u0119?"},"content":{"rendered":"<p>Zadbana, nieskazitelna cera to efekt, kt\u00f3ry chce uzyska\u0107 ka\u017cda kobieta. Wiele pa\u0144 w zaciszu domowym chce przykry\u0107 swoje niedoskona\u0142o\u015bci i podkre\u015bli\u0107 atuty niczym profesjonalny makija\u017cysta. Rozwi\u0105zaniem niew\u0105tpliwie jest dobry podk\u0142ad do twarzy, dobrany do konkretnego rodzaju cery. Dowiedz si\u0119,<strong> jaki podk\u0142ad wybra\u0107<\/strong>, by uzyska\u0107 balans mi\u0119dzy nawil\u017ceniem, kryciem a zmatowieniem sk\u00f3ry.<\/p>\n<h2>Jak prawid\u0142owo dobra\u0107 podk\u0142ad do rodzaju cery<\/h2>\n<p>Zanim przejdziesz do wybrania profesjonalnego fluidu, zacznij od okre\u015blenia, jaki rodzaj cery posiadasz. Inny podk\u0142ad przeznaczony jest bowiem do cery t\u0142ustej<strong>, <\/strong>inny do cery suchej, a jeszcze inny do mieszanej. Producenci dbaj\u0105, by w ramach jednej marki by\u0142o kilka rodzaj\u00f3w podk\u0142ad\u00f3w, kt\u00f3re w pe\u0142ni odpowiada\u0107 b\u0119d\u0105 na konkretne potrzeby cery.<\/p>\n<p><strong>Podk\u0142ad do cery suchej <\/strong>przede wszystkim powinien bardzo dobrze rozprowadza\u0107 si\u0119 na sk\u00f3rze, nie podkre\u015blaj\u0105c suchych sk\u00f3rek i zmarszczek. Zminimalizowane powinno by\u0107 r\u00f3wnie\u017c jego \u015bcieranie w ci\u0105gu dnia, by nie odkrywa\u0107 niedoskona\u0142o\u015bci cery.<\/p>\n<p><strong>Podk\u0142ad do cery naczynkowej <\/strong>musi by\u0107 mocno kryj\u0105cy i w p\u0142ynnej konsystencji, kt\u00f3ra pozwoli na \u0142atwe rozprowadzenie kosmetyku&nbsp;do twarzy. Ca\u0142o\u015b\u0107 powinna\u015b wyko\u0144czy\u0107 sypkim pudrem.<\/p>\n<p><strong>Podk\u0142ad do cery mieszanej<\/strong> to jedno z najwi\u0119kszych wyzwa\u0144. Makija\u017c twarzy musi jednocze\u015bnie uwzgl\u0119dni\u0107 dwa rodzaje cery \u2013 t\u0142ust\u0105 i such\u0105. T\u0142usta to oczywi\u015bcie dobrze Ci znana strefa T, za\u015b suche partie to g\u0142\u00f3wnie policzki. Warto postawi\u0107 na trwa\u0142y kosmetyk, kt\u00f3ry pozostanie na twarzy przez ca\u0142y dzie\u0144.<\/p>\n<p><strong>Podk\u0142ad do cery dojrza\u0142ej 40+<\/strong> przede wszystkim nie mo\u017ce by\u0107 zbyt ci\u0119\u017cki. Istotna jest jego konsystencja oraz skuteczno\u015b\u0107 w maskowaniu zm\u0119czenia i zmarszczek. Warto r\u00f3wnie\u017c pami\u0119ta\u0107, by efekt by\u0142 jak najbardziej naturalny.<\/p>\n<p><strong>Podk\u0142ad dla cery t\u0142ustej <\/strong>z pewno\u015bci\u0105 powinien ogranicza\u0107 produkcj\u0119 sebum. Dodatkowo dobry podk\u0142ad nie powinien zatyka\u0107 por\u00f3w, ale leczy\u0107 sk\u00f3r\u0119 z wyprysk\u00f3w.<\/p>\n<p><img decoding=\"async\" class=\"blogimg\" title=\"Makeup Revolution Puder Matuj\u0105cy Terracotta Baking Powder\" src=\"\/environment\/cache\/images\/500_500_productGfx_3d8132d961afed00929aab18e197db33.jpg\" alt=\"Puder matuj\u0105cy Makeup Revolution Terracotta Baking Powder\"> <a class=\"blogcaption\" href=\"\/revolution-puder-matujacy-terracotta-baking-powder\">Makeup Revolution Puder Matuj\u0105cy Terracotta Baking Powder<\/a><\/p>\n<h2>Wybierz odpowiedni podk\u0142ad w 3 krokach<\/h2>\n<p>Pierwszym krokiem, jaki musi zosta\u0107 przez Ciebie wykonany, jest okre\u015blenie typu cery. Da Ci to solidne podstawy do skutecznych poszukiwa\u0144. Warto r\u00f3wnie\u017c zapozna\u0107 si\u0119 z rankingiem najlepszych podk\u0142ad\u00f3w wed\u0142ug specjalist\u00f3w, bloger\u00f3w i u\u017cytkowniczek konkretnych kosmetyk\u00f3w. Po zapoznaniu si\u0119 z mo\u017cliwo\u015bciami, jakie oferuje rynek, mo\u017cesz przetestowa\u0107 je na w\u0142asnej sk\u00f3rze. Drugim krokiem b\u0119dzie sprawdzenie koloru podk\u0142adu poprzez na\u0142o\u017cenie pr\u00f3bki na zewn\u0119trzn\u0105 stron\u0119 d\u0142oni. To bardzo wa\u017cne, by nie robi\u0107 tego na nadgarstku, gdy\u017c sk\u00f3ra znajduj\u0105ca si\u0119 w tym miejscu jest cienka i niestety nie odpowiada odcieniowi na twarzy.<\/p>\n<p>Ostatnim krokiem, kt\u00f3ry koniecznie musisz wykona\u0107, je\u015bli chcesz dobra\u0107 <strong>dobry podk\u0142ad <\/strong>do swojej cery, jest sprawdzenie go na twarzy. Specjali\u015bci zalecaj\u0105 wyb\u00f3r trzech odcieni podk\u0142adu, wyselekcjonowanych w poprzednim etapie, i na\u0142o\u017cenie ich jeden obok drugiego na linii \u017cuchwy. W ten spos\u00f3b bez problemu por\u00f3wnasz odcie\u0144 z kolorytem szyi. Dzi\u0119ki temu b\u0119dziesz mie\u0107 100% pewno\u015b\u0107, \u017ce podk\u0142ad b\u0119dzie idealnie pasowa\u0142 do Twojego koloru cery. Pami\u0119taj, by swoje poszukiwania rozpocz\u0105\u0107 od kosmetyk\u00f3w, kt\u00f3re odpowiadaj\u0105 potrzebom sk\u00f3ry. Nawet najlepiej dobrany do koloru cery podk\u0142ad, je\u015bli nie b\u0119dzie odpowiada\u0142 na specyficzne jej potrzeby, nie sprawdzi si\u0119 zbyt d\u0142ugo.<\/p>\n<p>Ratunkiem dla problematycznej cery mo\u017ce by\u0107 r\u00f3wnie\u017c zmieszanie ulubionego podk\u0142adu p\u00f3\u0142 na p\u00f3\u0142 z kremem. W ten spos\u00f3b uzyskasz domowy krem BB, kt\u00f3ry przez wiele kobiet stosowany jest latem. Mamy nadziej\u0119, \u017ce nasze zestawienie i podpowiedzi pomog\u0105 w wyborze idealnego podk\u0142adu do ka\u017cdego rodzaju cery. Matuj\u0105cy podk\u0142ad to idealne rozwi\u0105zanie dla pa\u0144 ze sk\u00f3r\u0105 mieszan\u0105 lub t\u0142ust\u0105, za\u015b nawil\u017caj\u0105cy fluid powinny wybiera\u0107 kobiety ze sk\u00f3r\u0105 normaln\u0105 i such\u0105.<\/p>\n<p><img decoding=\"async\" class=\"blogimg\" title=\"Max Factor Podk\u0142ad FaceFinity\" src=\"\/environment\/cache\/images\/500_500_productGfx_0af08198f8fb33fc1c0291c4402e9cba.jpg\" alt=\"Podk\u0142ad Max Factor FaceFinity\"> <a class=\"blogcaption\" href=\"\/max-factor-podklad-facefinity\">Max Factor Podk\u0142ad FaceFinity<\/a><\/p>\n","protected":false},"excerpt":{"rendered":"<p>Zadbana, nieskazitelna cera to efekt, kt\u00f3ry chce uzyska\u0107 ka\u017cda kobieta. Wiele pa\u0144 w zaciszu domowym chce przykry\u0107 swoje niedoskona\u0142o\u015bci i podkre\u015bli\u0107 atuty niczym profesjonalny makija\u017cysta. Rozwi\u0105zaniem niew\u0105tpliwie jest dobry podk\u0142ad do twarzy, dobrany do konkretnego rodzaju cery. Dowiedz si\u0119, jaki podk\u0142ad wybra\u0107, by uzyska\u0107 balans mi\u0119dzy nawil\u017ceniem, kryciem a zmatowieniem sk\u00f3ry. Jak prawid\u0142owo dobra\u0107 podk\u0142ad [&hellip;]<\/p>\n","protected":false},"author":2,"featured_media":8968,"comment_status":"open","ping_status":"open","sticky":false,"template":"","format":"standard","meta":{"_et_pb_use_builder":"","_et_pb_old_content":"","_et_gb_content_width":"","footnotes":""},"categories":[41],"tags":[],"class_list":["post-8862","post","type-post","status-publish","format-standard","has-post-thumbnail","hentry","category-olsniewaj-makijazem","et-has-post-format-content","et_post_format-et-post-format-standard"],"_links":{"self":[{"href":"https:\/\/neness.pl\/blog\/wp-json\/wp\/v2\/posts\/8862","targetHints":{"allow":["GET"]}}],"collection":[{"href":"https:\/\/neness.pl\/blog\/wp-json\/wp\/v2\/posts"}],"about":[{"href":"https:\/\/neness.pl\/blog\/wp-json\/wp\/v2\/types\/post"}],"author":[{"embeddable":true,"href":"https:\/\/neness.pl\/blog\/wp-json\/wp\/v2\/users\/2"}],"replies":[{"embeddable":true,"href":"https:\/\/neness.pl\/blog\/wp-json\/wp\/v2\/comments?post=8862"}],"version-history":[{"count":1,"href":"https:\/\/neness.pl\/blog\/wp-json\/wp\/v2\/posts\/8862\/revisions"}],"predecessor-version":[{"id":8969,"href":"https:\/\/neness.pl\/blog\/wp-json\/wp\/v2\/posts\/8862\/revisions\/8969"}],"wp:featuredmedia":[{"embeddable":true,"href":"https:\/\/neness.pl\/blog\/wp-json\/wp\/v2\/media\/8968"}],"wp:attachment":[{"href":"https:\/\/neness.pl\/blog\/wp-json\/wp\/v2\/media?parent=8862"}],"wp:term":[{"taxonomy":"category","embeddable":true,"href":"https:\/\/neness.pl\/blog\/wp-json\/wp\/v2\/categories?post=8862"},{"taxonomy":"post_tag","embeddable":true,"href":"https:\/\/neness.pl\/blog\/wp-json\/wp\/v2\/tags?post=8862"}],"curies":[{"name":"wp","href":"https:\/\/api.w.org\/{rel}","templated":true}]}}