{"id":8859,"date":"2019-04-09T11:59:00","date_gmt":"2019-04-09T09:59:00","guid":{"rendered":"https:\/\/blog.neness.pl\/jak-najefektywniej-stosowac-korektor-pod-oczy\/"},"modified":"2021-09-22T12:42:14","modified_gmt":"2021-09-22T10:42:14","slug":"jak-najefektywniej-stosowac-korektor-pod-oczy","status":"publish","type":"post","link":"https:\/\/neness.pl\/blog\/jak-najefektywniej-stosowac-korektor-pod-oczy\/","title":{"rendered":"Jak najefektywniej stosowa\u0107 korektor pod oczy?"},"content":{"rendered":"<p>Widoczne oznaki zm\u0119czenia sprawiaj\u0105, \u017ce twarz traci naturalny blask i zdrowy wygl\u0105d. Na szcz\u0119\u015bcie znamy kilka trik\u00f3w, dzi\u0119ki kt\u00f3rym w ci\u0105gu chwili skutecznie je ukryjesz oraz przywr\u00f3cisz sk\u00f3rze jednolity koloryt i promienno\u015b\u0107. <strong>Jak zatuszowa\u0107 cienie pod oczami i prawid\u0142owo u\u017cywa\u0107 korektora<\/strong>? Przygotowali\u015bmy dla Ciebie kilka wskaz\u00f3wek! Wypr\u00f3buj je w trakcie wykonywania nast\u0119pnego makija\u017cu \u2013 gwarantujemy, \u017ce uzyskany efekt pozytywnie Ci\u0119 zaskoczy!<\/p>\n<h2>Jak dobra\u0107 korektor, \u017ceby zatuszowa\u0107 cienie pod oczami?<\/h2>\n<p>Wiele kobiet w trakcie wyboru kosmetyk\u00f3w kupuje zbyt jasne lub zbyt ciemne odcienie, przez co uzyskanie odpowiedniego efektu jest po prostu niemo\u017cliwe. <strong>Jak dobra\u0107 korektor<\/strong>? Wszystko zale\u017cy od tego, z jakimi niedoskona\u0142o\u015bciami si\u0119 zmagasz i co chcia\u0142aby\u015b z jego pomoc\u0105 osi\u0105gn\u0105\u0107. Masz problem z podkr\u0105\u017conymi oczami i si\u0144cami? W takim razie zdecydowanie powinna\u015b wybra\u0107 formu\u0142y o kolorze \u0142ososiowym, zapewniaj\u0105ce roz\u015bwietlenie i doskonale maskuj\u0105ce fioletowe cienie. W przypadku widocznych \u017cy\u0142ek i naczynek si\u0119gnij po produkty \u017c\u00f3\u0142te. Nie b\u00f3j si\u0119 tego koloru \u2013 wbrew pozorom takie tonacje znakomicie tuszuj\u0105 niedoskona\u0142o\u015bci i przywracaj\u0105 sk\u00f3rze zdrowy i promienny wygl\u0105d.<\/p>\n<p><strong>Jaki korektor pod oczy<\/strong> sprawdzi si\u0119 w przypadku przebarwie\u0144 w ich okolicach? Z niejednolitym kolorytem bez problemu radz\u0105 sobie produkty w kolorze fioletowym, przywracaj\u0105c sk\u00f3rze r\u00f3wnomierny odcie\u0144 i blask. Czasami nawet w tak delikatnych partiach twarzy pojawia si\u0119 tr\u0105dzik. Je\u015bli zmagasz si\u0119 z wypryskami, si\u0119gnij po zielone kosmetyki, kt\u00f3rych barwa z \u0142atwo\u015bci\u0105 maskuje zaczerwienione zmiany tr\u0105dzikowe. Pami\u0119taj jednak, aby przed ka\u017cdym u\u017cyciem nowego korektora sprawdzi\u0107, czy \u017caden z jego sk\u0142adnik\u00f3w nie powoduje u Ciebie reakcji alergicznej.<\/p>\n<p><img decoding=\"async\" class=\"blogimg\" title=\"Makeup Revolution Korektor Conceal and Define\" src=\"\/environment\/cache\/images\/500_500_productGfx_5ce9555133955bbe83f72ca4f39a75ec.jpg\" alt=\"Korektor pod oczy Makeup Revolution Conceal and Define\"> <a class=\"blogcaption\" href=\"\/revolution-korektor-conceal-and-define-c9\">Makeup Revolution Korektor Conceal and Define<\/a><\/p>\n<h2>Jak nak\u0142ada\u0107 korektor pod oczy?<\/h2>\n<p>Masz ju\u017c odpowiedni <strong>korektor pod oczy<\/strong>? Sprawd\u017a, jak go nak\u0142ada\u0107! Najwa\u017cniejsz\u0105 zasad\u0105 prawid\u0142owej aplikacji jest r\u00f3wnomierne rozprowadzenie produktu na sk\u00f3rze, staraj\u0105c si\u0119, aby mia\u0142 on kszta\u0142t tr\u00f3jk\u0105ta, a nie p\u00f3\u0142ksi\u0119\u017cyca. Stosowanie kosmetyku wy\u0142\u0105cznie na problematyczny obszar i omijanie jego okolic spowoduje powstawanie nieestetycznych smug oraz widocznych plam na cerze. Stosuj\u0105c wybran\u0105 formu\u0142\u0119, nak\u0142adaj j\u0105 nawet do ko\u0144c\u00f3wki nosa, a nast\u0119pnie delikatnie wklepuj. W ten spos\u00f3b uzyskany efekt b\u0119dzie naturalny, a niedoskona\u0142o\u015bci i oznaki zm\u0119czenia skutecznie zatuszowane.<\/p>\n<p><img decoding=\"async\" class=\"blogimg\" title=\"Makeup Revolution Korektor w Sztyfcie Fast Base Stick\" src=\"\/environment\/cache\/images\/500_500_productGfx_96eb42ab81aabbeaa3bfbedd15ab3692.jpg\" alt=\"Korektor pod oczy w sztyfcie Makeup Revolution Fast Base Stick\"> <a class=\"blogcaption\" href=\"\/pl\/p\/Makeup-Revolution-Korektor-w-Sztyfcie-Fast-Base-Stick\/5779\">Makeup Revolution Korektor w Sztyfcie Fast Base Stick<\/a><\/p>\n<h2>Jakich b\u0142\u0119d\u00f3w unika\u0107 w trakcie u\u017cywania korektora?<\/h2>\n<p>Pierwszym i najcz\u0119\u015bciej pope\u0142nianym b\u0142\u0119dem jest nieodpowiednia kolejno\u015b\u0107 nak\u0142adania kosmetyk\u00f3w. W takim razie, czy najpierw aplikowa\u0107 korektor, czy podk\u0142ad? Odpowied\u017a mo\u017ce by\u0107 zaskoczeniem, ale to w\u0142a\u015bnie podk\u0142ad powinien by\u0107 pierwszy produktem, jaki stosuje si\u0119 w trakcie wykonywania codziennego makija\u017cu. Dzi\u0119ki temu maskuj\u0105ce dzia\u0142anie pierwszej formu\u0142y nie jest zmniejszone, a tym samym mo\u017cna o wiele skuteczniej ukry\u0107 niedoskona\u0142o\u015bci. W przypadku kolorowych kosmetyk\u00f3w to od nich nale\u017cy zaczyna\u0107 make-up i na\u0142o\u017cy\u0107 je na nawil\u017con\u0105 sk\u00f3r\u0119, tu\u017c po serum, kremie i bazie.<\/p>\n<p><strong>Jak u\u017cywa\u0107 korektora<\/strong>? Zdecydowanie nie powinna\u015b go wciera\u0107 w sk\u00f3r\u0119 \u2013 w ten spos\u00f3b nie korzystasz w pe\u0142ni z jego mo\u017cliwo\u015bci, a osi\u0105gni\u0119ty efekt mo\u017ce znacz\u0105co odbiega\u0107 od oczekiwanego. Zamiast rozmazywania formu\u0142y pod oczami, aplikuj j\u0105 w postaci ma\u0142ych kropek, a nast\u0119pnie wklepuj je delikatnie palcem, beauty blenderem lub p\u0119dzelkiem. Kolejnym popularnym b\u0142\u0119dem jest wyb\u00f3r niew\u0142a\u015bciwego koloru korektora. Zbyt jasny lub zbyt ciemny odcie\u0144 mo\u017ce sprawi\u0107, \u017ce twarz b\u0119dzie wygl\u0105da\u0107 na jeszcze bardziej zm\u0119czon\u0105, a niedoskona\u0142o\u015bci stan\u0105 si\u0119 bardziej widoczne.<\/p>\n","protected":false},"excerpt":{"rendered":"<p>Widoczne oznaki zm\u0119czenia sprawiaj\u0105, \u017ce twarz traci naturalny blask i zdrowy wygl\u0105d. Na szcz\u0119\u015bcie znamy kilka trik\u00f3w, dzi\u0119ki kt\u00f3rym w ci\u0105gu chwili skutecznie je ukryjesz oraz przywr\u00f3cisz sk\u00f3rze jednolity koloryt i promienno\u015b\u0107. Jak zatuszowa\u0107 cienie pod oczami i prawid\u0142owo u\u017cywa\u0107 korektora? Przygotowali\u015bmy dla Ciebie kilka wskaz\u00f3wek! Wypr\u00f3buj je w trakcie wykonywania nast\u0119pnego makija\u017cu \u2013 gwarantujemy, [&hellip;]<\/p>\n","protected":false},"author":2,"featured_media":8962,"comment_status":"open","ping_status":"open","sticky":false,"template":"","format":"standard","meta":{"_et_pb_use_builder":"","_et_pb_old_content":"","_et_gb_content_width":"","footnotes":""},"categories":[41],"tags":[],"class_list":["post-8859","post","type-post","status-publish","format-standard","has-post-thumbnail","hentry","category-olsniewaj-makijazem","et-has-post-format-content","et_post_format-et-post-format-standard"],"_links":{"self":[{"href":"https:\/\/neness.pl\/blog\/wp-json\/wp\/v2\/posts\/8859","targetHints":{"allow":["GET"]}}],"collection":[{"href":"https:\/\/neness.pl\/blog\/wp-json\/wp\/v2\/posts"}],"about":[{"href":"https:\/\/neness.pl\/blog\/wp-json\/wp\/v2\/types\/post"}],"author":[{"embeddable":true,"href":"https:\/\/neness.pl\/blog\/wp-json\/wp\/v2\/users\/2"}],"replies":[{"embeddable":true,"href":"https:\/\/neness.pl\/blog\/wp-json\/wp\/v2\/comments?post=8859"}],"version-history":[{"count":1,"href":"https:\/\/neness.pl\/blog\/wp-json\/wp\/v2\/posts\/8859\/revisions"}],"predecessor-version":[{"id":8963,"href":"https:\/\/neness.pl\/blog\/wp-json\/wp\/v2\/posts\/8859\/revisions\/8963"}],"wp:featuredmedia":[{"embeddable":true,"href":"https:\/\/neness.pl\/blog\/wp-json\/wp\/v2\/media\/8962"}],"wp:attachment":[{"href":"https:\/\/neness.pl\/blog\/wp-json\/wp\/v2\/media?parent=8859"}],"wp:term":[{"taxonomy":"category","embeddable":true,"href":"https:\/\/neness.pl\/blog\/wp-json\/wp\/v2\/categories?post=8859"},{"taxonomy":"post_tag","embeddable":true,"href":"https:\/\/neness.pl\/blog\/wp-json\/wp\/v2\/tags?post=8859"}],"curies":[{"name":"wp","href":"https:\/\/api.w.org\/{rel}","templated":true}]}}