{"id":8858,"date":"2019-04-09T11:58:00","date_gmt":"2019-04-09T09:58:00","guid":{"rendered":"https:\/\/blog.neness.pl\/rada-eksperta-jak-nakladac-korektor-sprawdz-czy-robisz-ro-poprawnie\/"},"modified":"2021-09-22T12:41:18","modified_gmt":"2021-09-22T10:41:18","slug":"rada-eksperta-jak-nakladac-korektor-sprawdz-czy-robisz-ro-poprawnie","status":"publish","type":"post","link":"https:\/\/neness.pl\/blog\/rada-eksperta-jak-nakladac-korektor-sprawdz-czy-robisz-ro-poprawnie\/","title":{"rendered":"Rada eksperta: jak nak\u0142ada\u0107 korektor? Sprawd\u017a czy robisz ro poprawnie"},"content":{"rendered":"<p>Zmagasz si\u0119 z niedoskona\u0142o\u015bciami cery? Szukasz sposobu na ich szybkie zatuszowanie? A mo\u017ce chcesz zakry\u0107 oznaki zm\u0119czenia? Wystarczy odpowiednio dobrany kosmetyk kryj\u0105cy, aby w ci\u0105gu chwili przywr\u00f3ci\u0107 sk\u00f3rze zdrowy wygl\u0105d i jednolity koloryt. <strong>Jak u\u017cywa\u0107 korektora pod oczy<\/strong> i na problematycznych partiach twarzy? Poznaj nasze sprawdzone triki!<\/p>\n<h2>Korektor w sztyfcie, kremie, p\u0142ynie i kompakcie \u2013 jak rodzaj wybra\u0107?<\/h2>\n<p>Precyzyjne zamaskowanie wszelkich niedoskona\u0142o\u015bci wymaga dobrania odpowiedniego rodzaju kosmetyku do makija\u017cu. Jednym z popularnych typ\u00f3w korektor\u00f3w jest ten w sztyfcie, przypominaj\u0105cy z wygl\u0105du szmink\u0119. Jego g\u0142\u00f3wnymi zaletami s\u0105 doskona\u0142e w\u0142a\u015bciwo\u015bci kryj\u0105ce i trwa\u0142o\u015b\u0107, dzi\u0119ki czemu jego wyb\u00f3r poleca si\u0119 przede wszystkim kobietom o widocznych niedoskona\u0142o\u015bciach. <strong>Jak u\u017cywa\u0107 korektora w sztyfcie<\/strong>? Tak jak ka\u017cdego innego \u2013 nale\u017cy zaaplikowa\u0107 odrobin\u0119 formu\u0142y na problematyczne partie twarzy, a nast\u0119pnie delikatnie wklepa\u0107. Podobne dzia\u0142anie ma jego kremowy odpowiednik, po kt\u00f3ry ch\u0119tnie si\u0119gaj\u0105 profesjonalne wiza\u017cystki. Co ciekawe, tego typu kosmetyki s\u0105 cz\u0119sto wzbogacone o sk\u0142adniki piel\u0119gnacyjne.<\/p>\n<p>Korektor w p\u0142ynie nie zapewnia tak mocnego krycia, jak kosmetyki w kremie i sztyfcie, dlatego jest polecany przede wszystkim do delikatnych przebarwie\u0144 czy blizn. Nieinwazyjne dzia\u0142anie sprawia, \u017ce z powodzeniem sprawdza si\u0119 w przypadku suchej sk\u00f3ry \u2013 zapewnia jej nawil\u017cenie, jednocze\u015bnie nie osadzaj\u0105c si\u0119 w zmarszczkach. Nie mo\u017cemy zapomnie\u0107 o korektorach w kompakcie. Znajdziesz je wersji standardowej lub bezt\u0142uszczowej. Ten drugi typ jest idealnym dodatkiem do makija\u017cu cery tr\u0105dzikowej i problematycznej. Na uwag\u0119 zas\u0142uguje jego trwa\u0142o\u015b\u0107, dzi\u0119ki kt\u00f3rej nie wymaga poprawek w ci\u0105gu dnia.<\/p>\n<p><img decoding=\"async\" class=\"blogimg\" title=\"Makeup Revolution Paletka Cover&amp;Conceal Light\" src=\"\/environment\/cache\/images\/500_500_productGfx_b4d4548ba95d68cd7fe2f3f70f97726a.jpg\" alt=\"Paleta korektor\u00f3w Makeup Revolution Cover&amp;Conceal Light\"> <a class=\"blogcaption\" href=\"\/makeup-revolution-paletka-coverconceal-light\">Makeup Revolution Paletka Cover&amp;Conceal Light<\/a><\/p>\n<h2>Jak u\u017cywa\u0107 korektora pod oczy?<\/h2>\n<p><strong>Jak nak\u0142ada\u0107 korektor pod oczy<\/strong>, aby zamaskowa\u0107 oznaki zm\u0119czenia, cienie i przebarwienia? Wbrew pozorom nie wystarczy pokrycie kryj\u0105c\u0105 formu\u0142\u0105 wy\u0142\u0105cznie problematycznych partii twarzy \u2013 taki spos\u00f3b aplikacji mo\u017ce przynie\u015b\u0107 efekt odwrotny od zamierzonego i spowodowa\u0107 powstanie nienaturalnie wygl\u0105daj\u0105cych plam czy smug. Zamiast kszta\u0142tu p\u00f3\u0142ksi\u0119\u017cyca postaw na tr\u00f3jk\u0105t si\u0119gaj\u0105cy nawet do wysoko\u015bci ko\u0144ca nosa. W ten spos\u00f3b unikniesz widocznej r\u00f3\u017cnicy w kolorycie, przywr\u00f3cisz twarzy promienny i zdrowy wygl\u0105d oraz skutecznie zniwelujesz oznaki zm\u0119czenia. Pami\u0119taj tak\u017ce, \u017ce nie nale\u017cy wciera\u0107 korektora pod oczy w sk\u00f3r\u0119, ale delikatnie go wklepywa\u0107.<\/p>\n<p><img decoding=\"async\" class=\"blogimg\" title=\"Makeup Revolution Korektor Matte Concealer 09 Medium Dark\" src=\"\/environment\/cache\/images\/500_500_productGfx_e3a6359c42e377c90aa06a687cee27c7.jpg\" alt=\"Korektor Makeup Revolution Matte Concealer Medium\"> <a class=\"blogcaption\" href=\"\/revolution-korektor-matte-concealer-09-medium-dark\">Makeup Revolution Korektor Matte Concealer 09 Medium Dark<\/a><\/p>\n<h2>Jak nak\u0142ada\u0107 korektor, aby zamaskowa\u0107 niedoskona\u0142o\u015bci cery?<\/h2>\n<p><strong>Jak u\u017cywa\u0107 korektora<\/strong> w przypadku r\u00f3\u017cnych niedoskona\u0142o\u015bci cery? Zacznijmy od pojedynczych wyprysk\u00f3w i zmian tr\u0105dzikowych, kt\u00f3re przede wszystkim nale\u017cy maskowa\u0107 przy u\u017cyciu kosmetyku w zielonym odcieniu za pomoc\u0105 palc\u00f3w lub p\u0119dzelka. Nano\u015b go punktowo, unikaj\u0105c rozcierania formu\u0142y na du\u017cych partiach twarzy \u2013 wystarczy delikatnie wklepa\u0107 go dooko\u0142a krostki, aby skutecznie zmniejszy\u0107 jej widoczno\u015b\u0107. Podobnie jest w przypadku naczynek. Czerwone zmiany na cerze doskonale ukrywaj\u0105 korektory w kolorze zielonym lub \u017c\u00f3\u0142tym.<\/p>\n<p>Zmagasz si\u0119 z widocznymi bliznami lub plamami po opalaniu? Si\u0119gnij po r\u00f3\u017cowe odcienie, kt\u00f3re r\u00f3wnie\u017c znakomicie radz\u0105 sobie z maskowaniem oznak zm\u0119czenia. W przypadku kosmetyku w tym kolorze nale\u017cy zachowa\u0107 szczeg\u00f3ln\u0105 uwag\u0119 w trakcie aplikacji \u2013 aby skutecznie zatuszowa\u0107 problematyczne miejsca, formu\u0142a musi stopi\u0107 si\u0119 ze sk\u00f3r\u0105. Na szcz\u0119\u015bcie wystarczy nak\u0142ada\u0107 j\u0105 ciep\u0142ym opuszkiem palca. Je\u015bli nie wiesz, <strong>jak nak\u0142ada\u0107 korektor <\/strong>w r\u00f3\u017cnych odcieniach, postaw na uniwersalny be\u017c, kt\u00f3ry zapewni Ci delikatne krycie i naturalne wyko\u0144czenie makija\u017cu.<\/p>\n","protected":false},"excerpt":{"rendered":"<p>Zmagasz si\u0119 z niedoskona\u0142o\u015bciami cery? Szukasz sposobu na ich szybkie zatuszowanie? A mo\u017ce chcesz zakry\u0107 oznaki zm\u0119czenia? Wystarczy odpowiednio dobrany kosmetyk kryj\u0105cy, aby w ci\u0105gu chwili przywr\u00f3ci\u0107 sk\u00f3rze zdrowy wygl\u0105d i jednolity koloryt. Jak u\u017cywa\u0107 korektora pod oczy i na problematycznych partiach twarzy? Poznaj nasze sprawdzone triki! Korektor w sztyfcie, kremie, p\u0142ynie i kompakcie \u2013 [&hellip;]<\/p>\n","protected":false},"author":2,"featured_media":8960,"comment_status":"open","ping_status":"open","sticky":false,"template":"","format":"standard","meta":{"_et_pb_use_builder":"","_et_pb_old_content":"","_et_gb_content_width":"","footnotes":""},"categories":[41],"tags":[],"class_list":["post-8858","post","type-post","status-publish","format-standard","has-post-thumbnail","hentry","category-olsniewaj-makijazem","et-has-post-format-content","et_post_format-et-post-format-standard"],"_links":{"self":[{"href":"https:\/\/neness.pl\/blog\/wp-json\/wp\/v2\/posts\/8858","targetHints":{"allow":["GET"]}}],"collection":[{"href":"https:\/\/neness.pl\/blog\/wp-json\/wp\/v2\/posts"}],"about":[{"href":"https:\/\/neness.pl\/blog\/wp-json\/wp\/v2\/types\/post"}],"author":[{"embeddable":true,"href":"https:\/\/neness.pl\/blog\/wp-json\/wp\/v2\/users\/2"}],"replies":[{"embeddable":true,"href":"https:\/\/neness.pl\/blog\/wp-json\/wp\/v2\/comments?post=8858"}],"version-history":[{"count":1,"href":"https:\/\/neness.pl\/blog\/wp-json\/wp\/v2\/posts\/8858\/revisions"}],"predecessor-version":[{"id":8961,"href":"https:\/\/neness.pl\/blog\/wp-json\/wp\/v2\/posts\/8858\/revisions\/8961"}],"wp:featuredmedia":[{"embeddable":true,"href":"https:\/\/neness.pl\/blog\/wp-json\/wp\/v2\/media\/8960"}],"wp:attachment":[{"href":"https:\/\/neness.pl\/blog\/wp-json\/wp\/v2\/media?parent=8858"}],"wp:term":[{"taxonomy":"category","embeddable":true,"href":"https:\/\/neness.pl\/blog\/wp-json\/wp\/v2\/categories?post=8858"},{"taxonomy":"post_tag","embeddable":true,"href":"https:\/\/neness.pl\/blog\/wp-json\/wp\/v2\/tags?post=8858"}],"curies":[{"name":"wp","href":"https:\/\/api.w.org\/{rel}","templated":true}]}}