{"id":8468,"date":"2021-02-16T08:19:12","date_gmt":"2021-02-16T07:19:12","guid":{"rendered":"http:\/\/ranking-kosmetykow.pl\/?p=8468"},"modified":"2021-12-21T22:16:59","modified_gmt":"2021-12-21T21:16:59","slug":"jak-dzialaja-maski-w-plachcie","status":"publish","type":"post","link":"https:\/\/neness.pl\/blog\/jak-dzialaja-maski-w-plachcie\/","title":{"rendered":"Jak dzia\u0142aj\u0105 maski w p\u0142achcie?\u00a0"},"content":{"rendered":"<p><strong>Maski w p\u0142achcie to kawa\u0142ek tkaniny, wyci\u0119tej w taki spos\u00f3b, aby idealnie dopasowa\u0107 si\u0119 do twarzy. Nas\u0105czone s\u0105 r\u00f3\u017cnymi esencjami &#8211; w zale\u017cno\u015bci od tego, jakie zadanie maj\u0105 spe\u0142nia\u0107. Tego typu maseczki maj\u0105 sw\u00f3j pocz\u0105tek w Azji, ale ju\u017c od kilku lat ciesz\u0105 si\u0119 du\u017c\u0105 popularno\u015bci\u0105 na ca\u0142ym \u015bwiecie. Co sprawi\u0142o, \u017ce maski w p\u0142achcie zyska\u0142y tak du\u017ce grono fan\u00f3w?<\/strong><!--more--><\/p>\n<p>&nbsp;<\/p>\n<h2>Spos\u00f3b aplikacji<\/h2>\n<p><span style=\"font-weight: 400;\">G\u0142\u00f3wn\u0105 zalet\u0105 tego typu maseczek jest ich <strong>praktyczny spos\u00f3b aplikacji<\/strong>. Wystarczy wyci\u0105gn\u0105\u0107 p\u0142acht\u0119 nas\u0105czon\u0105 substancjami od\u017cywczymi z opakowania i na\u0142o\u017cy\u0107 na twarz.&nbsp;<\/span><\/p>\n<p><span style=\"font-weight: 400;\">Po up\u0142ywie okre\u015blonego czasu nale\u017cy zdj\u0105\u0107 mask\u0119, a resztki wmasowa\u0107 w twarz. Lifehack: na dnie opakowania maski znajdziesz mn\u00f3stwo esencji, kt\u00f3ra nie zosta\u0142a wch\u0142oni\u0119ta przez p\u0142acht\u0119. U\u017cyj jej poprzez zaaplikowanie na dekolt lub d\u0142onie &#8211; one te\u017c potrzebuj\u0105 nawil\u017cenia!<\/span><\/p>\n<h2>Jak\u0105 mask\u0119 wybra\u0107?<\/h2>\n<p><span style=\"font-weight: 400;\">Obecnie na rynku znajdziesz maski w p\u0142achcie maj\u0105ce r\u00f3\u017cne zastosowania. Mask\u0119 dobierz do typu oraz aktualnych potrzeb Twojej cery.&nbsp;<\/span><\/p>\n<p><span style=\"font-weight: 400;\">Je\u015bli czujesz, \u017ce Twoja sk\u00f3ra twarzy potrzebuje oczyszczenia, zdecyduj si\u0119 na mask\u0119 Charcoal Essence Mask z w\u0119glem drzewnym. Pomo\u017ce ona zredukowa\u0107 nadmiar sebum, a <\/span><span style=\"font-weight: 400;\">dodatkowo<\/span><span style=\"font-weight: 400;\"> oczy\u015bci i uj\u0119drni sk\u00f3r\u0119 twarzy. \u015awietnie sprawdzi si\u0119 przy cerze mieszanej oraz t\u0142ustej.<\/span><\/p>\n<p>&nbsp;<\/p>\n<div id=\"attachment_8470\" style=\"width: 271px\" class=\"wp-caption aligncenter\"><a href=\"https:\/\/neness.pl\/pielegnacja-twarzy\/105537-charcoal-essence-mask-oczyszczajaca-maseczka-w-plachcie-wegiel-drzewny-23g\" target=\"_blank\" rel=\"noopener noreferrer\"><img loading=\"lazy\" decoding=\"async\" aria-describedby=\"caption-attachment-8470\" class=\"wp-image-8470\" src=\"http:\/\/ranking-kosmetykow.pl\/wp-content\/uploads\/2021\/02\/charcoal-essence-mask-oczyszczajaca-maseczka-w-plachcie-wegiel-drzewny-23g-300x300.jpg\" alt=\"\" width=\"261\" height=\"261\" srcset=\"https:\/\/neness.pl\/blog\/wp-content\/uploads\/2021\/02\/charcoal-essence-mask-oczyszczajaca-maseczka-w-plachcie-wegiel-drzewny-23g-300x300.jpg 300w, https:\/\/neness.pl\/blog\/wp-content\/uploads\/2021\/02\/charcoal-essence-mask-oczyszczajaca-maseczka-w-plachcie-wegiel-drzewny-23g-150x150.jpg 150w, https:\/\/neness.pl\/blog\/wp-content\/uploads\/2021\/02\/charcoal-essence-mask-oczyszczajaca-maseczka-w-plachcie-wegiel-drzewny-23g-768x768.jpg 768w, https:\/\/neness.pl\/blog\/wp-content\/uploads\/2021\/02\/charcoal-essence-mask-oczyszczajaca-maseczka-w-plachcie-wegiel-drzewny-23g-610x610.jpg 610w, https:\/\/neness.pl\/blog\/wp-content\/uploads\/2021\/02\/charcoal-essence-mask-oczyszczajaca-maseczka-w-plachcie-wegiel-drzewny-23g-440x440.jpg 440w, https:\/\/neness.pl\/blog\/wp-content\/uploads\/2021\/02\/charcoal-essence-mask-oczyszczajaca-maseczka-w-plachcie-wegiel-drzewny-23g.jpg 800w\" sizes=\"auto, (max-width: 261px) 100vw, 261px\" \/><\/a><p id=\"caption-attachment-8470\" class=\"wp-caption-text\">Charcoal Essence Mask oczyszczaj\u0105ca maseczka w p\u0142achcie W\u0119giel Drzewny 23g\/ 6,22 z\u0142<\/p><\/div>\n<p>&nbsp;<\/p>\n<p><span style=\"font-weight: 400;\">Maska Pure Essence Mask Sheet Shea Butter to zbawienie dla sk\u00f3ry przesuszonej, kt\u00f3ra potrzebuje dodatkowego nawil\u017cenia, szczeg\u00f3lnie w okresie zimowym. Przyspiesza regeneracj\u0119 podra\u017cnie\u0144 powsta\u0142ych na skutek mro\u017anego powietrza oraz poprawia j\u0119drno\u015b\u0107 i elastyczno\u015b\u0107 sk\u00f3ry twarzy.&nbsp;<\/span><\/p>\n<p>&nbsp;<\/p>\n<div id=\"attachment_8471\" style=\"width: 270px\" class=\"wp-caption aligncenter\"><a href=\"http:\/\/https:\/\/neness.pl\/pielegnacja-twarzy\/21594-pure-essence-mask-sheet-shea-butter-gleboko-nawilzajaca-maseczka-z-ekstraktem-z-masla-shea-20ml\" target=\"_blank\" rel=\"noopener noreferrer\"><img loading=\"lazy\" decoding=\"async\" aria-describedby=\"caption-attachment-8471\" class=\"wp-image-8471\" src=\"http:\/\/ranking-kosmetykow.pl\/wp-content\/uploads\/2021\/02\/pure-essence-mask-sheet-shea-butter-gleboko-nawilzajaca-maseczka-z-ekstraktem-z-masla-shea-20ml-300x300.jpg\" alt=\"\" width=\"260\" height=\"260\" srcset=\"https:\/\/neness.pl\/blog\/wp-content\/uploads\/2021\/02\/pure-essence-mask-sheet-shea-butter-gleboko-nawilzajaca-maseczka-z-ekstraktem-z-masla-shea-20ml-300x300.jpg 300w, https:\/\/neness.pl\/blog\/wp-content\/uploads\/2021\/02\/pure-essence-mask-sheet-shea-butter-gleboko-nawilzajaca-maseczka-z-ekstraktem-z-masla-shea-20ml-150x150.jpg 150w, https:\/\/neness.pl\/blog\/wp-content\/uploads\/2021\/02\/pure-essence-mask-sheet-shea-butter-gleboko-nawilzajaca-maseczka-z-ekstraktem-z-masla-shea-20ml-768x768.jpg 768w, https:\/\/neness.pl\/blog\/wp-content\/uploads\/2021\/02\/pure-essence-mask-sheet-shea-butter-gleboko-nawilzajaca-maseczka-z-ekstraktem-z-masla-shea-20ml-610x610.jpg 610w, https:\/\/neness.pl\/blog\/wp-content\/uploads\/2021\/02\/pure-essence-mask-sheet-shea-butter-gleboko-nawilzajaca-maseczka-z-ekstraktem-z-masla-shea-20ml-440x440.jpg 440w, https:\/\/neness.pl\/blog\/wp-content\/uploads\/2021\/02\/pure-essence-mask-sheet-shea-butter-gleboko-nawilzajaca-maseczka-z-ekstraktem-z-masla-shea-20ml.jpg 800w\" sizes=\"auto, (max-width: 260px) 100vw, 260px\" \/><\/a><p id=\"caption-attachment-8471\" class=\"wp-caption-text\">Pure Essence Mask Sheet Shea Butter g\u0142\u0119boko nawil\u017caj\u0105ca maseczka z ekstraktem z mas\u0142a shea 20ml\/ 10,58 z\u0142<\/p><\/div>\n<p>&nbsp;<\/p>\n<p><span style=\"font-weight: 400;\">Dla cery dojrza\u0142ej doskonale sprawdzi si\u0119 maska w p\u0142achcie z witamin\u0105 C, kt\u00f3ra dzia\u0142a przeciwzmarszczkowo i uj\u0119drniaj\u0105co. Jedn\u0105 z nich jest maska Skin Rescuer Mask Sheet Vita C, kt\u00f3ra sp\u0142aca zmarszczki mimiczne, uelastycznia i rozja\u015bnia sk\u00f3r\u0119 twarzy. <\/span><\/p>\n<p>&nbsp;<\/p>\n<div id=\"attachment_8473\" style=\"width: 285px\" class=\"wp-caption aligncenter\"><a href=\"https:\/\/neness.pl\/pielegnacja-twarzy\/21586-skin-rescuer-mask-sheet-vita-c-przeciwzmarszczkowa-maseczka-z-witamina-c-na-bawelnianej-plachcie\" target=\"_blank\" rel=\"noopener noreferrer\"><img loading=\"lazy\" decoding=\"async\" aria-describedby=\"caption-attachment-8473\" class=\"wp-image-8473\" src=\"http:\/\/ranking-kosmetykow.pl\/wp-content\/uploads\/2021\/02\/skin-rescuer-mask-sheet-vita-c-przeciwzmarszczkowa-maseczka-z-witamina-c-na-bawelnianej-plachcie-300x300.jpg\" alt=\"\" width=\"275\" height=\"275\" srcset=\"https:\/\/neness.pl\/blog\/wp-content\/uploads\/2021\/02\/skin-rescuer-mask-sheet-vita-c-przeciwzmarszczkowa-maseczka-z-witamina-c-na-bawelnianej-plachcie-300x300.jpg 300w, https:\/\/neness.pl\/blog\/wp-content\/uploads\/2021\/02\/skin-rescuer-mask-sheet-vita-c-przeciwzmarszczkowa-maseczka-z-witamina-c-na-bawelnianej-plachcie-150x150.jpg 150w, https:\/\/neness.pl\/blog\/wp-content\/uploads\/2021\/02\/skin-rescuer-mask-sheet-vita-c-przeciwzmarszczkowa-maseczka-z-witamina-c-na-bawelnianej-plachcie-768x768.jpg 768w, https:\/\/neness.pl\/blog\/wp-content\/uploads\/2021\/02\/skin-rescuer-mask-sheet-vita-c-przeciwzmarszczkowa-maseczka-z-witamina-c-na-bawelnianej-plachcie-610x610.jpg 610w, https:\/\/neness.pl\/blog\/wp-content\/uploads\/2021\/02\/skin-rescuer-mask-sheet-vita-c-przeciwzmarszczkowa-maseczka-z-witamina-c-na-bawelnianej-plachcie-440x440.jpg 440w, https:\/\/neness.pl\/blog\/wp-content\/uploads\/2021\/02\/skin-rescuer-mask-sheet-vita-c-przeciwzmarszczkowa-maseczka-z-witamina-c-na-bawelnianej-plachcie.jpg 800w\" sizes=\"auto, (max-width: 275px) 100vw, 275px\" \/><\/a><p id=\"caption-attachment-8473\" class=\"wp-caption-text\">Skin Rescuer Mask Sheet Vita C przeciwzmarszczkowa maseczka z witamin\u0105 C na bawe\u0142nianej p\u0142achcie\/ 12,52 z\u0142<\/p><\/div>\n<p>&nbsp;<\/p>\n<p><span style=\"font-weight: 400;\">Je\u015bli szykujesz si\u0119 na wielkie wyj\u015bcie, przed makija\u017cem zastosuj mask\u0119 Beauty In A Food Mask Sheet Lemon, kt\u00f3ra wyra\u017anie roz\u015bwietli sk\u00f3r\u0119 nadaj\u0105c jej zdrowego blasku. Kwas z cytryny <\/span><span style=\"font-weight: 400;\">z\u0142uszczy obumar\u0142y nask\u00f3rek, co przywr\u00f3ci Twojej sk\u00f3rze zdrowy i promienny wygl\u0105d.<\/span><\/p>\n<p>&nbsp;<\/p>\n<div id=\"attachment_8474\" style=\"width: 294px\" class=\"wp-caption aligncenter\"><a href=\"https:\/\/neness.pl\/pielegnacja-twarzy\/100250-beauty-in-a-food-mask-sheet-lemon-rozswietlajaca-maseczka-do-twarzy-w-plachcie-z-ekstraktem-z-cytryny-18ml\" target=\"_blank\" rel=\"noopener noreferrer\"><img loading=\"lazy\" decoding=\"async\" aria-describedby=\"caption-attachment-8474\" class=\"wp-image-8474\" src=\"http:\/\/ranking-kosmetykow.pl\/wp-content\/uploads\/2021\/02\/beauty-in-a-food-mask-sheet-lemon-rozswietlajaca-maseczka-do-twarzy-w-plachcie-z-ekstraktem-z-cytryny-18ml-300x300.jpg\" alt=\"\" width=\"284\" height=\"284\" srcset=\"https:\/\/neness.pl\/blog\/wp-content\/uploads\/2021\/02\/beauty-in-a-food-mask-sheet-lemon-rozswietlajaca-maseczka-do-twarzy-w-plachcie-z-ekstraktem-z-cytryny-18ml-300x300.jpg 300w, https:\/\/neness.pl\/blog\/wp-content\/uploads\/2021\/02\/beauty-in-a-food-mask-sheet-lemon-rozswietlajaca-maseczka-do-twarzy-w-plachcie-z-ekstraktem-z-cytryny-18ml-150x150.jpg 150w, https:\/\/neness.pl\/blog\/wp-content\/uploads\/2021\/02\/beauty-in-a-food-mask-sheet-lemon-rozswietlajaca-maseczka-do-twarzy-w-plachcie-z-ekstraktem-z-cytryny-18ml-768x768.jpg 768w, https:\/\/neness.pl\/blog\/wp-content\/uploads\/2021\/02\/beauty-in-a-food-mask-sheet-lemon-rozswietlajaca-maseczka-do-twarzy-w-plachcie-z-ekstraktem-z-cytryny-18ml-610x610.jpg 610w, https:\/\/neness.pl\/blog\/wp-content\/uploads\/2021\/02\/beauty-in-a-food-mask-sheet-lemon-rozswietlajaca-maseczka-do-twarzy-w-plachcie-z-ekstraktem-z-cytryny-18ml-440x440.jpg 440w, https:\/\/neness.pl\/blog\/wp-content\/uploads\/2021\/02\/beauty-in-a-food-mask-sheet-lemon-rozswietlajaca-maseczka-do-twarzy-w-plachcie-z-ekstraktem-z-cytryny-18ml.jpg 800w\" sizes=\"auto, (max-width: 284px) 100vw, 284px\" \/><\/a><p id=\"caption-attachment-8474\" class=\"wp-caption-text\">Beauty In A Food Mask Sheet Lemon roz\u015bwietlaj\u0105ca maseczka do twarzy w p\u0142achcie z ekstraktem z cytryny 18ml\/ 12,04 z\u0142<\/p><\/div>\n<p>&nbsp;<\/p>\n<h2>Nietypowe maski w p\u0142achcie<\/h2>\n<p><span style=\"font-weight: 400;\">Je\u015bli klasyczne maski w p\u0142achcie wydaj\u0105 Ci si\u0119 nudne, postaw na te bardziej nietypowe i szalone! Tego typu maski \u015bwietnie si\u0119 sprawdz\u0105 podczas wieczoru spa z przyjaci\u00f3\u0142kami lub jako urozmaicenie codziennej piel\u0119gnacji.&nbsp;<\/span><\/p>\n<p><span style=\"font-weight: 400;\">Jedn\u0105 z bardziej fantazyjnych maseczek jest Kitten Face Mask, ze wzgl\u0119du na nadruk kotka na p\u0142achcie. Nie tylko wygl\u0105da uroczo, ale r\u00f3wnie\u017c dzia\u0142a na nasz\u0105 sk\u00f3r\u0119 koj\u0105co, dzi\u0119ki ekstraktowi z og\u00f3rka i aloesu. Do wyboru mamy wiele zwierz\u0105tek, jednak pami\u0119taj, aby nie stosowa\u0107 maski u dzieci poni\u017cej 8. roku \u017cycia.&nbsp;<\/span><\/p>\n<p>&nbsp;<\/p>\n<div id=\"attachment_8475\" style=\"width: 244px\" class=\"wp-caption aligncenter\"><a href=\"https:\/\/neness.pl\/eco-kosmetyki-do-twarzy\/106684-kitten-face-mask-kojaca-maseczka-w-plachcie-cucumber-aloe-1szt\" target=\"_blank\" rel=\"noopener noreferrer\"><img loading=\"lazy\" decoding=\"async\" aria-describedby=\"caption-attachment-8475\" class=\"wp-image-8475 \" src=\"http:\/\/ranking-kosmetykow.pl\/wp-content\/uploads\/2021\/02\/kitten-face-mask-kojaca-maseczka-w-plachcie-cucumber-aloe-1szt-300x300.jpg\" alt=\"\" width=\"234\" height=\"234\" srcset=\"https:\/\/neness.pl\/blog\/wp-content\/uploads\/2021\/02\/kitten-face-mask-kojaca-maseczka-w-plachcie-cucumber-aloe-1szt-300x300.jpg 300w, https:\/\/neness.pl\/blog\/wp-content\/uploads\/2021\/02\/kitten-face-mask-kojaca-maseczka-w-plachcie-cucumber-aloe-1szt-150x150.jpg 150w, https:\/\/neness.pl\/blog\/wp-content\/uploads\/2021\/02\/kitten-face-mask-kojaca-maseczka-w-plachcie-cucumber-aloe-1szt-768x768.jpg 768w, https:\/\/neness.pl\/blog\/wp-content\/uploads\/2021\/02\/kitten-face-mask-kojaca-maseczka-w-plachcie-cucumber-aloe-1szt-610x610.jpg 610w, https:\/\/neness.pl\/blog\/wp-content\/uploads\/2021\/02\/kitten-face-mask-kojaca-maseczka-w-plachcie-cucumber-aloe-1szt-440x440.jpg 440w, https:\/\/neness.pl\/blog\/wp-content\/uploads\/2021\/02\/kitten-face-mask-kojaca-maseczka-w-plachcie-cucumber-aloe-1szt.jpg 800w\" sizes=\"auto, (max-width: 234px) 100vw, 234px\" \/><\/a><p id=\"caption-attachment-8475\" class=\"wp-caption-text\">Kitten Face Mask koj\u0105ca maseczka w p\u0142achcie Cucumber &amp; Aloe 1szt\/ 8,36 z\u0142<\/p><\/div>\n<p><span style=\"font-weight: 400;\"><br \/>\n<\/span><span style=\"font-weight: 400;\">Kolejnym alternatywnym rozwi\u0105zaniem jest b\u0105belkowa maska w p\u0142achcie. W takich maskach jak np. Bubble Face Mask od Eveline p\u0142achta jest nas\u0105czona serum, kt\u00f3re w kontakcie z powietrzem zamienia si\u0119 w aktywn\u0105 pian\u0119! P\u0119cherzyki tlenu sprawiaj\u0105, \u017ce substancja dostaje si\u0119 do por\u00f3w, dog\u0142\u0119bnie je oczyszczaj\u0105c.<\/span><\/p>\n<p>&nbsp;<\/p>\n<div id=\"attachment_8476\" style=\"width: 310px\" class=\"wp-caption aligncenter\"><a href=\"https:\/\/neness.pl\/pielegnacja-twarzy\/107754-bubble-face-mask-nawilzajaca-babelkowa-maska-w-plachcie-zielona-herbata-7ml\" target=\"_blank\" rel=\"noopener noreferrer\"><img loading=\"lazy\" decoding=\"async\" aria-describedby=\"caption-attachment-8476\" class=\"wp-image-8476 size-medium\" src=\"http:\/\/ranking-kosmetykow.pl\/wp-content\/uploads\/2021\/02\/bubble-face-mask-nawilzajaca-babelkowa-maska-w-plachcie-zielona-herbata-7ml-300x300.jpg\" alt=\"\" width=\"300\" height=\"300\" srcset=\"https:\/\/neness.pl\/blog\/wp-content\/uploads\/2021\/02\/bubble-face-mask-nawilzajaca-babelkowa-maska-w-plachcie-zielona-herbata-7ml-300x300.jpg 300w, https:\/\/neness.pl\/blog\/wp-content\/uploads\/2021\/02\/bubble-face-mask-nawilzajaca-babelkowa-maska-w-plachcie-zielona-herbata-7ml-150x150.jpg 150w, https:\/\/neness.pl\/blog\/wp-content\/uploads\/2021\/02\/bubble-face-mask-nawilzajaca-babelkowa-maska-w-plachcie-zielona-herbata-7ml-768x768.jpg 768w, https:\/\/neness.pl\/blog\/wp-content\/uploads\/2021\/02\/bubble-face-mask-nawilzajaca-babelkowa-maska-w-plachcie-zielona-herbata-7ml-610x610.jpg 610w, https:\/\/neness.pl\/blog\/wp-content\/uploads\/2021\/02\/bubble-face-mask-nawilzajaca-babelkowa-maska-w-plachcie-zielona-herbata-7ml-440x440.jpg 440w, https:\/\/neness.pl\/blog\/wp-content\/uploads\/2021\/02\/bubble-face-mask-nawilzajaca-babelkowa-maska-w-plachcie-zielona-herbata-7ml.jpg 800w\" sizes=\"auto, (max-width: 300px) 100vw, 300px\" \/><\/a><p id=\"caption-attachment-8476\" class=\"wp-caption-text\">https:\/\/neness.pl\/pielegnacja-twarzy\/107754-bubble-face-mask-nawilzajaca-babelkowa-maska-w-plachcie-zielona-herbata-7ml\/ 9,13 z\u0142<\/p><\/div>\n<p><span style=\"font-weight: 400;\"><br \/>\n<\/span><span style=\"font-weight: 400;\">Jak dobrze wiemy, to opakowania przyci\u0105gaj\u0105 nasz wzrok przy sklepowych p\u00f3\u0142kach. Na rynku znajdziemy zar\u00f3wno klasyczne opakowania masek, jak i te bardziej nietypowe. Do tych drugich zalicza si\u0119 maska Raspberry Muffin Sheet Mask od Dr. mola, kt\u00f3rej opakowanie jest w kszta\u0142cie malinowej babeczki, co z pewno\u015bci\u0105 doda koloru i fantazji do naszej wieczornej rutyny.&nbsp;<\/span><\/p>\n<p>&nbsp;<\/p>\n<div id=\"attachment_8477\" style=\"width: 270px\" class=\"wp-caption aligncenter\"><a href=\"https:\/\/neness.pl\/pielegnacja-twarzy\/107477-raspberry-muffin-sheet-mask-rewitalizujaco-nawilzajaca-maseczka-w-plachcie-23ml\"><img loading=\"lazy\" decoding=\"async\" aria-describedby=\"caption-attachment-8477\" class=\" wp-image-8477\" src=\"http:\/\/ranking-kosmetykow.pl\/wp-content\/uploads\/2021\/02\/raspberry-muffin-sheet-mask-rewitalizujaco-nawilzajaca-maseczka-w-plachcie-23ml-300x300.jpg\" alt=\"\" width=\"260\" height=\"260\" srcset=\"https:\/\/neness.pl\/blog\/wp-content\/uploads\/2021\/02\/raspberry-muffin-sheet-mask-rewitalizujaco-nawilzajaca-maseczka-w-plachcie-23ml-300x300.jpg 300w, https:\/\/neness.pl\/blog\/wp-content\/uploads\/2021\/02\/raspberry-muffin-sheet-mask-rewitalizujaco-nawilzajaca-maseczka-w-plachcie-23ml-150x150.jpg 150w, https:\/\/neness.pl\/blog\/wp-content\/uploads\/2021\/02\/raspberry-muffin-sheet-mask-rewitalizujaco-nawilzajaca-maseczka-w-plachcie-23ml-768x768.jpg 768w, https:\/\/neness.pl\/blog\/wp-content\/uploads\/2021\/02\/raspberry-muffin-sheet-mask-rewitalizujaco-nawilzajaca-maseczka-w-plachcie-23ml-610x610.jpg 610w, https:\/\/neness.pl\/blog\/wp-content\/uploads\/2021\/02\/raspberry-muffin-sheet-mask-rewitalizujaco-nawilzajaca-maseczka-w-plachcie-23ml-440x440.jpg 440w, https:\/\/neness.pl\/blog\/wp-content\/uploads\/2021\/02\/raspberry-muffin-sheet-mask-rewitalizujaco-nawilzajaca-maseczka-w-plachcie-23ml.jpg 800w\" sizes=\"auto, (max-width: 260px) 100vw, 260px\" \/><\/a><p id=\"caption-attachment-8477\" class=\"wp-caption-text\">Raspberry Muffin Sheet Mask rewitalizuj\u0105co-nawil\u017caj\u0105ca maseczka w p\u0142achcie 23ml\/ 5,93 z\u0142<\/p><\/div>\n<p>&nbsp;<\/p>\n<h2>Maski w p\u0142achcie alternatyw\u0105 dla klasycznych maseczek<\/h2>\n<p><span style=\"font-weight: 400;\">Maski w p\u0142achcie to ciekawe urozmaicenie oraz u\u0142atwienie codziennej piel\u0119gnacji dzi\u0119ki prostej aplikacji. Du\u017ca dost\u0119pno\u015b\u0107 i szeroki wyb\u00f3r masek to powody, dla kt\u00f3rych zyska\u0142y tak liczne grono zwolennik\u00f3w. Warto raz w tygodniu ws\u0142ucha\u0107 si\u0119 w potrzeby swojej cery oraz zapewni\u0107 sobie odrobin\u0119 relaksu, dzi\u0119ki masce w p\u0142achcie dopasowanej do Twojej cery.&nbsp;<\/span><\/p>\n","protected":false},"excerpt":{"rendered":"<p>Maski w p\u0142achcie to kawa\u0142ek tkaniny, wyci\u0119tej w taki spos\u00f3b, aby idealnie dopasowa\u0107 si\u0119 do twarzy. Nas\u0105czone s\u0105 r\u00f3\u017cnymi esencjami &#8211; w zale\u017cno\u015bci od tego, jakie zadanie maj\u0105 spe\u0142nia\u0107. Tego typu maseczki maj\u0105 sw\u00f3j pocz\u0105tek w Azji, ale ju\u017c od kilku lat ciesz\u0105 si\u0119 du\u017c\u0105 popularno\u015bci\u0105 na ca\u0142ym \u015bwiecie. Co sprawi\u0142o, \u017ce maski w p\u0142achcie [&hellip;]<\/p>\n","protected":false},"author":2,"featured_media":8528,"comment_status":"open","ping_status":"open","sticky":false,"template":"","format":"standard","meta":{"_et_pb_use_builder":"","_et_pb_old_content":"","_et_gb_content_width":"","footnotes":""},"categories":[185],"tags":[],"class_list":["post-8468","post","type-post","status-publish","format-standard","has-post-thumbnail","hentry","category-codzienna-pielegnacja","et-has-post-format-content","et_post_format-et-post-format-standard"],"_links":{"self":[{"href":"https:\/\/neness.pl\/blog\/wp-json\/wp\/v2\/posts\/8468","targetHints":{"allow":["GET"]}}],"collection":[{"href":"https:\/\/neness.pl\/blog\/wp-json\/wp\/v2\/posts"}],"about":[{"href":"https:\/\/neness.pl\/blog\/wp-json\/wp\/v2\/types\/post"}],"author":[{"embeddable":true,"href":"https:\/\/neness.pl\/blog\/wp-json\/wp\/v2\/users\/2"}],"replies":[{"embeddable":true,"href":"https:\/\/neness.pl\/blog\/wp-json\/wp\/v2\/comments?post=8468"}],"version-history":[{"count":1,"href":"https:\/\/neness.pl\/blog\/wp-json\/wp\/v2\/posts\/8468\/revisions"}],"predecessor-version":[{"id":9192,"href":"https:\/\/neness.pl\/blog\/wp-json\/wp\/v2\/posts\/8468\/revisions\/9192"}],"wp:featuredmedia":[{"embeddable":true,"href":"https:\/\/neness.pl\/blog\/wp-json\/wp\/v2\/media\/8528"}],"wp:attachment":[{"href":"https:\/\/neness.pl\/blog\/wp-json\/wp\/v2\/media?parent=8468"}],"wp:term":[{"taxonomy":"category","embeddable":true,"href":"https:\/\/neness.pl\/blog\/wp-json\/wp\/v2\/categories?post=8468"},{"taxonomy":"post_tag","embeddable":true,"href":"https:\/\/neness.pl\/blog\/wp-json\/wp\/v2\/tags?post=8468"}],"curies":[{"name":"wp","href":"https:\/\/api.w.org\/{rel}","templated":true}]}}