{"id":8449,"date":"2021-02-15T08:14:55","date_gmt":"2021-02-15T07:14:55","guid":{"rendered":"http:\/\/ranking-kosmetykow.pl\/?p=8449"},"modified":"2021-02-15T08:14:55","modified_gmt":"2021-02-15T07:14:55","slug":"przeglad-dermokosmetykow","status":"publish","type":"post","link":"https:\/\/neness.pl\/blog\/przeglad-dermokosmetykow\/","title":{"rendered":"Przegl\u0105d dermokosmetyk\u00f3w"},"content":{"rendered":"<p><strong>Dlaczego dermokosmetyki ciesz\u0105 si\u0119 rosn\u0105c\u0105 popularno\u015bci\u0105? G\u0142\u00f3wnym powodem s\u0105 zar\u00f3wno czynniki piel\u0119gnacyjne, jak i zdrowotne. Zawieraj\u0105 bowiem substancje pochodzenia biologicznego, kt\u00f3re pomagaj\u0105 w przywr\u00f3ceniu dobrej kondycji sk\u00f3ry, jak i utrzymywaniu tego efektu. Zapoznaj si\u0119 bli\u017cej z ofert\u0105 dermokosmetyk\u00f3w dla kobiet, jak i m\u0119\u017cczyzn.<\/strong><!--more--><\/p>\n<h2><strong>Dermokosmetyki do twarzy<\/strong><\/h2>\n<p>Decyduj\u0105c si\u0119 na piel\u0119gnacj\u0119 cery z pomoc\u0105 <strong>dermokosmetyk\u00f3w<\/strong>, warto postawi\u0107 na te do <strong>codziennego stosowania<\/strong>, kt\u00f3re nie tylko pomog\u0105 w redukcji nadmiaru sebum, ale tak\u017ce przywr\u00f3c\u0105 sk\u00f3rze r\u00f3wnowag\u0119 pH. Idealnym przyk\u0142adem b\u0119dzie tutaj \u017cel antybakteryjny Bioderma Sebium Gel Moussant o delikatnym zapachu, niezawieraj\u0105cy paraben\u00f3w i sztucznych barwnik\u00f3w.<\/p>\n<p>&nbsp;<\/p>\n<div id=\"attachment_8450\" style=\"width: 271px\" class=\"wp-caption aligncenter\"><a href=\"https:\/\/neness.pl\/dermokosmetyki-do-twarzy\/109447-sebium-gel-moussant-antybakteryjny-zel-do-mycia-twarzy-do-cery-tlustej-i-mieszanej-200ml\" target=\"_blank\" rel=\"noopener noreferrer\"><img loading=\"lazy\" decoding=\"async\" aria-describedby=\"caption-attachment-8450\" class=\"wp-image-8450 \" src=\"http:\/\/ranking-kosmetykow.pl\/wp-content\/uploads\/2021\/02\/sebium-gel-moussant-antybakteryjny-zel-do-mycia-twarzy-do-cery-tlustej-i-mieszanej-200ml-300x300.jpg\" alt=\"\" width=\"261\" height=\"261\" srcset=\"https:\/\/neness.pl\/blog\/wp-content\/uploads\/2021\/02\/sebium-gel-moussant-antybakteryjny-zel-do-mycia-twarzy-do-cery-tlustej-i-mieszanej-200ml-300x300.jpg 300w, https:\/\/neness.pl\/blog\/wp-content\/uploads\/2021\/02\/sebium-gel-moussant-antybakteryjny-zel-do-mycia-twarzy-do-cery-tlustej-i-mieszanej-200ml-150x150.jpg 150w, https:\/\/neness.pl\/blog\/wp-content\/uploads\/2021\/02\/sebium-gel-moussant-antybakteryjny-zel-do-mycia-twarzy-do-cery-tlustej-i-mieszanej-200ml-768x768.jpg 768w, https:\/\/neness.pl\/blog\/wp-content\/uploads\/2021\/02\/sebium-gel-moussant-antybakteryjny-zel-do-mycia-twarzy-do-cery-tlustej-i-mieszanej-200ml-610x610.jpg 610w, https:\/\/neness.pl\/blog\/wp-content\/uploads\/2021\/02\/sebium-gel-moussant-antybakteryjny-zel-do-mycia-twarzy-do-cery-tlustej-i-mieszanej-200ml-440x440.jpg 440w, https:\/\/neness.pl\/blog\/wp-content\/uploads\/2021\/02\/sebium-gel-moussant-antybakteryjny-zel-do-mycia-twarzy-do-cery-tlustej-i-mieszanej-200ml.jpg 800w\" sizes=\"auto, (max-width: 261px) 100vw, 261px\" \/><\/a><p id=\"caption-attachment-8450\" class=\"wp-caption-text\">Sebium Gel Moussant antybakteryjny \u017cel do mycia twarzy do cery t\u0142ustej i mieszanej 200ml\/ 33,99 z\u0142<\/p><\/div>\n<p>&nbsp;<\/p>\n<p><span style=\"font-weight: 400;\">Je\u015bli natomiast chodzi o <strong>p\u0142yn micelarny do demakija\u017cu<\/strong>, w tej roli \u015bwietnie sprawdzi si\u0119 Micellar Lotion marki Embryolisse. Nadaje si\u0119 zar\u00f3wno do sk\u00f3ry <strong>dojrza\u0142ej, jak i m\u0142odej<\/strong>. Delikatnie usuwa makija\u017c i <strong>nie podra\u017cnia<\/strong> sk\u00f3ry, dlatego jest on r\u00f3wnie\u017c dedykowany kobietom o wra\u017cliwej i wysuszonej cerze.\u00a0<\/span><\/p>\n<p>&nbsp;<\/p>\n<div id=\"attachment_8451\" style=\"width: 269px\" class=\"wp-caption aligncenter\"><a href=\"https:\/\/neness.pl\/dermokosmetyki-do-twarzy\/21280-micellar-lotion-plyn-micelarny-do-demakijazu-oczu-i-twarzy-100ml\" target=\"_blank\" rel=\"noopener noreferrer\"><img loading=\"lazy\" decoding=\"async\" aria-describedby=\"caption-attachment-8451\" class=\"wp-image-8451\" src=\"http:\/\/ranking-kosmetykow.pl\/wp-content\/uploads\/2021\/02\/micellar-lotion-plyn-micelarny-do-demakijazu-oczu-i-twarzy-100ml-300x300.jpg\" alt=\"\" width=\"259\" height=\"259\" srcset=\"https:\/\/neness.pl\/blog\/wp-content\/uploads\/2021\/02\/micellar-lotion-plyn-micelarny-do-demakijazu-oczu-i-twarzy-100ml-300x300.jpg 300w, https:\/\/neness.pl\/blog\/wp-content\/uploads\/2021\/02\/micellar-lotion-plyn-micelarny-do-demakijazu-oczu-i-twarzy-100ml-150x150.jpg 150w, https:\/\/neness.pl\/blog\/wp-content\/uploads\/2021\/02\/micellar-lotion-plyn-micelarny-do-demakijazu-oczu-i-twarzy-100ml-768x768.jpg 768w, https:\/\/neness.pl\/blog\/wp-content\/uploads\/2021\/02\/micellar-lotion-plyn-micelarny-do-demakijazu-oczu-i-twarzy-100ml-610x610.jpg 610w, https:\/\/neness.pl\/blog\/wp-content\/uploads\/2021\/02\/micellar-lotion-plyn-micelarny-do-demakijazu-oczu-i-twarzy-100ml-440x440.jpg 440w, https:\/\/neness.pl\/blog\/wp-content\/uploads\/2021\/02\/micellar-lotion-plyn-micelarny-do-demakijazu-oczu-i-twarzy-100ml.jpg 800w\" sizes=\"auto, (max-width: 259px) 100vw, 259px\" \/><\/a><p id=\"caption-attachment-8451\" class=\"wp-caption-text\">Micellar Lotion p\u0142yn micelarny do demakija\u017cu oczu i twarzy 100ml\/ 26,67 z\u0142<\/p><\/div>\n<p>&nbsp;<\/p>\n<p><span style=\"font-weight: 400;\">W dalszej piel\u0119gnacji warto zastosowa\u0107 dermokosmetyki z linii Bioliq, kt\u00f3re idealnie zaspokajaj\u0105 <strong>potrzeby dojrza\u0142ej cery<\/strong>. Kremy o dzia\u0142aniu od\u017cywczym i liftinguj\u0105cym na noc i na dzie\u0144 dostarczaj\u0105 sk\u00f3rze niezb\u0119dnych minera\u0142\u00f3w i witamin, oraz wyra\u017anie poprawiaj\u0105 jej j\u0119drno\u015b\u0107. Rezultat <strong>odm\u0142odzenia<\/strong> pot\u0119guje ponadto dodatek sk\u0142adnik\u00f3w aktywnych, jak wyci\u0105gi z kie\u0142k\u00f3w soi, tarczycy bajkalskiej, czy pszenicy, kt\u00f3re maj\u0105 dzia\u0142anie <strong>wyg\u0142adzaj\u0105ce zmarszczki<\/strong>.<\/span><\/p>\n<p>&nbsp;<\/p>\n<div id=\"attachment_8452\" style=\"width: 271px\" class=\"wp-caption aligncenter\"><a href=\"https:\/\/neness.pl\/dermokosmetyki-do-oczu\/109966-55-krem-intensywnie-liftingujacy-do-skory-oczu-ust-szyi-i-dekoltu-30ml\" target=\"_blank\" rel=\"noopener noreferrer\"><img loading=\"lazy\" decoding=\"async\" aria-describedby=\"caption-attachment-8452\" class=\"wp-image-8452\" src=\"http:\/\/ranking-kosmetykow.pl\/wp-content\/uploads\/2021\/02\/55-krem-intensywnie-liftingujacy-do-skory-oczu-ust-szyi-i-dekoltu-30ml-300x300.jpg\" alt=\"\" width=\"261\" height=\"261\" srcset=\"https:\/\/neness.pl\/blog\/wp-content\/uploads\/2021\/02\/55-krem-intensywnie-liftingujacy-do-skory-oczu-ust-szyi-i-dekoltu-30ml-300x300.jpg 300w, https:\/\/neness.pl\/blog\/wp-content\/uploads\/2021\/02\/55-krem-intensywnie-liftingujacy-do-skory-oczu-ust-szyi-i-dekoltu-30ml-150x150.jpg 150w, https:\/\/neness.pl\/blog\/wp-content\/uploads\/2021\/02\/55-krem-intensywnie-liftingujacy-do-skory-oczu-ust-szyi-i-dekoltu-30ml-768x768.jpg 768w, https:\/\/neness.pl\/blog\/wp-content\/uploads\/2021\/02\/55-krem-intensywnie-liftingujacy-do-skory-oczu-ust-szyi-i-dekoltu-30ml-610x610.jpg 610w, https:\/\/neness.pl\/blog\/wp-content\/uploads\/2021\/02\/55-krem-intensywnie-liftingujacy-do-skory-oczu-ust-szyi-i-dekoltu-30ml-440x440.jpg 440w, https:\/\/neness.pl\/blog\/wp-content\/uploads\/2021\/02\/55-krem-intensywnie-liftingujacy-do-skory-oczu-ust-szyi-i-dekoltu-30ml.jpg 800w\" sizes=\"auto, (max-width: 261px) 100vw, 261px\" \/><\/a><p id=\"caption-attachment-8452\" class=\"wp-caption-text\">55+ krem intensywnie liftinguj\u0105cy do sk\u00f3ry oczu ust szyi i dekoltu 30ml\/ 25 z\u0142<\/p><\/div>\n<p>&nbsp;<\/p>\n<h2><strong>Dermokosmetyki do w\u0142os\u00f3w<\/strong><\/h2>\n<p>Dermokosmetyki nie ograniczaj\u0105 si\u0119 wy\u0142\u0105cznie do piel\u0119gnacji sk\u00f3ry. Z ich pomoc\u0105 mo\u017cna skutecznie i bezpiecznie dba\u0107 tak\u017ce o w\u0142osy. Jedn\u0105 z takich propozycji jest szampon Physiogel o delikatnej formule, kt\u00f3ry nie tylko dba o w\u0142osy, ale tak\u017ce oczyszcza nask\u00f3rek. Osoby borykaj\u0105ce si\u0119 z <strong>nadmiernym sw\u0119dzeniem i wra\u017cliwo\u015bci\u0105 sk\u00f3ry g\u0142owy<\/strong> powinny dba\u0107 o zachowanie pH jak najbardziej zbli\u017conego do naturalnego. Z pomoc\u0105 tego szamponu jest to jak najbardziej mo\u017cliwe. Co wi\u0119cej, mo\u017cna stosowa\u0107 go zamiennie z szamponami o dzia\u0142aniu leczniczym.<\/p>\n<p>&nbsp;<\/p>\n<div id=\"attachment_8453\" style=\"width: 268px\" class=\"wp-caption aligncenter\"><a href=\"https:\/\/neness.pl\/do-wlosow\/7521-pielegnacja-wlosow-i-skory-glowy-delikatny-szampon-do-suchej-i-wrazliwej-skory-glowy-250ml\" target=\"_blank\" rel=\"noopener noreferrer\"><img loading=\"lazy\" decoding=\"async\" aria-describedby=\"caption-attachment-8453\" class=\"wp-image-8453\" src=\"http:\/\/ranking-kosmetykow.pl\/wp-content\/uploads\/2021\/02\/pielegnacja-wlosow-i-skory-glowy-delikatny-szampon-do-suchej-i-wrazliwej-skory-glowy-250ml-300x300.jpg\" alt=\"\" width=\"258\" height=\"258\" srcset=\"https:\/\/neness.pl\/blog\/wp-content\/uploads\/2021\/02\/pielegnacja-wlosow-i-skory-glowy-delikatny-szampon-do-suchej-i-wrazliwej-skory-glowy-250ml-300x300.jpg 300w, https:\/\/neness.pl\/blog\/wp-content\/uploads\/2021\/02\/pielegnacja-wlosow-i-skory-glowy-delikatny-szampon-do-suchej-i-wrazliwej-skory-glowy-250ml-150x150.jpg 150w, https:\/\/neness.pl\/blog\/wp-content\/uploads\/2021\/02\/pielegnacja-wlosow-i-skory-glowy-delikatny-szampon-do-suchej-i-wrazliwej-skory-glowy-250ml-768x768.jpg 768w, https:\/\/neness.pl\/blog\/wp-content\/uploads\/2021\/02\/pielegnacja-wlosow-i-skory-glowy-delikatny-szampon-do-suchej-i-wrazliwej-skory-glowy-250ml-610x610.jpg 610w, https:\/\/neness.pl\/blog\/wp-content\/uploads\/2021\/02\/pielegnacja-wlosow-i-skory-glowy-delikatny-szampon-do-suchej-i-wrazliwej-skory-glowy-250ml-440x440.jpg 440w, https:\/\/neness.pl\/blog\/wp-content\/uploads\/2021\/02\/pielegnacja-wlosow-i-skory-glowy-delikatny-szampon-do-suchej-i-wrazliwej-skory-glowy-250ml.jpg 800w\" sizes=\"auto, (max-width: 258px) 100vw, 258px\" \/><\/a><p id=\"caption-attachment-8453\" class=\"wp-caption-text\">Piel\u0119gnacja W\u0142os\u00f3w i Sk\u00f3ry G\u0142owy delikatny szampon do suchej i wra\u017cliwej sk\u00f3ry g\u0142owy 250ml\/ 31,99 z\u0142<\/p><\/div>\n<p>&nbsp;<\/p>\n<p><span style=\"font-weight: 400;\">Problemy zwi\u0105zane z w\u0142osami mog\u0105 dotyczy\u0107 ich nadmiernego wypadania. W takich okoliczno\u015bciach rozwi\u0105zaniem b\u0119dzie <strong>od\u017cywka wzmacniaj\u0105ca, regeneruj\u0105ca<\/strong> zniszczone w\u0142osy oraz pobudzaj\u0105ca mieszki w\u0142osowe. Warto oprze\u0107 si\u0119 na specjalistycznej dermo od\u017cywce Basiclab Capillus, kt\u00f3r\u0105 mog\u0105 stosowa\u0107 zar\u00f3wno kobiety, jak i m\u0119\u017cczy\u017ani. Kosmetyk ten sprawia, \u017ce w\u0142osy s\u0105 nie tylko <strong>mocniejsze, ale i zdrowsze<\/strong>. Wyra\u017anie zmniejsza si\u0119 r\u00f3wnie\u017c ich wypadanie, gdy\u017c dzia\u0142anie regeneracyjne tyczy si\u0119 ca\u0142ej struktury w\u0142osa oraz sk\u00f3ry g\u0142owy.\u00a0<\/span><\/p>\n<p>&nbsp;<\/p>\n<div id=\"attachment_8454\" style=\"width: 269px\" class=\"wp-caption aligncenter\"><a href=\"https:\/\/neness.pl\/do-wlosow\/60465-capillus-conditioner-stymulujaca-odzywka-na-wypadanie-wlosow-300ml\"><img loading=\"lazy\" decoding=\"async\" aria-describedby=\"caption-attachment-8454\" class=\" wp-image-8454\" src=\"http:\/\/ranking-kosmetykow.pl\/wp-content\/uploads\/2021\/02\/capillus-conditioner-stymulujaca-odzywka-na-wypadanie-wlosow-300ml-300x300.jpg\" alt=\"\" width=\"259\" height=\"259\" srcset=\"https:\/\/neness.pl\/blog\/wp-content\/uploads\/2021\/02\/capillus-conditioner-stymulujaca-odzywka-na-wypadanie-wlosow-300ml-300x300.jpg 300w, https:\/\/neness.pl\/blog\/wp-content\/uploads\/2021\/02\/capillus-conditioner-stymulujaca-odzywka-na-wypadanie-wlosow-300ml-150x150.jpg 150w, https:\/\/neness.pl\/blog\/wp-content\/uploads\/2021\/02\/capillus-conditioner-stymulujaca-odzywka-na-wypadanie-wlosow-300ml-768x768.jpg 768w, https:\/\/neness.pl\/blog\/wp-content\/uploads\/2021\/02\/capillus-conditioner-stymulujaca-odzywka-na-wypadanie-wlosow-300ml-610x610.jpg 610w, https:\/\/neness.pl\/blog\/wp-content\/uploads\/2021\/02\/capillus-conditioner-stymulujaca-odzywka-na-wypadanie-wlosow-300ml-440x440.jpg 440w, https:\/\/neness.pl\/blog\/wp-content\/uploads\/2021\/02\/capillus-conditioner-stymulujaca-odzywka-na-wypadanie-wlosow-300ml.jpg 800w\" sizes=\"auto, (max-width: 259px) 100vw, 259px\" \/><\/a><p id=\"caption-attachment-8454\" class=\"wp-caption-text\">Capillus Conditioner stymuluj\u0105ca od\u017cywka na wypadanie w\u0142os\u00f3w 300ml\/ 58,99 z\u0142<\/p><\/div>\n<p>&nbsp;<\/p>\n<h2><strong>Kosmetyki testowane dermatologicznie dla m\u0119\u017cczyzn<\/strong><\/h2>\n<p>Dermokosmetyki to r\u00f3wnie\u017c preparaty z przeznaczeniem dla m\u0119\u017cczyzn, kt\u00f3rzy borykaj\u0105 si\u0119 z nadmiern\u0105 potliwo\u015bci\u0105, czy podra\u017cnieniem sk\u00f3ry po goleniu. W przypadku antyperspirant\u00f3w skuteczno\u015bci\u0105 wyr\u00f3\u017cnia si\u0119 For Men Balsam Deodorant Roll-On dezodorant marki Sebamed, czyli dezodorant w kulce <strong>wspieraj\u0105cy naturaln\u0105 barier\u0119 ochronn\u0105 sk\u00f3ry<\/strong>, kt\u00f3ry jednak w \u017caden spos\u00f3b nie wp\u0142ywa negatywnie na prac\u0119 gruczo\u0142\u00f3w \u0142ojowych. Co wi\u0119cej, <strong>nie podra\u017cnia sk\u00f3ry<\/strong> po zabiegu depilacji i delikatnie j\u0105 piel\u0119gnuje. Natomiast w przypadku m\u0119\u017cczyzn regularnie pozbywaj\u0105cych si\u0119 zarostu dobrym wyborem b\u0119dzie For Men After Shave Balm balsam po goleniu dla sk\u00f3ry wra\u017cliwej i podra\u017cnionej. Jego receptura nie opiera si\u0119 na alkoholu, przeciwdzia\u0142a podra\u017cnieniom i <strong>nawil\u017ca delikatny nask\u00f3rek<\/strong>.<\/p>\n<p>&nbsp;<\/p>\n<div id=\"attachment_8455\" style=\"width: 271px\" class=\"wp-caption aligncenter\"><a href=\"https:\/\/neness.pl\/do-pielegnacji-ciala\/54507-for-men-balsam-deodorant-roll-on-dezodorant-w-kulce-dla-mezczyzn-50ml\"><img loading=\"lazy\" decoding=\"async\" aria-describedby=\"caption-attachment-8455\" class=\" wp-image-8455\" src=\"http:\/\/ranking-kosmetykow.pl\/wp-content\/uploads\/2021\/02\/for-men-balsam-deodorant-roll-on-dezodorant-w-kulce-dla-mezczyzn-50ml-300x300.jpg\" alt=\"\" width=\"261\" height=\"261\" srcset=\"https:\/\/neness.pl\/blog\/wp-content\/uploads\/2021\/02\/for-men-balsam-deodorant-roll-on-dezodorant-w-kulce-dla-mezczyzn-50ml-300x300.jpg 300w, https:\/\/neness.pl\/blog\/wp-content\/uploads\/2021\/02\/for-men-balsam-deodorant-roll-on-dezodorant-w-kulce-dla-mezczyzn-50ml-150x150.jpg 150w, https:\/\/neness.pl\/blog\/wp-content\/uploads\/2021\/02\/for-men-balsam-deodorant-roll-on-dezodorant-w-kulce-dla-mezczyzn-50ml-768x768.jpg 768w, https:\/\/neness.pl\/blog\/wp-content\/uploads\/2021\/02\/for-men-balsam-deodorant-roll-on-dezodorant-w-kulce-dla-mezczyzn-50ml-610x610.jpg 610w, https:\/\/neness.pl\/blog\/wp-content\/uploads\/2021\/02\/for-men-balsam-deodorant-roll-on-dezodorant-w-kulce-dla-mezczyzn-50ml-440x440.jpg 440w, https:\/\/neness.pl\/blog\/wp-content\/uploads\/2021\/02\/for-men-balsam-deodorant-roll-on-dezodorant-w-kulce-dla-mezczyzn-50ml.jpg 800w\" sizes=\"auto, (max-width: 261px) 100vw, 261px\" \/><\/a><p id=\"caption-attachment-8455\" class=\"wp-caption-text\">For Men Balsam Deodorant Roll-On dezodorant w kulce dla m\u0119\u017cczyzn 50ml\/ 17,06 z\u0142<\/p><\/div>\n<p>&nbsp;<\/p>\n<div id=\"attachment_8456\" style=\"width: 270px\" class=\"wp-caption aligncenter\"><a href=\"https:\/\/neness.pl\/dermokosmetyki-do-twarzy\/54503-for-men-after-shave-balm-balsam-po-goleniu-dla-skory-wrazliwej-i-podraznionej-100ml\" target=\"_blank\" rel=\"noopener noreferrer\"><img loading=\"lazy\" decoding=\"async\" aria-describedby=\"caption-attachment-8456\" class=\"wp-image-8456\" src=\"http:\/\/ranking-kosmetykow.pl\/wp-content\/uploads\/2021\/02\/for-men-after-shave-balm-balsam-po-goleniu-dla-skory-wrazliwej-i-podraznionej-100ml-300x300.jpg\" alt=\"\" width=\"260\" height=\"260\" srcset=\"https:\/\/neness.pl\/blog\/wp-content\/uploads\/2021\/02\/for-men-after-shave-balm-balsam-po-goleniu-dla-skory-wrazliwej-i-podraznionej-100ml-300x300.jpg 300w, https:\/\/neness.pl\/blog\/wp-content\/uploads\/2021\/02\/for-men-after-shave-balm-balsam-po-goleniu-dla-skory-wrazliwej-i-podraznionej-100ml-150x150.jpg 150w, https:\/\/neness.pl\/blog\/wp-content\/uploads\/2021\/02\/for-men-after-shave-balm-balsam-po-goleniu-dla-skory-wrazliwej-i-podraznionej-100ml-768x768.jpg 768w, https:\/\/neness.pl\/blog\/wp-content\/uploads\/2021\/02\/for-men-after-shave-balm-balsam-po-goleniu-dla-skory-wrazliwej-i-podraznionej-100ml-610x610.jpg 610w, https:\/\/neness.pl\/blog\/wp-content\/uploads\/2021\/02\/for-men-after-shave-balm-balsam-po-goleniu-dla-skory-wrazliwej-i-podraznionej-100ml-440x440.jpg 440w, https:\/\/neness.pl\/blog\/wp-content\/uploads\/2021\/02\/for-men-after-shave-balm-balsam-po-goleniu-dla-skory-wrazliwej-i-podraznionej-100ml.jpg 800w\" sizes=\"auto, (max-width: 260px) 100vw, 260px\" \/><\/a><p id=\"caption-attachment-8456\" class=\"wp-caption-text\">For Men After Shave Balm balsam po goleniu dla sk\u00f3ry wra\u017cliwej i podra\u017cnionej 100ml\/ 34,99 z\u0142<\/p><\/div>\n<p>&nbsp;<\/p>\n<p><span style=\"font-weight: 400;\">Dermokosmetyki maj\u0105 dzia\u0142anie <strong>\u0142agodz\u0105ce, piel\u0119gnacyjne<\/strong>, a dzi\u0119ki przemy\u015blanej recepturze cz\u0119sto stosowane s\u0105 r\u00f3wnie\u017c przez diabetyk\u00f3w. Skutecznie ochroni\u0105 Twoj\u0105 sk\u00f3r\u0119 przed p\u0119kaniem, \u0142agodz\u0105 sw\u0119dzenie, jak i\u00a0 poprawiaj\u0105 kondycj\u0119 nask\u00f3rka sk\u0142onnego do przesuszania, \u0142uszczenia i podra\u017cnie\u0144.<\/span><\/p>\n","protected":false},"excerpt":{"rendered":"<p>Dlaczego dermokosmetyki ciesz\u0105 si\u0119 rosn\u0105c\u0105 popularno\u015bci\u0105? G\u0142\u00f3wnym powodem s\u0105 zar\u00f3wno czynniki piel\u0119gnacyjne, jak i zdrowotne. Zawieraj\u0105 bowiem substancje pochodzenia biologicznego, kt\u00f3re pomagaj\u0105 w przywr\u00f3ceniu dobrej kondycji sk\u00f3ry, jak i utrzymywaniu tego efektu. Zapoznaj si\u0119 bli\u017cej z ofert\u0105 dermokosmetyk\u00f3w dla kobiet, jak i m\u0119\u017cczyzn.<\/p>\n","protected":false},"author":2,"featured_media":8457,"comment_status":"open","ping_status":"open","sticky":false,"template":"","format":"standard","meta":{"_et_pb_use_builder":"","_et_pb_old_content":"","_et_gb_content_width":"","footnotes":""},"categories":[185],"tags":[],"class_list":["post-8449","post","type-post","status-publish","format-standard","has-post-thumbnail","hentry","category-codzienna-pielegnacja","et-has-post-format-content","et_post_format-et-post-format-standard"],"_links":{"self":[{"href":"https:\/\/neness.pl\/blog\/wp-json\/wp\/v2\/posts\/8449","targetHints":{"allow":["GET"]}}],"collection":[{"href":"https:\/\/neness.pl\/blog\/wp-json\/wp\/v2\/posts"}],"about":[{"href":"https:\/\/neness.pl\/blog\/wp-json\/wp\/v2\/types\/post"}],"author":[{"embeddable":true,"href":"https:\/\/neness.pl\/blog\/wp-json\/wp\/v2\/users\/2"}],"replies":[{"embeddable":true,"href":"https:\/\/neness.pl\/blog\/wp-json\/wp\/v2\/comments?post=8449"}],"version-history":[{"count":0,"href":"https:\/\/neness.pl\/blog\/wp-json\/wp\/v2\/posts\/8449\/revisions"}],"wp:featuredmedia":[{"embeddable":true,"href":"https:\/\/neness.pl\/blog\/wp-json\/wp\/v2\/media\/8457"}],"wp:attachment":[{"href":"https:\/\/neness.pl\/blog\/wp-json\/wp\/v2\/media?parent=8449"}],"wp:term":[{"taxonomy":"category","embeddable":true,"href":"https:\/\/neness.pl\/blog\/wp-json\/wp\/v2\/categories?post=8449"},{"taxonomy":"post_tag","embeddable":true,"href":"https:\/\/neness.pl\/blog\/wp-json\/wp\/v2\/tags?post=8449"}],"curies":[{"name":"wp","href":"https:\/\/api.w.org\/{rel}","templated":true}]}}