{"id":8332,"date":"2021-01-14T11:47:10","date_gmt":"2021-01-14T10:47:10","guid":{"rendered":"http:\/\/ranking-kosmetykow.pl\/?p=8332"},"modified":"2021-01-14T11:47:10","modified_gmt":"2021-01-14T10:47:10","slug":"jak-szybko-zmienic-makijaz-dzienny-w-wieczorowy","status":"publish","type":"post","link":"https:\/\/neness.pl\/blog\/jak-szybko-zmienic-makijaz-dzienny-w-wieczorowy\/","title":{"rendered":"Jak szybko zmieni\u0107 makija\u017c dzienny w wieczorowy?"},"content":{"rendered":"<p><strong>Wieczorem czeka Ci\u0119 impreza, ale wiesz, \u017ce po wyj\u015bciu z pracy nie b\u0119dziesz mia\u0142a czasu na wykonywanie efektownego makija\u017cu od podstaw? Skorzystaj z kilku praktycznych wskaz\u00f3wek, by szybko zmieni\u0107 sw\u00f3j makija\u017c dzienny w wieczorowy i zab\u0142ysn\u0105\u0107 na przyj\u0119ciu. Je\u015bli zadbasz o sw\u00f3j wygl\u0105d ju\u017c od rana, wykonanie imprezowej stylizacji zajmie Ci tylko kilka chwil.<\/strong><\/p>\n<p><!--more--><\/p>\n<h2><strong>Makija\u017c dzienny i wieczorowy \u2013 czym si\u0119 r\u00f3\u017cni\u0105?<\/strong><\/h2>\n<p><span style=\"font-weight: 400;\">Z pewno\u015bci\u0105 nawet intuicyjnie wiesz, \u017ce to, co dobrze wygl\u0105da wieczorem, niekoniecznie sprawdzi si\u0119 w biurze, na nieformalnym spotkaniu czy podczas zakup\u00f3w. Wykonuj\u0105c <strong>makija\u017c dzienny,<\/strong> dbamy przede wszystkim o to, by sk\u00f3ra wygl\u0105da\u0142a <strong>nieskazitelnie<\/strong>. Wa\u017cne jest jej w\u0142a\u015bciwe <strong>oczyszczenie<\/strong>, a nast\u0119pnie<strong> na\u0142o\u017cenie bazy<\/strong> i <strong>podk\u0142adu<\/strong> oraz skorygowanie niedoskona\u0142o\u015bci poprzez konturowanie i zastosowanie korektora. Oczy w makija\u017cu dziennym podkre\u015bla si\u0119 <strong>delikatnie<\/strong> \u2013 unikamy ciemnych cieni do powiek i mocnych kresek. Zamiast pomadki w intensywnym kolorze lepiej zastosowa\u0107 lekki b\u0142yszczyk.<\/span><\/p>\n<div id=\"attachment_8334\" style=\"width: 304px\" class=\"wp-caption aligncenter\"><a href=\"https:\/\/neness.pl\/bazy-pod-makijaz\/15436-make-up-blur-maxi-cover-fluid-baza-wygladzajaco-kryjaca-02-nude-30ml\" target=\"_blank\" rel=\"noopener noreferrer\"><img loading=\"lazy\" decoding=\"async\" aria-describedby=\"caption-attachment-8334\" class=\"wp-image-8334\" src=\"http:\/\/ranking-kosmetykow.pl\/wp-content\/uploads\/2021\/01\/make-up-blur-maxi-cover-fluid-baza-wygladzajaco-kryjaca-02-nude-30ml-300x300.jpg\" alt=\"\" width=\"294\" height=\"294\" srcset=\"https:\/\/neness.pl\/blog\/wp-content\/uploads\/2021\/01\/make-up-blur-maxi-cover-fluid-baza-wygladzajaco-kryjaca-02-nude-30ml-300x300.jpg 300w, https:\/\/neness.pl\/blog\/wp-content\/uploads\/2021\/01\/make-up-blur-maxi-cover-fluid-baza-wygladzajaco-kryjaca-02-nude-30ml-150x150.jpg 150w, https:\/\/neness.pl\/blog\/wp-content\/uploads\/2021\/01\/make-up-blur-maxi-cover-fluid-baza-wygladzajaco-kryjaca-02-nude-30ml-768x768.jpg 768w, https:\/\/neness.pl\/blog\/wp-content\/uploads\/2021\/01\/make-up-blur-maxi-cover-fluid-baza-wygladzajaco-kryjaca-02-nude-30ml-610x610.jpg 610w, https:\/\/neness.pl\/blog\/wp-content\/uploads\/2021\/01\/make-up-blur-maxi-cover-fluid-baza-wygladzajaco-kryjaca-02-nude-30ml-440x440.jpg 440w, https:\/\/neness.pl\/blog\/wp-content\/uploads\/2021\/01\/make-up-blur-maxi-cover-fluid-baza-wygladzajaco-kryjaca-02-nude-30ml.jpg 800w\" sizes=\"auto, (max-width: 294px) 100vw, 294px\" \/><\/a><p id=\"caption-attachment-8334\" class=\"wp-caption-text\">Make-Up Blur Maxi Cover fluid-baza wyg\u0142adzaj\u0105co-kryj\u0105ca 02 Nude 30ml\/46,43 z\u0142<\/p><\/div>\n<p>&nbsp;<\/p>\n<p><span style=\"font-weight: 400;\">Podczas wieczornych imprez mo\u017cna sobie w makija\u017cu pozwoli\u0107 na wi\u0119cej. W sztucznym \u015bwietle lepiej prezentuj\u0105 si\u0119 cienie do powiek w kolorze <strong>turkusu<\/strong>, <strong>granatu<\/strong> czy <strong>szaro\u015bci<\/strong>, nie musimy r\u00f3wnie\u017c ba\u0107 si\u0119 brokatu. Charakterystyczne dla wieczorowego makija\u017cu s\u0105 tak\u017ce wyra\u017ane graficzne <strong>kreski na powiekach<\/strong>, daj\u0105ce efekt \u201ekociego oka\u201d. Je\u015bli wolimy podkre\u015bli\u0107 usta zamiast oczu, mo\u017cemy wykorzysta\u0107 do tego intensywnie czerwone szminki oraz kontur\u00f3wki do ust.<\/span><\/p>\n<h2><strong>Makija\u017c wieczorowy \u2013 nie musisz tworzy\u0107 go od podstaw<\/strong><\/h2>\n<p><span style=\"font-weight: 400;\">O to, by makija\u017c wieczorowy prezentowa\u0142 si\u0119 efektownie, warto zadba\u0107 ju\u017c\u2026 rano. Je\u015bli w\u0142a\u015bciwie wykonasz makija\u017c dzienny, b\u0119dzie on dobr\u0105 baz\u0105 na wiecz\u00f3r, a Tobie pozostanie do wykonania tylko kilka drobnych poprawek.<\/span><\/p>\n<h4><span style=\"font-weight: 400;\">Idealna cera ju\u017c od rana<\/span><\/h4>\n<p><span style=\"font-weight: 400;\">Zacznij od dok\u0142adnego<strong> oczyszczenia sk\u00f3ry i na\u0142o\u017cenia kremu<\/strong> \u2013 w\u00f3wczas podk\u0142ad i puder b\u0119d\u0105 trzyma\u0142y si\u0119 na niej d\u0142u\u017cej. Je\u015bli nie masz problem\u00f3w z such\u0105 cer\u0105, zastosuj <strong>puder matuj\u0105cy.<\/strong> Ten kosmetyk dobrze wi\u0105\u017ce makija\u017c i powoduje, \u017ce sk\u00f3ra nie \u015bwieci si\u0119 w sztucznym \u015bwietle. Rano warto te\u017c zastosowa\u0107 <strong>baz\u0119<\/strong>, kt\u00f3ra roz\u015bwietli cer\u0119 i ukryje jej niedoskona\u0142o\u015bci. Tak przygotowana sk\u00f3ra b\u0119dzie potrzebowa\u0142a jedynie delikatnego <strong>od\u015bwie\u017cenia<\/strong>. Na wiecz\u00f3r dobrze jest mie\u0107 ze sob\u0105 puder lub jednorazowe bibu\u0142ki, kt\u00f3re wch\u0142on\u0105 nadmiar sebum.<\/span><\/p>\n<div id=\"attachment_8335\" style=\"width: 264px\" class=\"wp-caption aligncenter\"><a href=\"https:\/\/neness.pl\/pudry\/9180-fit-me-matte-poreless-pressed-powder-puder-matujacy-do-twarzy-w-kompakcie-120-classic-ivory-9g\" target=\"_blank\" rel=\"noopener noreferrer\"><img loading=\"lazy\" decoding=\"async\" aria-describedby=\"caption-attachment-8335\" class=\"wp-image-8335\" src=\"http:\/\/ranking-kosmetykow.pl\/wp-content\/uploads\/2021\/01\/fit-me-matte-poreless-pressed-powder-puder-matujacy-do-twarzy-w-kompakcie-120-classic-ivory-9g-300x300.jpg\" alt=\"\" width=\"254\" height=\"254\" srcset=\"https:\/\/neness.pl\/blog\/wp-content\/uploads\/2021\/01\/fit-me-matte-poreless-pressed-powder-puder-matujacy-do-twarzy-w-kompakcie-120-classic-ivory-9g-300x300.jpg 300w, https:\/\/neness.pl\/blog\/wp-content\/uploads\/2021\/01\/fit-me-matte-poreless-pressed-powder-puder-matujacy-do-twarzy-w-kompakcie-120-classic-ivory-9g-150x150.jpg 150w, https:\/\/neness.pl\/blog\/wp-content\/uploads\/2021\/01\/fit-me-matte-poreless-pressed-powder-puder-matujacy-do-twarzy-w-kompakcie-120-classic-ivory-9g-768x768.jpg 768w, https:\/\/neness.pl\/blog\/wp-content\/uploads\/2021\/01\/fit-me-matte-poreless-pressed-powder-puder-matujacy-do-twarzy-w-kompakcie-120-classic-ivory-9g-610x610.jpg 610w, https:\/\/neness.pl\/blog\/wp-content\/uploads\/2021\/01\/fit-me-matte-poreless-pressed-powder-puder-matujacy-do-twarzy-w-kompakcie-120-classic-ivory-9g-440x440.jpg 440w, https:\/\/neness.pl\/blog\/wp-content\/uploads\/2021\/01\/fit-me-matte-poreless-pressed-powder-puder-matujacy-do-twarzy-w-kompakcie-120-classic-ivory-9g.jpg 800w\" sizes=\"auto, (max-width: 254px) 100vw, 254px\" \/><\/a><p id=\"caption-attachment-8335\" class=\"wp-caption-text\">Fit Me Matte Poreless Pressed Powder puder matuj\u0105cy do twarzy w kompakcie 120 Classic Ivory 9g\/26,62 z\u0142<\/p><\/div>\n<h4><span style=\"font-weight: 400;\">Wyraziste usta\u2026<\/span><\/h4>\n<p><span style=\"font-weight: 400;\">Je\u015bli na co dzie\u0144 u\u017cywasz delikatnych b\u0142yszczyk\u00f3w w naturalnych odcieniach, zmiana koloru na Twoich ustach na pewno nie pozostanie niezauwa\u017cona. Wieczorem dobrze sprawdzaj\u0105 si\u0119 <strong>wyraziste czerwienie<\/strong> dopasowane do typu urody \u2013 ch\u0142odniejsze lub cieplejsze odcienie. Je\u015bli zdecydujesz si\u0119 na podkre\u015blenie ust, to poza od\u015bwie\u017ceniem makija\u017cu nie musisz ju\u017c w\u0142a\u015bciwie nic robi\u0107. Mocne kosmetyki na ustach i oczach jednocze\u015bnie nie wygl\u0105daj\u0105 dobrze, pozosta\u0144 wi\u0119c przy intensywnym kolorze szminki.<\/span><\/p>\n<h4><span style=\"font-weight: 400;\">\u2026czy oczy, kt\u00f3re przyci\u0105gaj\u0105 spojrzenia?<\/span><\/h4>\n<p><span style=\"font-weight: 400;\">Do wykonania dziennego makija\u017cu oczu u\u017cywa si\u0119 najcz\u0119\u015bciej <strong>jasnych<\/strong>, <strong>roz\u015bwietlaj\u0105cych cieni do powiek<\/strong>, <strong>tuszu do rz\u0119s<\/strong>, niekiedy r\u00f3wnie\u017c mi\u0119kkich kredek. Korzystaj\u0105c z tej bazy, mo\u017cna \u0142atwo stworzy\u0107 makija\u017c na wieczorne wyj\u015bcie. Je\u015bli we\u017amiesz ze sob\u0105 paletk\u0119 z cieniami, wystarczy, \u017ce na\u0142o\u017cysz ciemniejszy kolor w k\u0105cikach powiek. Efekt mo\u017cesz wzmocni\u0107, u\u017cywaj\u0105c <strong>eyelinera<\/strong> do stworzenia kresek nad rz\u0119sami. Pami\u0119taj, by na\u0142o\u017cy\u0107 dodatkow\u0105 warstw\u0119 <strong>tuszu na rz\u0119sy.<\/strong> Makija\u017c z u\u017cyciem ciemnych cieni i kredek b\u0119dzie bardzo dobrze widoczny. Nie \u0142\u0105cz go z mocno podkre\u015blonymi ustami. Zamiast szminki zdecyduj si\u0119 na <strong>b\u0142yszczyk<\/strong>, kt\u00f3rego u\u017cywasz na co dzie\u0144.<\/span><\/p>\n<div id=\"attachment_8336\" style=\"width: 310px\" class=\"wp-caption aligncenter\"><a href=\"https:\/\/neness.pl\/cienie-do-powiek\/59275-cherry-my-cheri-eyeshadow-paleta-cieni-do-powiek-01-17g\" target=\"_blank\" rel=\"noopener noreferrer\"><img loading=\"lazy\" decoding=\"async\" aria-describedby=\"caption-attachment-8336\" class=\"wp-image-8336 size-medium\" src=\"http:\/\/ranking-kosmetykow.pl\/wp-content\/uploads\/2021\/01\/cherry-my-cheri-eyeshadow-paleta-cieni-do-powiek-01-17g-300x300.jpg\" alt=\"\" width=\"300\" height=\"300\" srcset=\"https:\/\/neness.pl\/blog\/wp-content\/uploads\/2021\/01\/cherry-my-cheri-eyeshadow-paleta-cieni-do-powiek-01-17g-300x300.jpg 300w, https:\/\/neness.pl\/blog\/wp-content\/uploads\/2021\/01\/cherry-my-cheri-eyeshadow-paleta-cieni-do-powiek-01-17g-150x150.jpg 150w, https:\/\/neness.pl\/blog\/wp-content\/uploads\/2021\/01\/cherry-my-cheri-eyeshadow-paleta-cieni-do-powiek-01-17g-768x768.jpg 768w, https:\/\/neness.pl\/blog\/wp-content\/uploads\/2021\/01\/cherry-my-cheri-eyeshadow-paleta-cieni-do-powiek-01-17g-610x610.jpg 610w, https:\/\/neness.pl\/blog\/wp-content\/uploads\/2021\/01\/cherry-my-cheri-eyeshadow-paleta-cieni-do-powiek-01-17g-440x440.jpg 440w, https:\/\/neness.pl\/blog\/wp-content\/uploads\/2021\/01\/cherry-my-cheri-eyeshadow-paleta-cieni-do-powiek-01-17g.jpg 800w\" sizes=\"auto, (max-width: 300px) 100vw, 300px\" \/><\/a><p id=\"caption-attachment-8336\" class=\"wp-caption-text\">Cherry My Cheri Eyeshadow paleta cieni do powiek 01 17g\/65,96 z\u0142<\/p><\/div>\n","protected":false},"excerpt":{"rendered":"<p>Wieczorem czeka Ci\u0119 impreza, ale wiesz, \u017ce po wyj\u015bciu z pracy nie b\u0119dziesz mia\u0142a czasu na wykonywanie efektownego makija\u017cu od podstaw? Skorzystaj z kilku praktycznych wskaz\u00f3wek, by szybko zmieni\u0107 sw\u00f3j makija\u017c dzienny w wieczorowy i zab\u0142ysn\u0105\u0107 na przyj\u0119ciu. Je\u015bli zadbasz o sw\u00f3j wygl\u0105d ju\u017c od rana, wykonanie imprezowej stylizacji zajmie Ci tylko kilka chwil.<\/p>\n","protected":false},"author":2,"featured_media":8333,"comment_status":"open","ping_status":"open","sticky":false,"template":"","format":"standard","meta":{"_et_pb_use_builder":"","_et_pb_old_content":"","_et_gb_content_width":"","footnotes":""},"categories":[41],"tags":[],"class_list":["post-8332","post","type-post","status-publish","format-standard","has-post-thumbnail","hentry","category-olsniewaj-makijazem","et-has-post-format-content","et_post_format-et-post-format-standard"],"_links":{"self":[{"href":"https:\/\/neness.pl\/blog\/wp-json\/wp\/v2\/posts\/8332","targetHints":{"allow":["GET"]}}],"collection":[{"href":"https:\/\/neness.pl\/blog\/wp-json\/wp\/v2\/posts"}],"about":[{"href":"https:\/\/neness.pl\/blog\/wp-json\/wp\/v2\/types\/post"}],"author":[{"embeddable":true,"href":"https:\/\/neness.pl\/blog\/wp-json\/wp\/v2\/users\/2"}],"replies":[{"embeddable":true,"href":"https:\/\/neness.pl\/blog\/wp-json\/wp\/v2\/comments?post=8332"}],"version-history":[{"count":0,"href":"https:\/\/neness.pl\/blog\/wp-json\/wp\/v2\/posts\/8332\/revisions"}],"wp:featuredmedia":[{"embeddable":true,"href":"https:\/\/neness.pl\/blog\/wp-json\/wp\/v2\/media\/8333"}],"wp:attachment":[{"href":"https:\/\/neness.pl\/blog\/wp-json\/wp\/v2\/media?parent=8332"}],"wp:term":[{"taxonomy":"category","embeddable":true,"href":"https:\/\/neness.pl\/blog\/wp-json\/wp\/v2\/categories?post=8332"},{"taxonomy":"post_tag","embeddable":true,"href":"https:\/\/neness.pl\/blog\/wp-json\/wp\/v2\/tags?post=8332"}],"curies":[{"name":"wp","href":"https:\/\/api.w.org\/{rel}","templated":true}]}}