{"id":8316,"date":"2021-01-13T09:26:48","date_gmt":"2021-01-13T08:26:48","guid":{"rendered":"http:\/\/ranking-kosmetykow.pl\/?p=8316"},"modified":"2021-01-13T09:26:48","modified_gmt":"2021-01-13T08:26:48","slug":"co-trzeba-wiedziec-o-myciu-i-odzywianiu-siwych-wlosow","status":"publish","type":"post","link":"https:\/\/neness.pl\/blog\/co-trzeba-wiedziec-o-myciu-i-odzywianiu-siwych-wlosow\/","title":{"rendered":"Co trzeba wiedzie\u0107 o myciu i od\u017cywianiu siwych w\u0142os\u00f3w?"},"content":{"rendered":"<p><strong>Nawet je\u015bli przez ca\u0142e \u017cycie dba\u0142a\u015b o w\u0142osy i znasz si\u0119 na ich piel\u0119gnacji, wraz z pojawianiem si\u0119 kolejnych siwych kosmyk\u00f3w powinna\u015b pomy\u015ble\u0107 o tym, by nieco zmieni\u0107 nawyki. Siwe w\u0142osy maj\u0105 zupe\u0142nie inn\u0105 struktur\u0119, s\u0105 bardziej suche, a przez to wymagaj\u0105ce. W\u0142a\u015bciwie dobieraj\u0105c kosmetyki oraz spos\u00f3b od\u017cywiania, mo\u017cesz nadal cieszy\u0107 si\u0119 pi\u0119kn\u0105 fryzur\u0105 bez konieczno\u015bci farbowania.<\/strong><\/p>\n<h2><strong>Dlaczego siwe w\u0142osy potrzebuj\u0105 szczeg\u00f3lnej piel\u0119gnacji?<\/strong><\/h2>\n<p><span style=\"font-weight: 400;\">Proces siwienia w\u0142os\u00f3w polega nie tylko na utracie pigmentu. Najnowsze badania pokazuj\u0105, \u017ce wraz z melanocytami za produkcj\u0119 barwnik\u00f3w odpowiadaj\u0105 tak\u017ce <strong>keranocyty<\/strong>. Gdy melanocyty stopniowo zanikaj\u0105, w kom\u00f3rkach w\u0142osowych ubywa tak\u017ce keranocyt\u00f3w. To ten proces sprawia, \u017ce siwe w\u0142osy s\u0105 <strong>sztywne<\/strong>, bardziej szorstkie w dotyku, brakuje im dawnej <strong>lekko\u015bci<\/strong>. Aby nadal wygl\u0105da\u0142y atrakcyjnie, trzeba szczeg\u00f3lnie zadba\u0107 o ich <strong>nawil\u017cenie<\/strong> i <strong>od\u017cywienie<\/strong>.<\/span><\/p>\n<h2><strong>W jaki spos\u00f3b nale\u017cy my\u0107 siwe w\u0142osy?<\/strong><\/h2>\n<p><span style=\"font-weight: 400;\">Mog\u0142oby si\u0119 wydawa\u0107, \u017ce mycie w\u0142os\u00f3w jest zwyk\u0142\u0105, codzienn\u0105 czynno\u015bci\u0105, kt\u00f3rej nie trzeba po\u015bwi\u0119ca\u0107 szczeg\u00f3lnej uwagi. Wybieraj\u0105c jednak niskiej jako\u015bci szampony i wcieraj\u0105c je w g\u0142ow\u0119 w niew\u0142a\u015bciwy spos\u00f3b, mo\u017cna sobie tylko zaszkodzi\u0107. Odpowiednie dla w\u0142os\u00f3w siwych b\u0119d\u0105 <strong>delikatne kosmetyki<\/strong> o jak <strong>najprostszym sk\u0142adzie<\/strong>, na przyk\u0142ad <strong>zio\u0142owe<\/strong>. Nale\u017cy delikatnie wmasowywa\u0107 je w sk\u00f3r\u0119 g\u0142owy, bez wcierania w same w\u0142osy \u2013 tym do mycia wystarczy tylko sp\u0142ywaj\u0105ca podczas p\u0142ukania piana.<\/span><\/p>\n<p><span style=\"font-weight: 400;\">Osoby, kt\u00f3re znaj\u0105 si\u0119 na piel\u0119gnacji siwych w\u0142os\u00f3w, zalecaj\u0105 tak\u017ce, by raz na jaki\u015b czas umy\u0107 w\u0142osy sam\u0105 <strong>od\u017cywk\u0105<\/strong>. U m\u0142odszych os\u00f3b taki zabieg mo\u017ce wywo\u0142a\u0107 efekt nadmiernego obci\u0105\u017cenia, jednak w przypadku przesuszonych siwych w\u0142os\u00f3w nie trzeba si\u0119 tego obawia\u0107. Pozwoli to na g\u0142\u0119bokie wnikni\u0119cie sk\u0142adnik\u00f3w od\u017cywczych w g\u0142\u0105b w\u0142osa.<\/span><\/p>\n<div id=\"attachment_8320\" style=\"width: 338px\" class=\"wp-caption aligncenter\"><a href=\"https:\/\/neness.pl\/szampony\/9852-elseve-color-vive-purple-shampoo-fioletowy-szampon-przeciw-zoltym-i-miedzianym-odcieniom-200ml\" target=\"_blank\" rel=\"noopener noreferrer\"><img loading=\"lazy\" decoding=\"async\" aria-describedby=\"caption-attachment-8320\" class=\"wp-image-8320\" src=\"http:\/\/ranking-kosmetykow.pl\/wp-content\/uploads\/2021\/01\/elseve-color-vive-purple-shampoo-fioletowy-szampon-przeciw-zoltym-i-miedzianym-odcieniom-200ml-300x300.jpg\" alt=\"\" width=\"328\" height=\"328\" srcset=\"https:\/\/neness.pl\/blog\/wp-content\/uploads\/2021\/01\/elseve-color-vive-purple-shampoo-fioletowy-szampon-przeciw-zoltym-i-miedzianym-odcieniom-200ml-300x300.jpg 300w, https:\/\/neness.pl\/blog\/wp-content\/uploads\/2021\/01\/elseve-color-vive-purple-shampoo-fioletowy-szampon-przeciw-zoltym-i-miedzianym-odcieniom-200ml-150x150.jpg 150w, https:\/\/neness.pl\/blog\/wp-content\/uploads\/2021\/01\/elseve-color-vive-purple-shampoo-fioletowy-szampon-przeciw-zoltym-i-miedzianym-odcieniom-200ml-768x768.jpg 768w, https:\/\/neness.pl\/blog\/wp-content\/uploads\/2021\/01\/elseve-color-vive-purple-shampoo-fioletowy-szampon-przeciw-zoltym-i-miedzianym-odcieniom-200ml-610x610.jpg 610w, https:\/\/neness.pl\/blog\/wp-content\/uploads\/2021\/01\/elseve-color-vive-purple-shampoo-fioletowy-szampon-przeciw-zoltym-i-miedzianym-odcieniom-200ml-440x440.jpg 440w, https:\/\/neness.pl\/blog\/wp-content\/uploads\/2021\/01\/elseve-color-vive-purple-shampoo-fioletowy-szampon-przeciw-zoltym-i-miedzianym-odcieniom-200ml.jpg 800w\" sizes=\"auto, (max-width: 328px) 100vw, 328px\" \/><\/a><p id=\"caption-attachment-8320\" class=\"wp-caption-text\">Elseve Color-Vive Purple Shampoo fioletowy szampon przeciw \u017c\u00f3\u0142tym i miedzianym odcieniom 200ml\/15,79 z\u0142<\/p><\/div>\n<h2><strong> Jak w\u0142a\u015bciwie zadba\u0107 o kolor siwych w\u0142os\u00f3w?<\/strong><\/h2>\n<p><span style=\"font-weight: 400;\">Nie ka\u017cdy ma szcz\u0119\u015bcie i mo\u017ce cieszy\u0107 si\u0119 idealnie bia\u0142\u0105 siwizn\u0105 lub efektownymi pasemkami w kolorze soli i pieprzu. U niekt\u00f3rych os\u00f3b na siwych w\u0142osach pojawiaj\u0105 si\u0119 niepo\u017c\u0105dane odcienie \u017c\u00f3\u0142ci. W jaki spos\u00f3b mo\u017cna ich si\u0119 pozby\u0107? Z tym problemem poradz\u0105 sobie specjalistyczne szampony, kt\u00f3re nadaj\u0105 <strong>ch\u0142odny odcie\u0144<\/strong> i redukuj\u0105 \u017c\u00f3\u0142te tony. Takie kosmetyki maj\u0105 tak\u017ce dzia\u0142anie wyg\u0142adzaj\u0105ce i sprawiaj\u0105, \u017ce w\u0142osy s\u0105 bardziej <strong>l\u015bni\u0105ce<\/strong>. Szampony i p\u0142ukanki przyciemniaj\u0105ce siwizn\u0119 to zdrowa alternatywa dla farbowania.<\/span><\/p>\n<h2><strong>Najlepsze od\u017cywki do siwych w\u0142os\u00f3w<\/strong><\/h2>\n<p><span style=\"font-weight: 400;\">Je\u015bli w przesz\u0142o\u015bci do tematu od\u017cywiania podchodzi\u0142a\u015b raczej niefrasobliwie, to w przypadku siwych w\u0142os\u00f3w warto wprowadzi\u0107 ten zabieg do codziennych rytua\u0142\u00f3w. Od\u017cywki do siwych w\u0142os\u00f3w powinno si\u0119 stosowa\u0107 po ka\u017cdym myciu. \u015arednio raz na tydzie\u0144 warto tak\u017ce na\u0142o\u017cy\u0107 na w\u0142osy <strong>mask\u0119<\/strong>, kt\u00f3ra dostarczy im <strong>sk\u0142adniki od\u017cywcze<\/strong> w du\u017cych dawkach.<\/span><\/p>\n<div id=\"attachment_8321\" style=\"width: 349px\" class=\"wp-caption aligncenter\"><a href=\"https:\/\/neness.pl\/maski-do-wlosow\/61291-elseve-color-vive-purple-mask-maska-do-wlosow-przeciw-zoltym-i-miedzianym-odcieniom-150ml\" target=\"_blank\" rel=\"noopener noreferrer\"><img loading=\"lazy\" decoding=\"async\" aria-describedby=\"caption-attachment-8321\" class=\"wp-image-8321\" src=\"http:\/\/ranking-kosmetykow.pl\/wp-content\/uploads\/2021\/01\/elseve-color-vive-purple-mask-maska-do-wlosow-przeciw-zoltym-i-miedzianym-odcieniom-150ml-300x300.jpg\" alt=\"\" width=\"339\" height=\"339\" srcset=\"https:\/\/neness.pl\/blog\/wp-content\/uploads\/2021\/01\/elseve-color-vive-purple-mask-maska-do-wlosow-przeciw-zoltym-i-miedzianym-odcieniom-150ml-300x300.jpg 300w, https:\/\/neness.pl\/blog\/wp-content\/uploads\/2021\/01\/elseve-color-vive-purple-mask-maska-do-wlosow-przeciw-zoltym-i-miedzianym-odcieniom-150ml-150x150.jpg 150w, https:\/\/neness.pl\/blog\/wp-content\/uploads\/2021\/01\/elseve-color-vive-purple-mask-maska-do-wlosow-przeciw-zoltym-i-miedzianym-odcieniom-150ml-768x768.jpg 768w, https:\/\/neness.pl\/blog\/wp-content\/uploads\/2021\/01\/elseve-color-vive-purple-mask-maska-do-wlosow-przeciw-zoltym-i-miedzianym-odcieniom-150ml-610x610.jpg 610w, https:\/\/neness.pl\/blog\/wp-content\/uploads\/2021\/01\/elseve-color-vive-purple-mask-maska-do-wlosow-przeciw-zoltym-i-miedzianym-odcieniom-150ml-440x440.jpg 440w, https:\/\/neness.pl\/blog\/wp-content\/uploads\/2021\/01\/elseve-color-vive-purple-mask-maska-do-wlosow-przeciw-zoltym-i-miedzianym-odcieniom-150ml.jpg 800w\" sizes=\"auto, (max-width: 339px) 100vw, 339px\" \/><\/a><p id=\"caption-attachment-8321\" class=\"wp-caption-text\">Elseve Color-Vive Purple Mask maska do w\u0142os\u00f3w przeciw \u017c\u00f3\u0142tym i miedzianym odcieniom 150ml\/18,41 z\u0142<\/p><\/div>\n<p><span style=\"font-weight: 400;\">Wybieraj\u0105c od\u017cywk\u0119 dla siwych w\u0142os\u00f3w, warto sprawdzi\u0107 jej <strong>sk\u0142ad<\/strong>. Dobrze, je\u015bli kosmetyk zawiera emolienty \u2013 substancje hydrofobowe oraz humektanty. To sk\u0142adniki, kt\u00f3re nawil\u017caj\u0105 w\u0142osy oraz na d\u0142u\u017cej zatrzymuj\u0105 wod\u0119 w jego wn\u0119trzu. Jakich dodatk\u00f3w unika\u0107? Niewskazane dla siwych w\u0142os\u00f3w s\u0105 <strong>silikony<\/strong>, kt\u00f3re daj\u0105 wra\u017cenie wyg\u0142adzenia, ale na d\u0142u\u017csz\u0105 met\u0119 powoduj\u0105 <strong>przesuszenie w\u0142os\u00f3w.<\/strong> Lepiej r\u00f3wnie\u017c unika\u0107 protein, kt\u00f3re same w sobie s\u0105 warto\u015bciowym sk\u0142adnikiem, ale w przypadku siwych w\u0142os\u00f3w sprawiaj\u0105, \u017ce s\u0105 one jeszcze bardziej szorstkie i matowe.<\/span><\/p>\n","protected":false},"excerpt":{"rendered":"<p>Nawet je\u015bli przez ca\u0142e \u017cycie dba\u0142a\u015b o w\u0142osy i znasz si\u0119 na ich piel\u0119gnacji, wraz z pojawianiem si\u0119 kolejnych siwych kosmyk\u00f3w powinna\u015b pomy\u015ble\u0107 o tym, by nieco zmieni\u0107 nawyki. Siwe w\u0142osy maj\u0105 zupe\u0142nie inn\u0105 struktur\u0119, s\u0105 bardziej suche, a przez to wymagaj\u0105ce. W\u0142a\u015bciwie dobieraj\u0105c kosmetyki oraz spos\u00f3b od\u017cywiania, mo\u017cesz nadal cieszy\u0107 si\u0119 pi\u0119kn\u0105 fryzur\u0105 bez [&hellip;]<\/p>\n","protected":false},"author":2,"featured_media":8317,"comment_status":"open","ping_status":"open","sticky":false,"template":"","format":"standard","meta":{"_et_pb_use_builder":"","_et_pb_old_content":"","_et_gb_content_width":"","footnotes":""},"categories":[48],"tags":[],"class_list":["post-8316","post","type-post","status-publish","format-standard","has-post-thumbnail","hentry","category-wlosy-idealne","et-has-post-format-content","et_post_format-et-post-format-standard"],"_links":{"self":[{"href":"https:\/\/neness.pl\/blog\/wp-json\/wp\/v2\/posts\/8316","targetHints":{"allow":["GET"]}}],"collection":[{"href":"https:\/\/neness.pl\/blog\/wp-json\/wp\/v2\/posts"}],"about":[{"href":"https:\/\/neness.pl\/blog\/wp-json\/wp\/v2\/types\/post"}],"author":[{"embeddable":true,"href":"https:\/\/neness.pl\/blog\/wp-json\/wp\/v2\/users\/2"}],"replies":[{"embeddable":true,"href":"https:\/\/neness.pl\/blog\/wp-json\/wp\/v2\/comments?post=8316"}],"version-history":[{"count":0,"href":"https:\/\/neness.pl\/blog\/wp-json\/wp\/v2\/posts\/8316\/revisions"}],"wp:featuredmedia":[{"embeddable":true,"href":"https:\/\/neness.pl\/blog\/wp-json\/wp\/v2\/media\/8317"}],"wp:attachment":[{"href":"https:\/\/neness.pl\/blog\/wp-json\/wp\/v2\/media?parent=8316"}],"wp:term":[{"taxonomy":"category","embeddable":true,"href":"https:\/\/neness.pl\/blog\/wp-json\/wp\/v2\/categories?post=8316"},{"taxonomy":"post_tag","embeddable":true,"href":"https:\/\/neness.pl\/blog\/wp-json\/wp\/v2\/tags?post=8316"}],"curies":[{"name":"wp","href":"https:\/\/api.w.org\/{rel}","templated":true}]}}