{"id":8236,"date":"2020-12-22T11:12:18","date_gmt":"2020-12-22T10:12:18","guid":{"rendered":"http:\/\/ranking-kosmetykow.pl\/?p=8236"},"modified":"2020-12-22T11:12:18","modified_gmt":"2020-12-22T10:12:18","slug":"idealne-perfumetki-na-ostatni-wieczor-tego-roku","status":"publish","type":"post","link":"https:\/\/neness.pl\/blog\/idealne-perfumetki-na-ostatni-wieczor-tego-roku\/","title":{"rendered":"Idealne perfumetki na ostatni wiecz\u00f3r tego roku"},"content":{"rendered":"<p style=\"text-align: justify;\"><strong>Jakich zapach b\u0119dzie towarzyszy\u0142 Ci podczas sylwestrowego spotkania z najbli\u017cszymi? Je\u015bli wci\u0105\u017c szukasz idealnego wariantu na t\u0119 okazj\u0119, skorzystaj z naszych podpowiedzi. Jeste\u015bmy pewni, \u017ce \u015bwietnie wpisz\u0105 si\u0119 w klimat tego wydarzenia i podkre\u015bl\u0105 Twoj\u0105 atrakcyjno\u015b\u0107.\u00a0<\/strong><\/p>\n<p style=\"text-align: justify;\"><!--more--><\/p>\n<h3 style=\"text-align: justify;\"><strong>N161. La Via Bella<\/strong><\/h3>\n<p style=\"text-align: justify;\"><span style=\"font-weight: 400;\">O tej perfumetce mo\u017cna m\u00f3wi\u0107 tylko pozytywnie. Pachnie ob\u0142\u0119dnie, jest trwa\u0142a i prezentuje si\u0119 niezwykle elegancko. Mimo \u017ce w tej kompozycji dominuj\u0105 <strong>\u015bwie\u017ce akcenty<\/strong> owocowe oraz kwiatowe, idealnie sprawdza si\u0119 wieczorow\u0105 por\u0105. Pozwala czu\u0107 si\u0119 lekko i swobodnie, ale zarazem <strong>atrakcyjnie<\/strong> i kobieco. Je\u015bli nigdy wcze\u015bniej nie mia\u0142a\u015b okazji z niej korzysta\u0107, teraz jest najlepsza pora na nadrobienie zaleg\u0142o\u015bci. Gor\u0105co polecamy!\u00a0<\/span><\/p>\n<div id=\"attachment_8237\" style=\"width: 210px\" class=\"wp-caption aligncenter\"><img loading=\"lazy\" decoding=\"async\" aria-describedby=\"caption-attachment-8237\" class=\"size-medium wp-image-8237\" src=\"http:\/\/ranking-kosmetykow.pl\/wp-content\/uploads\/2020\/12\/5b25e24640e7b801cfaa22d11a6b96a9-200x300.jpg\" alt=\"\" width=\"200\" height=\"300\" srcset=\"https:\/\/neness.pl\/blog\/wp-content\/uploads\/2020\/12\/5b25e24640e7b801cfaa22d11a6b96a9-200x300.jpg 200w, https:\/\/neness.pl\/blog\/wp-content\/uploads\/2020\/12\/5b25e24640e7b801cfaa22d11a6b96a9.jpg 540w\" sizes=\"auto, (max-width: 200px) 100vw, 200px\" \/><p id=\"caption-attachment-8237\" class=\"wp-caption-text\"><em>N161. La Via Bella &#8211; 33 ml &#8211; zapach damski<\/em><\/p><\/div>\n<h3 style=\"text-align: justify;\"><strong>N205. Metalicqueen<\/strong><\/h3>\n<p style=\"text-align: justify;\"><span style=\"font-weight: 400;\">Mimo \u017ce tegoroczna impreza sylwestrowa b\u0119dzie raczej ma\u0142a i skromna, nie zamierzasz rezygnowa\u0107 z efektownej stylizacji? Doskona\u0142ym uzupe\u0142nieniem <strong>robi\u0105cego wra\u017cenie<\/strong> stroju bez w\u0105tpienia jest perfumetka Metalicqueen inspirowana spektakularnym zapachem marki Tom Ford. Kryje w sobie <strong>prawdziwe bogactwo<\/strong> aromat\u00f3w. Ten przepych \u015bwietnie podkre\u015blaj\u0105 z\u0142ote akcenty, kt\u00f3re zdobi\u0105 por\u0119czny flakonik i jego opakowanie.\u00a0<\/span><\/p>\n<div id=\"attachment_8238\" style=\"width: 210px\" class=\"wp-caption aligncenter\"><img loading=\"lazy\" decoding=\"async\" aria-describedby=\"caption-attachment-8238\" class=\"size-medium wp-image-8238\" src=\"http:\/\/ranking-kosmetykow.pl\/wp-content\/uploads\/2020\/12\/205-200x300.jpg\" alt=\"\" width=\"200\" height=\"300\" srcset=\"https:\/\/neness.pl\/blog\/wp-content\/uploads\/2020\/12\/205-200x300.jpg 200w, https:\/\/neness.pl\/blog\/wp-content\/uploads\/2020\/12\/205-683x1024.jpg 683w, https:\/\/neness.pl\/blog\/wp-content\/uploads\/2020\/12\/205-768x1152.jpg 768w, https:\/\/neness.pl\/blog\/wp-content\/uploads\/2020\/12\/205-1024x1536.jpg 1024w, https:\/\/neness.pl\/blog\/wp-content\/uploads\/2020\/12\/205-1080x1620.jpg 1080w, https:\/\/neness.pl\/blog\/wp-content\/uploads\/2020\/12\/205-610x915.jpg 610w, https:\/\/neness.pl\/blog\/wp-content\/uploads\/2020\/12\/205.jpg 1365w\" sizes=\"auto, (max-width: 200px) 100vw, 200px\" \/><p id=\"caption-attachment-8238\" class=\"wp-caption-text\"><em>N205. Metalicqueen &#8211; 33 ml &#8211; zapach damski<\/em><\/p><\/div>\n<h3 style=\"text-align: justify;\"><strong>N064. Last Chance<\/strong><\/h3>\n<p style=\"text-align: justify;\"><span style=\"font-weight: 400;\">W zestawieniu idealnych zapach\u00f3w na ostatni wiecz\u00f3r tego roku nie mog\u0142o zabrakn\u0105\u0107 wariacji na temat <strong>ekskluzywnej kompozycji<\/strong> Chanel. Mowa o perfumetce Last Chance. Pr\u00f3\u017cno szuka\u0107 w niej przewidywalno\u015bci i stara\u0107 si\u0119 znale\u017a\u0107 dla niej zast\u0119pstwo. Jest <strong>jedyna w swoim rodzaju<\/strong>. Inspiruje, czaruje, uwodzi oraz wyzwala to, co w kobietach najwspanialsze. Czy mo\u017cna wi\u0119c potraktowa\u0107 j\u0105 jako tajn\u0105 kobiec\u0105 bro\u0144? Oczywi\u015bcie, \u017ce tak!\u00a0<\/span><\/p>\n<div id=\"attachment_8239\" style=\"width: 210px\" class=\"wp-caption aligncenter\"><img loading=\"lazy\" decoding=\"async\" aria-describedby=\"caption-attachment-8239\" class=\"size-medium wp-image-8239\" src=\"http:\/\/ranking-kosmetykow.pl\/wp-content\/uploads\/2020\/12\/111301793d2829e2b1f1e3affe34f779-200x300.jpg\" alt=\"\" width=\"200\" height=\"300\" srcset=\"https:\/\/neness.pl\/blog\/wp-content\/uploads\/2020\/12\/111301793d2829e2b1f1e3affe34f779-200x300.jpg 200w, https:\/\/neness.pl\/blog\/wp-content\/uploads\/2020\/12\/111301793d2829e2b1f1e3affe34f779.jpg 540w\" sizes=\"auto, (max-width: 200px) 100vw, 200px\" \/><p id=\"caption-attachment-8239\" class=\"wp-caption-text\"><em>N064. Last Chance &#8211; 33 ml &#8211; zapach damski<\/em><\/p><\/div>\n<h3 style=\"text-align: justify;\"><strong>N038. My Sceent<\/strong><\/h3>\n<p style=\"text-align: justify;\"><span style=\"font-weight: 400;\">Chcia\u0142aby\u015b, \u017ceby perfumetka zam\u00f3wiona z my\u015bl\u0105 o sylwestrowej nocy mog\u0142a towarzyszy\u0107 Ci r\u00f3wnie\u017c podczas wielu <strong>innych okazji<\/strong>? Dobrym wyborem dla Ciebie b\u0119dzie N038. My Sceent, czyli nowoczesna kompozycja o owocowo-kwiatowym charakterze. Jest <strong>delikatna<\/strong>, ale potrafi ujawni\u0107 swoje drugie, drapie\u017cne oblicze. Je\u015bli chcesz je odkry\u0107, wystarczy, \u017ce zaaplikujesz j\u0105 na wybrane partie cia\u0142a i pozwolisz, \u017ceby zacz\u0119\u0142a si\u0119 rozwija\u0107. Kto wie, mo\u017ce zaskoczy Ci\u0119 czym\u015b jeszcze?<\/span><\/p>\n<div id=\"attachment_8240\" style=\"width: 210px\" class=\"wp-caption aligncenter\"><img loading=\"lazy\" decoding=\"async\" aria-describedby=\"caption-attachment-8240\" class=\"size-medium wp-image-8240\" src=\"http:\/\/ranking-kosmetykow.pl\/wp-content\/uploads\/2020\/12\/dfe41d48df6a6b094a41224f75247028-200x300.jpg\" alt=\"\" width=\"200\" height=\"300\" srcset=\"https:\/\/neness.pl\/blog\/wp-content\/uploads\/2020\/12\/dfe41d48df6a6b094a41224f75247028-200x300.jpg 200w, https:\/\/neness.pl\/blog\/wp-content\/uploads\/2020\/12\/dfe41d48df6a6b094a41224f75247028.jpg 540w\" sizes=\"auto, (max-width: 200px) 100vw, 200px\" \/><p id=\"caption-attachment-8240\" class=\"wp-caption-text\"><em>N038. My Sceent &#8211; 33 ml &#8211; zapach damski<\/em><\/p><\/div>\n","protected":false},"excerpt":{"rendered":"<p>Jakich zapach b\u0119dzie towarzyszy\u0142 Ci podczas sylwestrowego spotkania z najbli\u017cszymi? Je\u015bli wci\u0105\u017c szukasz idealnego wariantu na t\u0119 okazj\u0119, skorzystaj z naszych podpowiedzi. Jeste\u015bmy pewni, \u017ce \u015bwietnie wpisz\u0105 si\u0119 w klimat tego wydarzenia i podkre\u015bl\u0105 Twoj\u0105 atrakcyjno\u015b\u0107.\u00a0<\/p>\n","protected":false},"author":2,"featured_media":8241,"comment_status":"open","ping_status":"open","sticky":false,"template":"","format":"standard","meta":{"_et_pb_use_builder":"","_et_pb_old_content":"","_et_gb_content_width":"","footnotes":""},"categories":[19],"tags":[],"class_list":["post-8236","post","type-post","status-publish","format-standard","has-post-thumbnail","hentry","category-zachwycaj-zapachem","et-has-post-format-content","et_post_format-et-post-format-standard"],"_links":{"self":[{"href":"https:\/\/neness.pl\/blog\/wp-json\/wp\/v2\/posts\/8236","targetHints":{"allow":["GET"]}}],"collection":[{"href":"https:\/\/neness.pl\/blog\/wp-json\/wp\/v2\/posts"}],"about":[{"href":"https:\/\/neness.pl\/blog\/wp-json\/wp\/v2\/types\/post"}],"author":[{"embeddable":true,"href":"https:\/\/neness.pl\/blog\/wp-json\/wp\/v2\/users\/2"}],"replies":[{"embeddable":true,"href":"https:\/\/neness.pl\/blog\/wp-json\/wp\/v2\/comments?post=8236"}],"version-history":[{"count":0,"href":"https:\/\/neness.pl\/blog\/wp-json\/wp\/v2\/posts\/8236\/revisions"}],"wp:featuredmedia":[{"embeddable":true,"href":"https:\/\/neness.pl\/blog\/wp-json\/wp\/v2\/media\/8241"}],"wp:attachment":[{"href":"https:\/\/neness.pl\/blog\/wp-json\/wp\/v2\/media?parent=8236"}],"wp:term":[{"taxonomy":"category","embeddable":true,"href":"https:\/\/neness.pl\/blog\/wp-json\/wp\/v2\/categories?post=8236"},{"taxonomy":"post_tag","embeddable":true,"href":"https:\/\/neness.pl\/blog\/wp-json\/wp\/v2\/tags?post=8236"}],"curies":[{"name":"wp","href":"https:\/\/api.w.org\/{rel}","templated":true}]}}