{"id":8223,"date":"2020-12-17T12:32:26","date_gmt":"2020-12-17T11:32:26","guid":{"rendered":"http:\/\/ranking-kosmetykow.pl\/?p=8223"},"modified":"2020-12-17T12:32:26","modified_gmt":"2020-12-17T11:32:26","slug":"jak-wrocic-do-naturalnego-koloru-wlosow","status":"publish","type":"post","link":"https:\/\/neness.pl\/blog\/jak-wrocic-do-naturalnego-koloru-wlosow\/","title":{"rendered":"Jak wr\u00f3ci\u0107 do naturalnego koloru w\u0142os\u00f3w?"},"content":{"rendered":"<p style=\"text-align: justify;\"><strong>Decyzja o powrocie do naturalnego koloru mo\u017ce okaza\u0107 si\u0119 prze\u0142omowym momentem w walce o zdrowe, pi\u0119kne w\u0142osy. Jak jednak odzyska\u0107 sw\u00f3j odcie\u0144 i w co nale\u017cy si\u0119 uzbroi\u0107?\u00a0<\/strong><\/p>\n<p style=\"text-align: justify;\"><!--more--><\/p>\n<h3 style=\"text-align: justify;\"><strong>Zabiegi w profesjonalnym salonie fryzjerskim<\/strong><\/h3>\n<p style=\"text-align: justify;\"><span style=\"font-weight: 400;\">Na powr\u00f3t do naturalnego koloru najcz\u0119\u015bciej decyduj\u0105 si\u0119 panie, kt\u00f3rych w\u0142osy s\u0105 ju\u017c <strong>bardzo zniszczone<\/strong> po intensywnych zabiegach koloryzacji. W tym przypadku decyzja o zaprzestaniu farbowania i odzyskaniu pierwotnego odcienia mo\u017ce okaza\u0107 si\u0119 prze\u0142omowym momentem w walce o zdrowie i pi\u0119kno fryzury. Jakie s\u0105 zatem mo\u017cliwo\u015bci powrotu do <strong>dawnego koloru<\/strong>?\u00a0<\/span><\/p>\n<div id=\"attachment_8228\" style=\"width: 310px\" class=\"wp-caption aligncenter\"><img loading=\"lazy\" decoding=\"async\" aria-describedby=\"caption-attachment-8228\" class=\"size-medium wp-image-8228\" src=\"http:\/\/ranking-kosmetykow.pl\/wp-content\/uploads\/2020\/12\/23783_0_K-300x300.jpg\" alt=\"\" width=\"300\" height=\"300\" srcset=\"https:\/\/neness.pl\/blog\/wp-content\/uploads\/2020\/12\/23783_0_K-300x300.jpg 300w, https:\/\/neness.pl\/blog\/wp-content\/uploads\/2020\/12\/23783_0_K-150x150.jpg 150w, https:\/\/neness.pl\/blog\/wp-content\/uploads\/2020\/12\/23783_0_K-768x768.jpg 768w, https:\/\/neness.pl\/blog\/wp-content\/uploads\/2020\/12\/23783_0_K-610x610.jpg 610w, https:\/\/neness.pl\/blog\/wp-content\/uploads\/2020\/12\/23783_0_K-440x440.jpg 440w, https:\/\/neness.pl\/blog\/wp-content\/uploads\/2020\/12\/23783_0_K.jpg 1000w\" sizes=\"auto, (max-width: 300px) 100vw, 300px\" \/><p id=\"caption-attachment-8228\" class=\"wp-caption-text\"><em>Multi Blond Super rozja\u015bniacz do pasemek i baleja\u017cu 5-6 ton\u00f3w<\/em><\/p><\/div>\n<p style=\"text-align: justify;\">\n<p style=\"text-align: justify;\"><span style=\"font-weight: 400;\">Je\u015bli na tej drodze najwa\u017cniejsz\u0105 rol\u0119 odgrywa czas, polecamy skorzysta\u0107 z profesjonalnej pomocy, czyli um\u00f3wi\u0107 si\u0119 do <strong>dobrego salonu fryzjerskiego<\/strong>. Dzi\u0119ki temu powr\u00f3t do dawnego odcienia b\u0119dzie szybki i mo\u017cliwe najmniej inwazyjny dla w\u0142os\u00f3w. W przypadku, gdy s\u0105 one silnie zniszczone, <strong>zabieg dekoloryzacji<\/strong> warto po\u0142\u0105czy\u0107 z ich strzy\u017ceniem i regeneracj\u0105.\u00a0<\/span><\/p>\n<h3 style=\"text-align: justify;\"><strong>Naturalny powr\u00f3t do swojego koloru<\/strong><\/h3>\n<p style=\"text-align: justify;\"><span style=\"font-weight: 400;\">Zamiast korzysta\u0107 z dekoloryzacji, mo\u017cna zdecydowa\u0107 si\u0119 <strong>tylko na podci\u0119cie<\/strong> najbardziej zniszczonych partii, a nast\u0119pnie pozwoli\u0107 w\u0142osom rosn\u0105\u0107. W przyspieszeniu tego procesu z pewno\u015bci\u0105 <strong>pomog\u0105<\/strong>:<\/span><\/p>\n<ul>\n<li style=\"text-align: justify;\"><span style=\"font-weight: 400;\"> zdrowa dieta<\/span><\/li>\n<li style=\"text-align: justify;\"><span style=\"font-weight: 400;\"> wcierki <\/span><\/li>\n<li style=\"text-align: justify;\"><span style=\"font-weight: 400;\">odpowiednia piel\u0119gnacja<\/span><\/li>\n<\/ul>\n<p><span style=\"font-weight: 400;\">\u00a0A co<strong> zrobi\u0107 z odrostami<\/strong>, kt\u00f3re na pewnym etapie zaczynaj\u0105 przeszkadza\u0107?\u00a0<\/span><\/p>\n<div id=\"attachment_8230\" style=\"width: 310px\" class=\"wp-caption aligncenter\"><img loading=\"lazy\" decoding=\"async\" aria-describedby=\"caption-attachment-8230\" class=\"size-medium wp-image-8230\" src=\"http:\/\/ranking-kosmetykow.pl\/wp-content\/uploads\/2020\/12\/38840_0_K-300x300.jpg\" alt=\"\" width=\"300\" height=\"300\" srcset=\"https:\/\/neness.pl\/blog\/wp-content\/uploads\/2020\/12\/38840_0_K-300x300.jpg 300w, https:\/\/neness.pl\/blog\/wp-content\/uploads\/2020\/12\/38840_0_K-150x150.jpg 150w, https:\/\/neness.pl\/blog\/wp-content\/uploads\/2020\/12\/38840_0_K-440x440.jpg 440w, https:\/\/neness.pl\/blog\/wp-content\/uploads\/2020\/12\/38840_0_K.jpg 600w\" sizes=\"auto, (max-width: 300px) 100vw, 300px\" \/><p id=\"caption-attachment-8230\" class=\"wp-caption-text\"><em>Angel Pro Compact profesjonalna szczotka kompaktowa R\u00f3\u017cowe Z\u0142oto<\/em><\/p><\/div>\n<p style=\"text-align: justify;\">\n<p style=\"text-align: justify;\"><span style=\"font-weight: 400;\">Je\u015bli w\u0142osy s\u0105 d\u0142ugie, mo\u017cna zamieni\u0107 fryzury z rozpuszczonymi w\u0142osami na swobodne i <strong>modne upi\u0119cia<\/strong>\u00a0typu messy bun\u00a0albo ponadczasowe kucyki. Z kolei w przypadku kr\u00f3tszych w\u0142os\u00f3w w <strong>zatuszowaniu odrost\u00f3w<\/strong> pomog\u0105 szerokie opaski, stylowe apaszki, a w sezonie letnim \u2013 tak\u017ce okulary przeciws\u0142oneczne.\u00a0<\/span><\/p>\n<h3 style=\"text-align: justify;\"><strong>Podsumowanie<\/strong><\/h3>\n<p style=\"text-align: justify;\"><span style=\"font-weight: 400;\">\u017beby powr\u00f3ci\u0107 do dawnego koloru w\u0142os\u00f3w, mo\u017cna zdecydowa\u0107 si\u0119 na <strong>dwa rozwi\u0105zania<\/strong>:<\/span><\/p>\n<ul style=\"text-align: justify;\">\n<li style=\"font-weight: 400;\"><span style=\"font-weight: 400;\">skorzysta\u0107 z profesjonalnego zabiegu dekoloryzacji<\/span><\/li>\n<li style=\"font-weight: 400;\"><span style=\"font-weight: 400;\">podci\u0105\u0107 zniszczone ko\u0144ce i pozwoli\u0107 w\u0142osom rosn\u0105\u0107\u00a0<\/span><\/li>\n<\/ul>\n<p style=\"text-align: justify;\"><span style=\"font-weight: 400;\">Pierwszy spos\u00f3b jest <strong>wygodny<\/strong> i mniej czasoch\u0142onny, ale wi\u0105\u017ce si\u0119 z wi\u0119kszym wydatkiem. Z kolei drugi pozwala zaoszcz\u0119dzi\u0107 pieni\u0105dze,\u00a0jednak wymaga uzbrojenia si\u0119 <strong>w cierpliwo\u015b\u0107<\/strong>. <\/span><\/p>\n","protected":false},"excerpt":{"rendered":"<p>Decyzja o powrocie do naturalnego koloru mo\u017ce okaza\u0107 si\u0119 prze\u0142omowym momentem w walce o zdrowe, pi\u0119kne w\u0142osy. Jak jednak odzyska\u0107 sw\u00f3j odcie\u0144 i w co nale\u017cy si\u0119 uzbroi\u0107?\u00a0<\/p>\n","protected":false},"author":2,"featured_media":8227,"comment_status":"open","ping_status":"open","sticky":false,"template":"","format":"standard","meta":{"_et_pb_use_builder":"","_et_pb_old_content":"","_et_gb_content_width":"","footnotes":""},"categories":[48],"tags":[],"class_list":["post-8223","post","type-post","status-publish","format-standard","has-post-thumbnail","hentry","category-wlosy-idealne","et-has-post-format-content","et_post_format-et-post-format-standard"],"_links":{"self":[{"href":"https:\/\/neness.pl\/blog\/wp-json\/wp\/v2\/posts\/8223","targetHints":{"allow":["GET"]}}],"collection":[{"href":"https:\/\/neness.pl\/blog\/wp-json\/wp\/v2\/posts"}],"about":[{"href":"https:\/\/neness.pl\/blog\/wp-json\/wp\/v2\/types\/post"}],"author":[{"embeddable":true,"href":"https:\/\/neness.pl\/blog\/wp-json\/wp\/v2\/users\/2"}],"replies":[{"embeddable":true,"href":"https:\/\/neness.pl\/blog\/wp-json\/wp\/v2\/comments?post=8223"}],"version-history":[{"count":0,"href":"https:\/\/neness.pl\/blog\/wp-json\/wp\/v2\/posts\/8223\/revisions"}],"wp:featuredmedia":[{"embeddable":true,"href":"https:\/\/neness.pl\/blog\/wp-json\/wp\/v2\/media\/8227"}],"wp:attachment":[{"href":"https:\/\/neness.pl\/blog\/wp-json\/wp\/v2\/media?parent=8223"}],"wp:term":[{"taxonomy":"category","embeddable":true,"href":"https:\/\/neness.pl\/blog\/wp-json\/wp\/v2\/categories?post=8223"},{"taxonomy":"post_tag","embeddable":true,"href":"https:\/\/neness.pl\/blog\/wp-json\/wp\/v2\/tags?post=8223"}],"curies":[{"name":"wp","href":"https:\/\/api.w.org\/{rel}","templated":true}]}}