{"id":8186,"date":"2020-12-14T13:58:37","date_gmt":"2020-12-14T12:58:37","guid":{"rendered":"http:\/\/ranking-kosmetykow.pl\/?p=8186"},"modified":"2020-12-14T13:58:37","modified_gmt":"2020-12-14T12:58:37","slug":"najwieksze-bledy-podczas-prostowania-wlosow","status":"publish","type":"post","link":"https:\/\/neness.pl\/blog\/najwieksze-bledy-podczas-prostowania-wlosow\/","title":{"rendered":"Najwi\u0119ksze b\u0142\u0119dy podczas prostowania w\u0142os\u00f3w"},"content":{"rendered":"<p style=\"text-align: justify;\"><strong>Jakie b\u0142\u0119dy s\u0105 najcz\u0119\u015bciej pope\u0142niane podczas prostowania w\u0142os\u00f3w? Kt\u00f3re z tych wykrocze\u0144 zdarza si\u0119 pope\u0142nia\u0107 i Tobie?<\/strong><\/p>\n<p style=\"text-align: justify;\"><!--more--><\/p>\n<h3 style=\"text-align: justify;\"><strong>Prostowanie mokrych w\u0142os\u00f3w<\/strong><\/h3>\n<p style=\"text-align: justify;\"><span style=\"font-weight: 400;\">Prostowanie w\u0142os\u00f3w przy pomocy prostownicy nie wp\u0142ynie negatywnie na ich kondycj\u0119, je\u015bli przed rozpocz\u0119ciem tego zabiegu <strong>dok\u0142adnie je wysuszysz<\/strong>. Prostowanie mokrych, wilgotnych pasm to jeden z najwi\u0119kszych b\u0142\u0119d\u00f3w, za pope\u0142nianie kt\u00f3rego p\u0142aci si\u0119 ich przesuszeniem i zmatowieniem.\u00a0<\/span><\/p>\n<div id=\"attachment_8188\" style=\"width: 310px\" class=\"wp-caption aligncenter\"><img loading=\"lazy\" decoding=\"async\" aria-describedby=\"caption-attachment-8188\" class=\"size-medium wp-image-8188\" src=\"http:\/\/ranking-kosmetykow.pl\/wp-content\/uploads\/2020\/12\/19277_0_K-300x300.jpg\" alt=\"\" width=\"300\" height=\"300\" srcset=\"https:\/\/neness.pl\/blog\/wp-content\/uploads\/2020\/12\/19277_0_K-300x300.jpg 300w, https:\/\/neness.pl\/blog\/wp-content\/uploads\/2020\/12\/19277_0_K-150x150.jpg 150w, https:\/\/neness.pl\/blog\/wp-content\/uploads\/2020\/12\/19277_0_K-768x768.jpg 768w, https:\/\/neness.pl\/blog\/wp-content\/uploads\/2020\/12\/19277_0_K-610x610.jpg 610w, https:\/\/neness.pl\/blog\/wp-content\/uploads\/2020\/12\/19277_0_K-440x440.jpg 440w, https:\/\/neness.pl\/blog\/wp-content\/uploads\/2020\/12\/19277_0_K.jpg 800w\" sizes=\"auto, (max-width: 300px) 100vw, 300px\" \/><p id=\"caption-attachment-8188\" class=\"wp-caption-text\"><em>Styling Effect spray do prostowania w\u0142os\u00f3w 150ml<\/em><\/p><\/div>\n<p style=\"text-align: justify;\">\n<p style=\"text-align: justify;\"><strong>Jak bezpiecznie suszy\u0107 w\u0142osy? \u2193<\/strong><\/p>\n<p style=\"text-align: justify;\"><span style=\"font-weight: 400;\">Po umyciu ods\u0105cz nadmiar wody r\u0119cznikiem, a nast\u0119pnie wysusz suszark\u0105 w\u0142osy u nasady i na d\u0142ugo\u015bci. Ko\u0144c\u00f3wkom pozw\u00f3l <strong>wyschn\u0105\u0107 naturalnie<\/strong>. Podczas suszenia suszark\u0105 staraj si\u0119 trzyma\u0107 j\u0105 w odleg\u0142o\u015bci oko\u0142o 20 cm od sk\u00f3ry g\u0142owy i w\u0142os\u00f3w.\u00a0<\/span><\/p>\n<h3 style=\"text-align: justify;\"><strong>Niestosowanie preparat\u00f3w ochronnych<\/strong><\/h3>\n<p style=\"text-align: justify;\"><span style=\"font-weight: 400;\">Kolejny b\u0142\u0105d? Brak odpowiedniego zabezpieczania w\u0142os\u00f3w przed wysok\u0105 temperatur\u0105. Je\u015bli mi\u0119dzy w\u0142osami a \u017ar\u00f3d\u0142em ciep\u0142a (prostownic\u0105) nie b\u0119dzie <strong>\u017cadnej warstwy ochronnej<\/strong>, pasma b\u0119d\u0105 nara\u017cone na zniszczenie, przesuszenie i utrat\u0119 spr\u0119\u017cysto\u015bci.\u00a0<\/span><\/p>\n<p>&nbsp;<\/p>\n<div id=\"attachment_8189\" style=\"width: 310px\" class=\"wp-caption aligncenter\"><img loading=\"lazy\" decoding=\"async\" aria-describedby=\"caption-attachment-8189\" class=\"size-medium wp-image-8189\" src=\"http:\/\/ranking-kosmetykow.pl\/wp-content\/uploads\/2020\/12\/20142_0_K-300x300.jpg\" alt=\"\" width=\"300\" height=\"300\" srcset=\"https:\/\/neness.pl\/blog\/wp-content\/uploads\/2020\/12\/20142_0_K-300x300.jpg 300w, https:\/\/neness.pl\/blog\/wp-content\/uploads\/2020\/12\/20142_0_K-150x150.jpg 150w, https:\/\/neness.pl\/blog\/wp-content\/uploads\/2020\/12\/20142_0_K-768x768.jpg 768w, https:\/\/neness.pl\/blog\/wp-content\/uploads\/2020\/12\/20142_0_K-610x610.jpg 610w, https:\/\/neness.pl\/blog\/wp-content\/uploads\/2020\/12\/20142_0_K-440x440.jpg 440w, https:\/\/neness.pl\/blog\/wp-content\/uploads\/2020\/12\/20142_0_K.jpg 1000w\" sizes=\"auto, (max-width: 300px) 100vw, 300px\" \/><p id=\"caption-attachment-8189\" class=\"wp-caption-text\"><em>Tecni Art Pli Thermo-Modelling Spray termo-modeluj\u0105cy spray do w\u0142os\u00f3w Force 4 190ml<\/em><\/p><\/div>\n<p style=\"text-align: justify;\">\n<p style=\"text-align: justify;\"><strong>Jak dzia\u0142aj\u0105 preparaty termoochronne? \u2193<\/strong><\/p>\n<p style=\"text-align: justify;\"><span style=\"font-weight: 400;\">Mgie\u0142ki, spraye, kremy oraz inne produkty termoochronne tworz\u0105 barier\u0119, kt\u00f3ra zabezpiecza w\u0142osy przed dzia\u0142aniem bardzo wysokiej temperatury. <strong>Wyg\u0142adzaj\u0105 pasma<\/strong>, pozwalaj\u0105c na p\u0142ynne prowadzenie prostownicy. Pozostawiaj\u0105 na w\u0142osach przyjemny, elegancki zapach.\u00a0<\/span><\/p>\n<h3 style=\"text-align: justify;\"><strong>Brak znajomo\u015bci prawid\u0142owej techniki<\/strong><\/h3>\n<p style=\"text-align: justify;\"><span style=\"font-weight: 400;\">\u017beby prostowanie w\u0142os\u00f3w by\u0142o dla nich bezpieczne, <strong>nie powinno<\/strong> by\u0107 wykonywane szybko i chaotycznie. Po\u015bpiech i przypadkowe ruchy musz\u0105 zatem ust\u0105pi\u0107 miejsca cierpliwo\u015bci oraz przemy\u015blanemu, delikatnemu obchodzeniu si\u0119 z w\u0142osami. Podczas u\u017cywania prostownicy nale\u017cy prowadzi\u0107 j\u0105 p\u0142ynnie po wybranych partiach i nie przetrzymywa\u0107 w \u017cadnym miejscu.<\/span><\/p>\n<div id=\"attachment_8191\" style=\"width: 310px\" class=\"wp-caption aligncenter\"><img loading=\"lazy\" decoding=\"async\" aria-describedby=\"caption-attachment-8191\" class=\"size-medium wp-image-8191\" src=\"http:\/\/ranking-kosmetykow.pl\/wp-content\/uploads\/2020\/12\/13309_0_K-300x300.jpg\" alt=\"\" width=\"300\" height=\"300\" srcset=\"https:\/\/neness.pl\/blog\/wp-content\/uploads\/2020\/12\/13309_0_K-300x300.jpg 300w, https:\/\/neness.pl\/blog\/wp-content\/uploads\/2020\/12\/13309_0_K-150x150.jpg 150w, https:\/\/neness.pl\/blog\/wp-content\/uploads\/2020\/12\/13309_0_K-440x440.jpg 440w, https:\/\/neness.pl\/blog\/wp-content\/uploads\/2020\/12\/13309_0_K.jpg 500w\" sizes=\"auto, (max-width: 300px) 100vw, 300px\" \/><p id=\"caption-attachment-8191\" class=\"wp-caption-text\"><em>Thermo-Protect Blow-Dry Oil olejek termoochronny do w\u0142os\u00f3w podatnych na uszkodzenia 150ml<\/em><\/p><\/div>\n<p style=\"text-align: justify;\">\n<p style=\"text-align: justify;\"><strong>O czym jeszcze trzeba pami\u0119ta\u0107? \u2193<\/strong><\/p>\n<p style=\"text-align: justify;\"><span style=\"font-weight: 400;\">Z prawid\u0142ow\u0105 technik\u0105 prostowania nierozerwalnie zwi\u0105zana jest odpowiednia temperatura urz\u0105dzenia. Nale\u017cy dostosowa\u0107 j\u0105 przede wszystkim do rodzaju i stanu w\u0142os\u00f3w. Nawet je\u015bli korzystanie z <strong>ni\u017cszej temperatury<\/strong> b\u0119dzie wp\u0142ywa\u0142o na wyd\u0142u\u017cenie zabiegu, warto pami\u0119ta\u0107, \u017ce jest to najbezpieczniejsza opcja dla w\u0142os\u00f3w.\u00a0<\/span><\/p>\n<h3 style=\"text-align: justify;\"><strong>U\u017cywanie s\u0142abej jako\u015bci\u00a0urz\u0105dzenia<\/strong><\/h3>\n<p style=\"text-align: justify;\"><span style=\"font-weight: 400;\">Co jeszcze sprawia, \u017ce prostowanie w\u0142os\u00f3w mo\u017ce by\u0107 dla nich uci\u0105\u017cliwe? U\u017cywanej sprz\u0119tu o niskiej jako\u015bci, czyli z <strong>p\u0142ytkami o nier\u00f3wnej powierzchni<\/strong>, pozbawionego funkcji regulacji temperatury czy nier\u00f3wnomiernie si\u0119 nagrzewaj\u0105cego. Regularne si\u0119ganie po takie urz\u0105dzenie szybko doprowadzi do pogorszenia kondycji i wygl\u0105du pasm.\u00a0<\/span><\/p>\n<div id=\"attachment_8192\" style=\"width: 310px\" class=\"wp-caption aligncenter\"><img loading=\"lazy\" decoding=\"async\" aria-describedby=\"caption-attachment-8192\" class=\"size-medium wp-image-8192\" src=\"http:\/\/ranking-kosmetykow.pl\/wp-content\/uploads\/2020\/12\/13991_0_K-300x300.jpg\" alt=\"\" width=\"300\" height=\"300\" srcset=\"https:\/\/neness.pl\/blog\/wp-content\/uploads\/2020\/12\/13991_0_K-300x300.jpg 300w, https:\/\/neness.pl\/blog\/wp-content\/uploads\/2020\/12\/13991_0_K-150x150.jpg 150w, https:\/\/neness.pl\/blog\/wp-content\/uploads\/2020\/12\/13991_0_K-440x440.jpg 440w, https:\/\/neness.pl\/blog\/wp-content\/uploads\/2020\/12\/13991_0_K.jpg 500w\" sizes=\"auto, (max-width: 300px) 100vw, 300px\" \/><p id=\"caption-attachment-8192\" class=\"wp-caption-text\"><em>Guardian Angel Spray termoochronny spray modeluj\u0105cy do w\u0142os\u00f3w 200ml<\/em><\/p><\/div>\n<p style=\"text-align: justify;\">\n<p style=\"text-align: justify;\"><strong>Czy zakup dobrej jako\u015bci prostownicy to op\u0142acalna inwestycja? \u2193<\/strong><\/p>\n<p style=\"text-align: justify;\"><span style=\"font-weight: 400;\">Tak, poniewa\u017c dzi\u0119ki niej sprawisz, \u017ce prostowanie b\u0119dzie dla w\u0142os\u00f3w mniej inwazyjne, nawet je\u015bli\u00a0prostujesz je tylko od \u015bwi\u0119ta. Pami\u0119taj przy tym, \u017ce dobry sprz\u0119t <strong>to nie wszystko<\/strong>. Opr\u00f3cz niego licz\u0105 si\u0119 odpowiednie przygotowanie do stylizacji oraz znajomo\u015b\u0107 prawid\u0142owej techniki.\u00a0<\/span><\/p>\n","protected":false},"excerpt":{"rendered":"<p>Jakie b\u0142\u0119dy s\u0105 najcz\u0119\u015bciej pope\u0142niane podczas prostowania w\u0142os\u00f3w? Kt\u00f3re z tych wykrocze\u0144 zdarza si\u0119 pope\u0142nia\u0107 i Tobie?<\/p>\n","protected":false},"author":2,"featured_media":8187,"comment_status":"open","ping_status":"open","sticky":false,"template":"","format":"standard","meta":{"_et_pb_use_builder":"","_et_pb_old_content":"","_et_gb_content_width":"","footnotes":""},"categories":[48],"tags":[],"class_list":["post-8186","post","type-post","status-publish","format-standard","has-post-thumbnail","hentry","category-wlosy-idealne","et-has-post-format-content","et_post_format-et-post-format-standard"],"_links":{"self":[{"href":"https:\/\/neness.pl\/blog\/wp-json\/wp\/v2\/posts\/8186","targetHints":{"allow":["GET"]}}],"collection":[{"href":"https:\/\/neness.pl\/blog\/wp-json\/wp\/v2\/posts"}],"about":[{"href":"https:\/\/neness.pl\/blog\/wp-json\/wp\/v2\/types\/post"}],"author":[{"embeddable":true,"href":"https:\/\/neness.pl\/blog\/wp-json\/wp\/v2\/users\/2"}],"replies":[{"embeddable":true,"href":"https:\/\/neness.pl\/blog\/wp-json\/wp\/v2\/comments?post=8186"}],"version-history":[{"count":0,"href":"https:\/\/neness.pl\/blog\/wp-json\/wp\/v2\/posts\/8186\/revisions"}],"wp:featuredmedia":[{"embeddable":true,"href":"https:\/\/neness.pl\/blog\/wp-json\/wp\/v2\/media\/8187"}],"wp:attachment":[{"href":"https:\/\/neness.pl\/blog\/wp-json\/wp\/v2\/media?parent=8186"}],"wp:term":[{"taxonomy":"category","embeddable":true,"href":"https:\/\/neness.pl\/blog\/wp-json\/wp\/v2\/categories?post=8186"},{"taxonomy":"post_tag","embeddable":true,"href":"https:\/\/neness.pl\/blog\/wp-json\/wp\/v2\/tags?post=8186"}],"curies":[{"name":"wp","href":"https:\/\/api.w.org\/{rel}","templated":true}]}}