{"id":8100,"date":"2020-12-02T12:32:26","date_gmt":"2020-12-02T11:32:26","guid":{"rendered":"http:\/\/ranking-kosmetykow.pl\/?p=8100"},"modified":"2020-12-02T12:32:26","modified_gmt":"2020-12-02T11:32:26","slug":"perfumetki-damskie-i-meskie-na-wigilijna-wieczerze","status":"publish","type":"post","link":"https:\/\/neness.pl\/blog\/perfumetki-damskie-i-meskie-na-wigilijna-wieczerze\/","title":{"rendered":"Perfumetki damskie i m\u0119skie na wigilijn\u0105 wieczerz\u0119"},"content":{"rendered":"<p style=\"text-align: justify;\"><strong>Jaki zapach b\u0119dzie towarzyszy\u0142 Ci podczas tegorocznej wieczerzy wigilijnej?\u00a0A mo\u017ce na t\u0119 specjaln\u0105 okazj\u0119 wybierzesz perfumetk\u0119 z poni\u017cszego zestawienia?\u00a0<\/strong><\/p>\n<p style=\"text-align: justify;\"><!--more--><\/p>\n<h3 style=\"text-align: justify;\"><strong>Neness Black &amp; White<\/strong><\/h3>\n<p style=\"text-align: justify;\"><span style=\"font-weight: 400;\">Damski duet Neness Black &amp; White to idealna propozycja na <strong>okres \u015bwi\u0105teczny<\/strong>. Perfumetka Black ze s\u0142odkimi migda\u0142ami, aromatyczn\u0105 kaw\u0105, wspania\u0142\u0105 tuberoz\u0105 i bosk\u0105 esencj\u0105 kakao a\u017c prosi si\u0119 o aplikacj\u0119 zaraz po pojawieniu si\u0119 <strong>pierwszej gwiazdki<\/strong>. Z kolei perfumetka White stanowi\u0105ca po\u0142\u0105czenie aromat\u00f3w owocowych oraz kwiatowych fenomenalnie komponuje si\u0119 z zapachem <strong>\u015bwie\u017cego \u015bwierku<\/strong> i orze\u017awiaj\u0105cym, mro\u017anym powietrzem.\u00a0<\/span><\/p>\n<div id=\"attachment_8101\" style=\"width: 210px\" class=\"wp-caption aligncenter\"><img loading=\"lazy\" decoding=\"async\" aria-describedby=\"caption-attachment-8101\" class=\"size-medium wp-image-8101\" src=\"http:\/\/ranking-kosmetykow.pl\/wp-content\/uploads\/2020\/12\/black-200x300.jpg\" alt=\"\" width=\"200\" height=\"300\" srcset=\"https:\/\/neness.pl\/blog\/wp-content\/uploads\/2020\/12\/black-200x300.jpg 200w, https:\/\/neness.pl\/blog\/wp-content\/uploads\/2020\/12\/black-682x1024.jpg 682w, https:\/\/neness.pl\/blog\/wp-content\/uploads\/2020\/12\/black-768x1152.jpg 768w, https:\/\/neness.pl\/blog\/wp-content\/uploads\/2020\/12\/black-1024x1536.jpg 1024w, https:\/\/neness.pl\/blog\/wp-content\/uploads\/2020\/12\/black-1080x1620.jpg 1080w, https:\/\/neness.pl\/blog\/wp-content\/uploads\/2020\/12\/black-610x915.jpg 610w, https:\/\/neness.pl\/blog\/wp-content\/uploads\/2020\/12\/black.jpg 1333w\" sizes=\"auto, (max-width: 200px) 100vw, 200px\" \/><p id=\"caption-attachment-8101\" class=\"wp-caption-text\"><em>Neness BLACK<\/em><\/p><\/div>\n<p style=\"text-align: justify;\">\n<p style=\"text-align: justify;\"><span style=\"font-weight: 400;\">Na wigilijn\u0105 wieczerz\u0119 polecamy zatem perfumetk\u0119 Black, natomiast wariant White \u2013 na \u015bwi\u0105teczne dni. Proponowany duet doskonale sprawdza si\u0119 tak\u017ce w <strong>roli prezentu<\/strong> dla kole\u017canki, mamy, siostry czy dziewczyny. Wystarczy, \u017ce zam\u00f3wisz je z wyprzedzeniem, a po odebraniu przesy\u0142ki estetycznie zapakujesz albo skorzystasz z naszego <strong>opakowania ozdobnego<\/strong>. Taki upominek z pewno\u015bci\u0105 pozytywnie zaskoczy osob\u0119 obdarowan\u0105 i wywo\u0142a szczer\u0105 rado\u015b\u0107.\u00a0<\/span><\/p>\n<div id=\"attachment_8102\" style=\"width: 210px\" class=\"wp-caption aligncenter\"><img loading=\"lazy\" decoding=\"async\" aria-describedby=\"caption-attachment-8102\" class=\"size-medium wp-image-8102\" src=\"http:\/\/ranking-kosmetykow.pl\/wp-content\/uploads\/2020\/12\/white_k-200x300.jpg\" alt=\"\" width=\"200\" height=\"300\" srcset=\"https:\/\/neness.pl\/blog\/wp-content\/uploads\/2020\/12\/white_k-200x300.jpg 200w, https:\/\/neness.pl\/blog\/wp-content\/uploads\/2020\/12\/white_k-683x1024.jpg 683w, https:\/\/neness.pl\/blog\/wp-content\/uploads\/2020\/12\/white_k-768x1152.jpg 768w, https:\/\/neness.pl\/blog\/wp-content\/uploads\/2020\/12\/white_k-1024x1536.jpg 1024w, https:\/\/neness.pl\/blog\/wp-content\/uploads\/2020\/12\/white_k-1080x1620.jpg 1080w, https:\/\/neness.pl\/blog\/wp-content\/uploads\/2020\/12\/white_k-610x915.jpg 610w, https:\/\/neness.pl\/blog\/wp-content\/uploads\/2020\/12\/white_k.jpg 1365w\" sizes=\"auto, (max-width: 200px) 100vw, 200px\" \/><p id=\"caption-attachment-8102\" class=\"wp-caption-text\"><em>Neness WHITE<\/em><\/p><\/div>\n<h3 style=\"text-align: justify;\"><strong>N025. Grey &amp; N196. De L&#8217;homme<\/strong><\/h3>\n<p style=\"text-align: justify;\"><span style=\"font-weight: 400;\">A jakie<strong> m\u0119skie perfumetki<\/strong> sprawdz\u0105 si\u0119 najlepiej podczas tej specjalnej okazji? \u017beby wyb\u00f3r by\u0142 dla Ciebie prostszy, nasze propozycje ograniczyli\u015bmy do duetu sk\u0142adaj\u0105cego si\u0119 z:<\/span><\/p>\n<ul style=\"text-align: justify;\">\n<li style=\"font-weight: 400;\"><span style=\"font-weight: 400;\">zapachu m\u0119skiego N025. Grey<\/span><\/li>\n<li style=\"font-weight: 400;\"><span style=\"font-weight: 400;\">zapachu m\u0119skiego N196. De L&#8217;homme<\/span><\/li>\n<\/ul>\n<p style=\"text-align: justify;\"><span style=\"font-weight: 400;\">Obie inspirowane topowymi, <strong>eleganckimi kompozycjami<\/strong> i zamkni\u0119te w minimalistycznych flakonach. Na kt\u00f3ry wariant lepiej wi\u0119c si\u0119 zdecydowa\u0107? Zapoznaj si\u0119 z poni\u017cszym opisem i zastan\u00f3w si\u0119, jaka opcja bardziej do Ciebie <strong>przemawia<\/strong>.\u00a0<\/span><\/p>\n<div id=\"attachment_8103\" style=\"width: 210px\" class=\"wp-caption aligncenter\"><img loading=\"lazy\" decoding=\"async\" aria-describedby=\"caption-attachment-8103\" class=\"size-medium wp-image-8103\" src=\"http:\/\/ranking-kosmetykow.pl\/wp-content\/uploads\/2020\/12\/11b05b189b5e673d436e16da0cadde85-200x300.jpg\" alt=\"\" width=\"200\" height=\"300\" srcset=\"https:\/\/neness.pl\/blog\/wp-content\/uploads\/2020\/12\/11b05b189b5e673d436e16da0cadde85-200x300.jpg 200w, https:\/\/neness.pl\/blog\/wp-content\/uploads\/2020\/12\/11b05b189b5e673d436e16da0cadde85.jpg 540w\" sizes=\"auto, (max-width: 200px) 100vw, 200px\" \/><p id=\"caption-attachment-8103\" class=\"wp-caption-text\"><em>N025. Grey &#8211; 33 ml &#8211; zapach m\u0119ski<\/em><\/p><\/div>\n<p>&nbsp;<\/p>\n<ul style=\"text-align: justify;\">\n<li style=\"font-weight: 400;\"><span style=\"font-weight: 400;\"><strong>N025. Grey<\/strong> charakteryzuje si\u0119 bogatym, drzewno-korzennym aromatem, ale nie brak w nim orze\u017awiaj\u0105cych, cytrusowych nut. Jest doskona\u0142ym wyborem na jesie\u0144, zim\u0119 i wczesn\u0105 wiosn\u0119. Subtelnie rozgrzewa, pobudza do dzia\u0142ania i poprawia nastr\u00f3j.\u00a0<\/span><\/li>\n<li style=\"font-weight: 400;\"><span style=\"font-weight: 400;\"><strong>N196. De L&#8217;homme<\/strong> to kompozycja le\u015bno-kwiatowa, pe\u0142na spokoju i harmonii. Czaruje oraz uwodzi swoj\u0105 \u015bwie\u017co\u015bci\u0105 i naturalno\u015bci\u0105. Nie znajdziesz w niej przyt\u0142aczaj\u0105cych, ci\u0119\u017ckich akcent\u00f3w, lecz wy\u0142\u0105cznie lekkie i stonowane nuty. Zapach w okresie jesieni i zimy warto aplikowa\u0107 w ci\u0105gu dnia, a gdy zrobi si\u0119 cieplej stosowa\u0107 go tylko wieczorem.\u00a0<\/span><\/li>\n<\/ul>\n<p>&nbsp;<\/p>\n<div id=\"attachment_8104\" style=\"width: 210px\" class=\"wp-caption aligncenter\"><img loading=\"lazy\" decoding=\"async\" aria-describedby=\"caption-attachment-8104\" class=\"size-medium wp-image-8104\" src=\"http:\/\/ranking-kosmetykow.pl\/wp-content\/uploads\/2020\/12\/a85c2aa0a71b0485a1f488b00e9f9fb4-200x300.jpg\" alt=\"\" width=\"200\" height=\"300\" srcset=\"https:\/\/neness.pl\/blog\/wp-content\/uploads\/2020\/12\/a85c2aa0a71b0485a1f488b00e9f9fb4-200x300.jpg 200w, https:\/\/neness.pl\/blog\/wp-content\/uploads\/2020\/12\/a85c2aa0a71b0485a1f488b00e9f9fb4.jpg 540w\" sizes=\"auto, (max-width: 200px) 100vw, 200px\" \/><p id=\"caption-attachment-8104\" class=\"wp-caption-text\"><em>N196. De L&#8217;homme &#8211; 33 ml &#8211; zapach m\u0119ski<\/em><\/p><\/div>\n<p style=\"text-align: justify;\">\n<p style=\"text-align: justify;\"><strong>\u2665\u00a0Na kt\u00f3ry zapach si\u0119 zdecydujesz? Pochwal si\u0119 wyborem w komenarzu.\u00a0<\/strong><\/p>\n","protected":false},"excerpt":{"rendered":"<p>Jaki zapach b\u0119dzie towarzyszy\u0142 Ci podczas tegorocznej wieczerzy wigilijnej?\u00a0A mo\u017ce na t\u0119 specjaln\u0105 okazj\u0119 wybierzesz perfumetk\u0119 z poni\u017cszego zestawienia?\u00a0<\/p>\n","protected":false},"author":2,"featured_media":8105,"comment_status":"open","ping_status":"open","sticky":false,"template":"","format":"standard","meta":{"_et_pb_use_builder":"","_et_pb_old_content":"","_et_gb_content_width":"","footnotes":""},"categories":[19],"tags":[],"class_list":["post-8100","post","type-post","status-publish","format-standard","has-post-thumbnail","hentry","category-zachwycaj-zapachem","et-has-post-format-content","et_post_format-et-post-format-standard"],"_links":{"self":[{"href":"https:\/\/neness.pl\/blog\/wp-json\/wp\/v2\/posts\/8100","targetHints":{"allow":["GET"]}}],"collection":[{"href":"https:\/\/neness.pl\/blog\/wp-json\/wp\/v2\/posts"}],"about":[{"href":"https:\/\/neness.pl\/blog\/wp-json\/wp\/v2\/types\/post"}],"author":[{"embeddable":true,"href":"https:\/\/neness.pl\/blog\/wp-json\/wp\/v2\/users\/2"}],"replies":[{"embeddable":true,"href":"https:\/\/neness.pl\/blog\/wp-json\/wp\/v2\/comments?post=8100"}],"version-history":[{"count":0,"href":"https:\/\/neness.pl\/blog\/wp-json\/wp\/v2\/posts\/8100\/revisions"}],"wp:featuredmedia":[{"embeddable":true,"href":"https:\/\/neness.pl\/blog\/wp-json\/wp\/v2\/media\/8105"}],"wp:attachment":[{"href":"https:\/\/neness.pl\/blog\/wp-json\/wp\/v2\/media?parent=8100"}],"wp:term":[{"taxonomy":"category","embeddable":true,"href":"https:\/\/neness.pl\/blog\/wp-json\/wp\/v2\/categories?post=8100"},{"taxonomy":"post_tag","embeddable":true,"href":"https:\/\/neness.pl\/blog\/wp-json\/wp\/v2\/tags?post=8100"}],"curies":[{"name":"wp","href":"https:\/\/api.w.org\/{rel}","templated":true}]}}