{"id":8064,"date":"2020-11-25T14:14:35","date_gmt":"2020-11-25T13:14:35","guid":{"rendered":"http:\/\/ranking-kosmetykow.pl\/?p=8064"},"modified":"2020-11-25T14:14:35","modified_gmt":"2020-11-25T13:14:35","slug":"dlaczego-korektor-zbiera-sie-w-zmarszczkach","status":"publish","type":"post","link":"https:\/\/neness.pl\/blog\/dlaczego-korektor-zbiera-sie-w-zmarszczkach\/","title":{"rendered":"Dlaczego korektor zbiera si\u0119 w zmarszczkach?"},"content":{"rendered":"<p style=\"text-align: justify;\"><strong>Tu\u017c po aplikacji korektora sk\u00f3ra pod oczami zaczyna wygl\u0105da\u0107 nieestetycznie, a zmarszczki s\u0105 mocno podkre\u015blone? Czym jest to spowodowane? Czytaj dalej i poznaj najpopularniejsze powody.\u00a0<\/strong><\/p>\n<h3 style=\"text-align: justify;\"><strong>Nieodpowiednia piel\u0119gnacja lub jej brak<\/strong><\/h3>\n<p style=\"text-align: justify;\"><span style=\"font-weight: 400;\">Sk\u00f3ra pod oczami jest wyj\u0105tkowo <strong>cienka<\/strong> i <strong>delikatna<\/strong>. Nie jest w stanie sama siebie nawil\u017cy\u0107 czy zlikwidowa\u0107 pojawiaj\u0105ce si\u0119 zmarszczki. Dlatego potrzebuje wsparcia w postaci dobrze dobranej, zr\u00f3wnowa\u017conej piel\u0119gnacji. Je\u015bli sko\u0144czy\u0142a\u015b <strong>25 lat<\/strong>, w kosmetyczce powinna\u015b mie\u0107 dostosowany do rodzaju sk\u00f3ry krem pod oczy, najlepiej w dw\u00f3ch wariantach \u2013 na dzie\u0144 i na noc.<\/span><\/p>\n<div id=\"attachment_8065\" style=\"width: 310px\" class=\"wp-caption aligncenter\"><img loading=\"lazy\" decoding=\"async\" aria-describedby=\"caption-attachment-8065\" class=\"size-medium wp-image-8065\" src=\"http:\/\/ranking-kosmetykow.pl\/wp-content\/uploads\/2020\/11\/36722_0_K-300x280.jpg\" alt=\"\" width=\"300\" height=\"280\" srcset=\"https:\/\/neness.pl\/blog\/wp-content\/uploads\/2020\/11\/36722_0_K-300x280.jpg 300w, https:\/\/neness.pl\/blog\/wp-content\/uploads\/2020\/11\/36722_0_K.jpg 600w\" sizes=\"auto, (max-width: 300px) 100vw, 300px\" \/><p id=\"caption-attachment-8065\" class=\"wp-caption-text\"><em>Krem przeciwzmarszczkowy pod oczy i na powieki Pietruszka 15ml<\/em><\/p><\/div>\n<p style=\"text-align: justify;\">\n<p style=\"text-align: justify;\"><span style=\"font-weight: 400;\">Krem na noc mo\u017ce mie\u0107 t\u0142ustsz\u0105 konsystencj\u0119, ale jego odpowiednik dzienny powinien by\u0107 <strong>l\u017cejszy<\/strong>. W przeciwnym razie nie b\u0119dzie dobrze wsp\u00f3\u0142pracowa\u0142 z korektorem, obci\u0105\u017cy sk\u00f3r\u0119 i doprowadzi do podkre\u015blenia niedoskona\u0142o\u015bci. R\u00f3wnie ryzykown\u0105 decyzj\u0105 jest <strong>rezygnacja z u\u017cywania<\/strong> jakiegokolwiek kremu. Nawet je\u015bli wybierzesz korektor o dzia\u0142aniu piel\u0119gnacyjnym sam nigdy nie b\u0119dzie wygl\u0105da\u0142 pod oczami tak dobrze jak w duecie z delikatnym kremem.\u00a0<\/span><\/p>\n<h3 style=\"text-align: justify;\"><strong>Wyb\u00f3r niew\u0142a\u015bciwego pudru\u00a0<\/strong><\/h3>\n<p style=\"text-align: justify;\"><span style=\"font-weight: 400;\">Je\u015bli makija\u017c ma przetrwa\u0107 kilkana\u015bcie godzin, s\u0142usznym dzia\u0142aniem wydaje si\u0119 <strong>utrwalenie<\/strong> na\u0142o\u017conego korektora za pomoc\u0105 pudru. Ale gdy w tej roli wyst\u0105pi produkt przeznaczony\u00a0wy\u0142\u0105cznie do twarzy lub o\u00a0intensywnym\u00a0<strong>dzia\u0142aniu matuj\u0105cym<\/strong>, pod jego wp\u0142ywem korektor mo\u017ce zebra\u0107 si\u0119 w zmarszczkach. \u017beby unikn\u0105\u0107 takiego ryzyka, warto wybiera\u0107 pudry opracowane z my\u015bl\u0105 w\u0142a\u015bnie o <strong>okolicy oczu<\/strong>. Polecamy w szczeg\u00f3lno\u015bci:<\/span><\/p>\n<ul style=\"text-align: justify;\">\n<li style=\"font-weight: 400;\"><span style=\"font-weight: 400;\">produkty sypkie i delikatne, niemal niewyczuwalne w dotyku,<\/span><\/li>\n<li style=\"font-weight: 400;\"><span style=\"font-weight: 400;\">o w\u0142a\u015bciwo\u015bciach delikatnie roz\u015bwietlaj\u0105cych,<\/span><\/li>\n<li style=\"font-weight: 400;\"><span style=\"font-weight: 400;\">zapewniaj\u0105ce naturalne, satynowe wyko\u0144czenie.<\/span><\/li>\n<\/ul>\n<div id=\"attachment_8066\" style=\"width: 310px\" class=\"wp-caption aligncenter\"><img loading=\"lazy\" decoding=\"async\" aria-describedby=\"caption-attachment-8066\" class=\"size-medium wp-image-8066\" src=\"http:\/\/ranking-kosmetykow.pl\/wp-content\/uploads\/2020\/11\/7118_0_K-300x300.jpg\" alt=\"\" width=\"300\" height=\"300\" srcset=\"https:\/\/neness.pl\/blog\/wp-content\/uploads\/2020\/11\/7118_0_K-300x300.jpg 300w, https:\/\/neness.pl\/blog\/wp-content\/uploads\/2020\/11\/7118_0_K-150x150.jpg 150w, https:\/\/neness.pl\/blog\/wp-content\/uploads\/2020\/11\/7118_0_K-440x440.jpg 440w, https:\/\/neness.pl\/blog\/wp-content\/uploads\/2020\/11\/7118_0_K.jpg 600w\" sizes=\"auto, (max-width: 300px) 100vw, 300px\" \/><p id=\"caption-attachment-8066\" class=\"wp-caption-text\"><em>Fixer sypki puder ry\u017cowy 15g<\/em><\/p><\/div>\n<h3 style=\"text-align: justify;\"><strong>Niepoprawna aplikacja produkt\u00f3w<\/strong><\/h3>\n<p style=\"text-align: justify;\"><span style=\"font-weight: 400;\">Mimo regularnego piel\u0119gnowania sk\u00f3ry i stosowania <strong>dobrej jako\u015bci pudru<\/strong> pod oczy korektor wci\u0105\u017c wchodzi w zmarszczki? Powodem mo\u017ce by\u0107 niepoprawna aplikacji produkt\u00f3w. Mowa o nak\u0142adaniu zbyt du\u017cej ilo\u015bci korektora i pudru oraz wykonywaniu niew\u0142a\u015bciwych ruch\u00f3w. Ze sk\u00f3r\u0105 pod oczami trzeba obchodzi\u0107 si\u0119 <strong>delikatnie<\/strong>. Dlatego im mniej produktu i subtelniejsze ruchy, tym lepiej.\u00a0<\/span><\/p>\n<div id=\"attachment_8067\" style=\"width: 310px\" class=\"wp-caption aligncenter\"><img loading=\"lazy\" decoding=\"async\" aria-describedby=\"caption-attachment-8067\" class=\"size-full wp-image-8067\" src=\"http:\/\/ranking-kosmetykow.pl\/wp-content\/uploads\/2020\/11\/44038_0_K.jpg\" alt=\"\" width=\"300\" height=\"300\" srcset=\"https:\/\/neness.pl\/blog\/wp-content\/uploads\/2020\/11\/44038_0_K.jpg 300w, https:\/\/neness.pl\/blog\/wp-content\/uploads\/2020\/11\/44038_0_K-150x150.jpg 150w\" sizes=\"auto, (max-width: 300px) 100vw, 300px\" \/><p id=\"caption-attachment-8067\" class=\"wp-caption-text\"><em>ColorStay Concealer korektor pod oczy nr 01 Fair 6,2ml<\/em><\/p><\/div>\n<p style=\"text-align: justify;\">\n<p style=\"text-align: justify;\"><span style=\"font-weight: 400;\">Jakie jeszcze b\u0142\u0119dy dotycz\u0105ce aplikacji korektora pope\u0142niane s\u0105 nagminnie? Do popularnych bez w\u0105tpienia nale\u017cy nak\u0142adanie korektora po uprzednim na\u0142o\u017ceniu na t\u0119 parti\u0119 sk\u00f3ry mocno <strong>kryj\u0105cego podk\u0142adu<\/strong>. Taki efekt by\u0107 mo\u017ce obroni si\u0119 na zdj\u0119ciach, ale w \u015bwietle dziennym, na \u015bwie\u017cym powietrzu ju\u017c nie. Kolejny wyst\u0119pek to wierne <strong>na\u015bladowanie sposobu<\/strong>, w jaki inne osoby nak\u0142adaj\u0105 korektory i pudry. Baking i <strong>tr\u00f3jk\u0105ty<\/strong>\u00a0nie\u00a0zadzia\u0142aj\u0105 przecie\u017c tak samo dobrze u wszystkich.\u00a0<\/span><\/p>\n","protected":false},"excerpt":{"rendered":"<p>Tu\u017c po aplikacji korektora sk\u00f3ra pod oczami zaczyna wygl\u0105da\u0107 nieestetycznie, a zmarszczki s\u0105 mocno podkre\u015blone? Czym jest to spowodowane? Czytaj dalej i poznaj najpopularniejsze powody.\u00a0 Nieodpowiednia piel\u0119gnacja lub jej brak Sk\u00f3ra pod oczami jest wyj\u0105tkowo cienka i delikatna. Nie jest w stanie sama siebie nawil\u017cy\u0107 czy zlikwidowa\u0107 pojawiaj\u0105ce si\u0119 zmarszczki. Dlatego potrzebuje wsparcia w postaci [&hellip;]<\/p>\n","protected":false},"author":2,"featured_media":8068,"comment_status":"open","ping_status":"open","sticky":false,"template":"","format":"standard","meta":{"_et_pb_use_builder":"","_et_pb_old_content":"","_et_gb_content_width":"","footnotes":""},"categories":[41],"tags":[],"class_list":["post-8064","post","type-post","status-publish","format-standard","has-post-thumbnail","hentry","category-olsniewaj-makijazem","et-has-post-format-content","et_post_format-et-post-format-standard"],"_links":{"self":[{"href":"https:\/\/neness.pl\/blog\/wp-json\/wp\/v2\/posts\/8064","targetHints":{"allow":["GET"]}}],"collection":[{"href":"https:\/\/neness.pl\/blog\/wp-json\/wp\/v2\/posts"}],"about":[{"href":"https:\/\/neness.pl\/blog\/wp-json\/wp\/v2\/types\/post"}],"author":[{"embeddable":true,"href":"https:\/\/neness.pl\/blog\/wp-json\/wp\/v2\/users\/2"}],"replies":[{"embeddable":true,"href":"https:\/\/neness.pl\/blog\/wp-json\/wp\/v2\/comments?post=8064"}],"version-history":[{"count":0,"href":"https:\/\/neness.pl\/blog\/wp-json\/wp\/v2\/posts\/8064\/revisions"}],"wp:featuredmedia":[{"embeddable":true,"href":"https:\/\/neness.pl\/blog\/wp-json\/wp\/v2\/media\/8068"}],"wp:attachment":[{"href":"https:\/\/neness.pl\/blog\/wp-json\/wp\/v2\/media?parent=8064"}],"wp:term":[{"taxonomy":"category","embeddable":true,"href":"https:\/\/neness.pl\/blog\/wp-json\/wp\/v2\/categories?post=8064"},{"taxonomy":"post_tag","embeddable":true,"href":"https:\/\/neness.pl\/blog\/wp-json\/wp\/v2\/tags?post=8064"}],"curies":[{"name":"wp","href":"https:\/\/api.w.org\/{rel}","templated":true}]}}