{"id":8037,"date":"2020-11-23T16:40:23","date_gmt":"2020-11-23T15:40:23","guid":{"rendered":"http:\/\/ranking-kosmetykow.pl\/?p=8037"},"modified":"2020-11-23T16:40:23","modified_gmt":"2020-11-23T15:40:23","slug":"zaczerwieniona-skora-twarzy-zima-co-robic","status":"publish","type":"post","link":"https:\/\/neness.pl\/blog\/zaczerwieniona-skora-twarzy-zima-co-robic\/","title":{"rendered":"Zaczerwieniona sk\u00f3ra twarzy zim\u0105 \u2013 co robi\u0107?"},"content":{"rendered":"<p style=\"text-align: justify;\"><strong>Z powodu\u00a0warunk\u00f3w charakterystycznych dla tej pory roku\u00a0sk\u00f3ra twarzy nara\u017cona jest na podra\u017cnienia i zaczerwienienia. Zim\u0105 nie wolno wi\u0119c zostawia\u0107 jej samej. Trzeba odpowiednio si\u0119 ni\u0105 zaj\u0105\u0107 oraz zacz\u0105\u0107 odpowiedzialnie dzia\u0142a\u0107. Ale co dok\u0142adnie mo\u017cna zrobi\u0107?\u00a0<\/strong><\/p>\n<p style=\"text-align: justify;\"><!--more--><\/p>\n<h3 style=\"text-align: justify;\"><strong>Odpowiednio dobrana piel\u0119gnacja<\/strong><\/h3>\n<p style=\"text-align: justify;\"><span style=\"font-weight: 400;\">Do zimowej piel\u0119gnacji sk\u00f3ry po prostu trzeba si\u0119 przy\u0142o\u017cy\u0107. Nie ma tu miejsca na <strong>p\u00f3\u0142\u015brodki<\/strong>, bylejako\u015b\u0107 czy chaos. Je\u015bli b\u0119dziesz dzia\u0142a\u0107 w ten spos\u00f3b, cera pr\u0119dzej czy p\u00f3\u017aniej ujawni Twoje zaniedbania i nie tak \u0142atwo da si\u0119 nam\u00f3wi\u0107 <strong>na zmian\u0119<\/strong>. O czym nale\u017cy pami\u0119ta\u0107, \u017ceby unikn\u0105\u0107 podra\u017cnie\u0144, zaczerwienienia i dyskomfortu?\u00a0<\/span><\/p>\n<div id=\"attachment_8038\" style=\"width: 310px\" class=\"wp-caption aligncenter\"><img loading=\"lazy\" decoding=\"async\" aria-describedby=\"caption-attachment-8038\" class=\"wp-image-8038 size-medium\" src=\"http:\/\/ranking-kosmetykow.pl\/wp-content\/uploads\/2020\/11\/32057_0_K-300x300.jpg\" alt=\"\" width=\"300\" height=\"300\" srcset=\"https:\/\/neness.pl\/blog\/wp-content\/uploads\/2020\/11\/32057_0_K-300x300.jpg 300w, https:\/\/neness.pl\/blog\/wp-content\/uploads\/2020\/11\/32057_0_K-150x150.jpg 150w, https:\/\/neness.pl\/blog\/wp-content\/uploads\/2020\/11\/32057_0_K-768x768.jpg 768w, https:\/\/neness.pl\/blog\/wp-content\/uploads\/2020\/11\/32057_0_K-610x610.jpg 610w, https:\/\/neness.pl\/blog\/wp-content\/uploads\/2020\/11\/32057_0_K-440x440.jpg 440w, https:\/\/neness.pl\/blog\/wp-content\/uploads\/2020\/11\/32057_0_K.jpg 1000w\" sizes=\"auto, (max-width: 300px) 100vw, 300px\" \/><p id=\"caption-attachment-8038\" class=\"wp-caption-text\"><em>Bogaty krem nawil\u017caj\u0105cy 24 h przeciw przesuszaniu 50ml<\/em><\/p><\/div>\n<p style=\"text-align: justify;\">\n<p style=\"text-align: justify;\"><span style=\"font-weight: 400;\">Kluczem do sukcesu jest odpowiednio dobrana piel\u0119gnacja, czyli dostosowana do <strong>rodzaju i potrzeb<\/strong> sk\u00f3ry oraz nowych wyzwa\u0144, z jakimi musi si\u0119 mierzy\u0107. S\u0105 to nie tylko niesprzyjaj\u0105ce warunki atmosferyczne, ale i specyficzny klimat panuj\u0105cy<strong> we wn\u0119trzach<\/strong> czy gryz\u0105ce szale i czapki. Nie nale\u017cy zapomina\u0107 te\u017c o promieniowaniu s\u0142onecznym, na kt\u00f3re trzeba uwa\u017ca\u0107 i o tej porze roku.\u00a0<\/span><\/p>\n<div id=\"attachment_8039\" style=\"width: 296px\" class=\"wp-caption aligncenter\"><img loading=\"lazy\" decoding=\"async\" aria-describedby=\"caption-attachment-8039\" class=\"wp-image-8039 size-medium\" src=\"http:\/\/ranking-kosmetykow.pl\/wp-content\/uploads\/2020\/11\/39551_0_K-286x300.jpg\" alt=\"\" width=\"286\" height=\"300\" srcset=\"https:\/\/neness.pl\/blog\/wp-content\/uploads\/2020\/11\/39551_0_K-286x300.jpg 286w, https:\/\/neness.pl\/blog\/wp-content\/uploads\/2020\/11\/39551_0_K.jpg 600w\" sizes=\"auto, (max-width: 286px) 100vw, 286px\" \/><p id=\"caption-attachment-8039\" class=\"wp-caption-text\"><em>Anti-Redness Facial Mask maska niweluj\u0105ca zaczerwienienia<\/em><\/p><\/div>\n<p style=\"text-align: justify;\">\n<p style=\"text-align: justify;\"><span style=\"font-weight: 400;\">Czy istnieje jeden skuteczny przepis na zimow\u0105 piel\u0119gnacj\u0119 twarzy? Ka\u017cdy element rutyny musi zosta\u0107 wypracowany samodzielnie i dostosowany do indywidualnych potrzeb. Istniej\u0105 jednak <strong>zasady<\/strong>, kt\u00f3re to u\u0142atwiaj\u0105. Dotycz\u0105 m.in. <strong>wyboru<\/strong> kosmetyk\u00f3w i sposobu ich aplikacji. Je\u015bli jeste\u015b tym zainteresowana, czytaj dalej.\u00a0<\/span><\/p>\n<h3 style=\"text-align: justify;\"><strong>Zimowe kosmetyki do twarzy\u00a0<\/strong><\/h3>\n<p style=\"text-align: justify;\"><span style=\"font-weight: 400;\">Wiesz ju\u017c, \u017ce wybieraj\u0105c odpowiednie kosmetyki do piel\u0119gnacji twarzy, mo\u017cesz skutecznie j\u0105 zabezpieczy\u0107 oraz <strong>zahamowa\u0107<\/strong> pog\u0142\u0119bianie si\u0119 problem\u00f3w. Wiesz te\u017c, \u017ce krem, \u017cel oraz serum powinny by\u0107 dostosowane do rodzaju sk\u00f3ry i panuj\u0105cych warunk\u00f3w. Co opr\u00f3cz tego powinna\u015b uwzgl\u0119dni\u0107? Polecamy, \u017ceby\u015b zwr\u00f3ci\u0142a uwag\u0119 na <strong>sk\u0142ad<\/strong> i <strong>konsystencj\u0119<\/strong> produktu.\u00a0<\/span><\/p>\n<div id=\"attachment_8040\" style=\"width: 310px\" class=\"wp-caption aligncenter\"><img loading=\"lazy\" decoding=\"async\" aria-describedby=\"caption-attachment-8040\" class=\"wp-image-8040 size-medium\" src=\"http:\/\/ranking-kosmetykow.pl\/wp-content\/uploads\/2020\/11\/19409_0_K-300x300.jpg\" alt=\"\" width=\"300\" height=\"300\" srcset=\"https:\/\/neness.pl\/blog\/wp-content\/uploads\/2020\/11\/19409_0_K-300x300.jpg 300w, https:\/\/neness.pl\/blog\/wp-content\/uploads\/2020\/11\/19409_0_K-150x150.jpg 150w, https:\/\/neness.pl\/blog\/wp-content\/uploads\/2020\/11\/19409_0_K-768x768.jpg 768w, https:\/\/neness.pl\/blog\/wp-content\/uploads\/2020\/11\/19409_0_K-610x610.jpg 610w, https:\/\/neness.pl\/blog\/wp-content\/uploads\/2020\/11\/19409_0_K-440x440.jpg 440w, https:\/\/neness.pl\/blog\/wp-content\/uploads\/2020\/11\/19409_0_K.jpg 1000w\" sizes=\"auto, (max-width: 300px) 100vw, 300px\" \/><p id=\"caption-attachment-8040\" class=\"wp-caption-text\"><em>Cera Naczynkowa Redukcja Zaczerwienienia Wzmocnienie Naczynek serum przeciw naczynkom na dzie\u0144 i na noc 15ml<\/em><\/p><\/div>\n<p style=\"text-align: justify;\">\n<p style=\"text-align: justify;\"><span style=\"font-weight: 400;\">Postaraj si\u0119 wybra\u0107 produkt pozbawiony barwnik\u00f3w i substancji zapachowych, kt\u00f3re mog\u0105 wywo\u0142ywa\u0107 <strong>podra\u017cnienia<\/strong>. Je\u015bli ze wzgl\u0119du na jego specyfik\u0119 nie mo\u017cna zrezygnowa\u0107 z konserwant\u00f3w i wspomnianych sk\u0142adnik\u00f3w, wybierz wariant, kt\u00f3ry zawiera ich najmniej. O tej porze roku warto r\u00f3wnie\u017c stosowa\u0107 kosmetyki o bogatszych i <strong>t\u0142ustszych<\/strong> konsystencjach, a te lekkie i delikatne zostawi\u0107 na ciep\u0142e dni.\u00a0<\/span><\/p>\n<div id=\"attachment_8041\" style=\"width: 218px\" class=\"wp-caption aligncenter\"><img loading=\"lazy\" decoding=\"async\" aria-describedby=\"caption-attachment-8041\" class=\"wp-image-8041 size-medium\" src=\"http:\/\/ranking-kosmetykow.pl\/wp-content\/uploads\/2020\/11\/10870_0_K-208x300.jpg\" alt=\"\" width=\"208\" height=\"300\" srcset=\"https:\/\/neness.pl\/blog\/wp-content\/uploads\/2020\/11\/10870_0_K-208x300.jpg 208w, https:\/\/neness.pl\/blog\/wp-content\/uploads\/2020\/11\/10870_0_K-610x880.jpg 610w, https:\/\/neness.pl\/blog\/wp-content\/uploads\/2020\/11\/10870_0_K.jpg 693w\" sizes=\"auto, (max-width: 208px) 100vw, 208px\" \/><p id=\"caption-attachment-8041\" class=\"wp-caption-text\"><em>Face Studio Prime Anti-Redness zmniejszaj\u0105ca zaczerwienienia baza pod makija\u017c 30 30ml<\/em><\/p><\/div>\n<p style=\"text-align: justify;\">\n<p style=\"text-align: justify;\"><span style=\"font-weight: 400;\">R\u00f3wnie istotna jest <strong>poprawna aplikacja<\/strong> produktu. Trzeba robi\u0107 to zgodnie ze wskaz\u00f3wkami za\u0142\u0105czonymi przez producenta, a tak\u017ce uwzgl\u0119dni\u0107 kilka og\u00f3lnych zasad. Mowa o tym, aby:<\/span><\/p>\n<ul>\n<li style=\"font-weight: 400; text-align: justify;\"><span style=\"font-weight: 400;\">aplikowa\u0107 produkty wie\u0144cz\u0105ce piel\u0119gnacj\u0119 dopiero po dok\u0142adnym oczyszczeniu cery<\/span><\/li>\n<li style=\"font-weight: 400; text-align: justify;\"><span style=\"font-weight: 400;\">unika\u0107 nak\u0142adania kosmetyk\u00f3w ochronnych i nawil\u017caj\u0105cych chwilk\u0119 przed wyj\u015bciem z domu \u2013 najlepiej zrobi\u0107 to oko\u0142o p\u00f3\u0142 godziny przed opuszczeniem budynku<\/span><\/li>\n<li style=\"font-weight: 400; text-align: justify;\"><span style=\"font-weight: 400;\">mimo stosowania bogatszych oraz t\u0142ustszych preparat\u00f3w obchodzi\u0107 si\u0119 z cer\u0105 delikatnie i bez niepotrzebnego jej naci\u0105gania, ugniatania czy szorowania\u00a0<\/span><\/li>\n<\/ul>\n","protected":false},"excerpt":{"rendered":"<p>Z powodu\u00a0warunk\u00f3w charakterystycznych dla tej pory roku\u00a0sk\u00f3ra twarzy nara\u017cona jest na podra\u017cnienia i zaczerwienienia. Zim\u0105 nie wolno wi\u0119c zostawia\u0107 jej samej. Trzeba odpowiednio si\u0119 ni\u0105 zaj\u0105\u0107 oraz zacz\u0105\u0107 odpowiedzialnie dzia\u0142a\u0107. Ale co dok\u0142adnie mo\u017cna zrobi\u0107?\u00a0<\/p>\n","protected":false},"author":2,"featured_media":8042,"comment_status":"open","ping_status":"open","sticky":false,"template":"","format":"standard","meta":{"_et_pb_use_builder":"","_et_pb_old_content":"","_et_gb_content_width":"","footnotes":""},"categories":[185],"tags":[],"class_list":["post-8037","post","type-post","status-publish","format-standard","has-post-thumbnail","hentry","category-codzienna-pielegnacja","et-has-post-format-content","et_post_format-et-post-format-standard"],"_links":{"self":[{"href":"https:\/\/neness.pl\/blog\/wp-json\/wp\/v2\/posts\/8037","targetHints":{"allow":["GET"]}}],"collection":[{"href":"https:\/\/neness.pl\/blog\/wp-json\/wp\/v2\/posts"}],"about":[{"href":"https:\/\/neness.pl\/blog\/wp-json\/wp\/v2\/types\/post"}],"author":[{"embeddable":true,"href":"https:\/\/neness.pl\/blog\/wp-json\/wp\/v2\/users\/2"}],"replies":[{"embeddable":true,"href":"https:\/\/neness.pl\/blog\/wp-json\/wp\/v2\/comments?post=8037"}],"version-history":[{"count":0,"href":"https:\/\/neness.pl\/blog\/wp-json\/wp\/v2\/posts\/8037\/revisions"}],"wp:featuredmedia":[{"embeddable":true,"href":"https:\/\/neness.pl\/blog\/wp-json\/wp\/v2\/media\/8042"}],"wp:attachment":[{"href":"https:\/\/neness.pl\/blog\/wp-json\/wp\/v2\/media?parent=8037"}],"wp:term":[{"taxonomy":"category","embeddable":true,"href":"https:\/\/neness.pl\/blog\/wp-json\/wp\/v2\/categories?post=8037"},{"taxonomy":"post_tag","embeddable":true,"href":"https:\/\/neness.pl\/blog\/wp-json\/wp\/v2\/tags?post=8037"}],"curies":[{"name":"wp","href":"https:\/\/api.w.org\/{rel}","templated":true}]}}