{"id":8027,"date":"2020-11-20T14:44:06","date_gmt":"2020-11-20T13:44:06","guid":{"rendered":"http:\/\/ranking-kosmetykow.pl\/?p=8027"},"modified":"2020-11-20T14:44:06","modified_gmt":"2020-11-20T13:44:06","slug":"5-najwiekszych-grzeszkow-urodowych","status":"publish","type":"post","link":"https:\/\/neness.pl\/blog\/5-najwiekszych-grzeszkow-urodowych\/","title":{"rendered":"5 najwi\u0119kszych grzeszk\u00f3w urodowych"},"content":{"rendered":"<p style=\"text-align: justify;\"><strong>Przed Tob\u0105 lista 5 najwi\u0119kszych grzeszk\u00f3w urodowych. Dotycz\u0105 one codziennej piel\u0119gnacji twarzy, w\u0142os\u00f3w i d\u0142oni oraz stosowanych kosmetyk\u00f3w. Pod kt\u00f3rym z tych wyst\u0119pk\u00f3w mog\u0142aby\u015b si\u0119 podpisa\u0107?\u00a0<\/strong><\/p>\n<p style=\"text-align: justify;\"><!--more--><\/p>\n<h3 style=\"text-align: justify;\"><strong>1. Skrajno\u015bci w codziennej piel\u0119gnacji twarzy<\/strong><\/h3>\n<p style=\"text-align: justify;\"><span style=\"font-weight: 400;\">Z d\u0105\u017ceniem do poprawy wygl\u0105du i kondycji sk\u00f3ry twarzy nierozerwalnie wi\u0105\u017ce si\u0119 popadanie w skrajno\u015bci. Cera jest wi\u0119c piel\u0119gnowana albo <strong>zbyt agresywnie<\/strong> i<strong> intensywnie<\/strong>, albo <strong>szybko<\/strong> i <strong>niedok\u0142adnie<\/strong>. Z jednej strony nak\u0142ada si\u0119 na ni\u0105 ogromne ilo\u015bci kosmetyk\u00f3w oraz za cz\u0119sto funduje silne zabiegi. A z drugiej \u2013 piel\u0119gnacj\u0119 ogranicza si\u0119 do <strong>mycia sam\u0105 wod\u0105<\/strong> i aplikowania krem\u00f3w, kt\u00f3re przypadkowo wpadaj\u0105 w r\u0119ce. W zatrzymaniu tego b\u0142\u0119dnego ko\u0142a skutecznie pomaga <\/span><a href=\"http:\/\/ranking-kosmetykow.pl\/2020\/08\/27\/jak-zbudowac-wlasna-pielegnacyjna-rutyne\/\"><span style=\"font-weight: 400;\">budowanie w\u0142asnej rutyny<\/span><\/a><span style=\"font-weight: 400;\"> i zachowywanie r\u00f3wnowagi.<\/span><\/p>\n<h3 style=\"text-align: justify;\"><strong>2. Zapuszczanie zniszczonych w\u0142os\u00f3w<\/strong><\/h3>\n<p style=\"text-align: justify;\"><span style=\"font-weight: 400;\">Co wsp\u00f3lnego ma obcinanie w\u0142os\u00f3w z ich zapuszczaniem? Czy te czynno\u015bci przypadkiem si\u0119 nie wykluczaj\u0105? Mo\u017cna odnie\u015b\u0107 takie wra\u017cenie, jednak w rzeczywisto\u015bci one si\u0119 uzupe\u0142niaj\u0105. Regularne <strong>podcinanie ko\u0144c\u00f3wek<\/strong> to najskuteczniejszy spos\u00f3b na zapuszczenie d\u0142ugich oraz <strong>zdrowych w\u0142os\u00f3w<\/strong>. Jak to mo\u017cliwe? Im rzadziej w\u0142osy b\u0119d\u0105 podcinane, tym wy\u017cej zaw\u0119druj\u0105 <strong>zniszczenia<\/strong>. Po d\u0142ugim czasie bez systematycznego obcinania mo\u017ce zatem okaza\u0107 si\u0119, \u017ce niezb\u0119dne jest skr\u00f3cenie pasm nie o kilka, lecz o kilkana\u015bcie centymetr\u00f3w.\u00a0<\/span><\/p>\n<div id=\"attachment_8030\" style=\"width: 310px\" class=\"wp-caption aligncenter\"><img loading=\"lazy\" decoding=\"async\" aria-describedby=\"caption-attachment-8030\" class=\"wp-image-8030 size-medium\" src=\"http:\/\/ranking-kosmetykow.pl\/wp-content\/uploads\/2020\/11\/13312_0_K-300x300.jpg\" alt=\"\" width=\"300\" height=\"300\" srcset=\"https:\/\/neness.pl\/blog\/wp-content\/uploads\/2020\/11\/13312_0_K-300x300.jpg 300w, https:\/\/neness.pl\/blog\/wp-content\/uploads\/2020\/11\/13312_0_K-150x150.jpg 150w, https:\/\/neness.pl\/blog\/wp-content\/uploads\/2020\/11\/13312_0_K-440x440.jpg 440w, https:\/\/neness.pl\/blog\/wp-content\/uploads\/2020\/11\/13312_0_K.jpg 500w\" sizes=\"auto, (max-width: 300px) 100vw, 300px\" \/><p id=\"caption-attachment-8030\" class=\"wp-caption-text\"><em>Supreme Length Serum Spray serum w sprayu na rozdwajaj\u0105ce si\u0119 ko\u0144c\u00f3wki 100ml<\/em><\/p><\/div>\n<h3 style=\"text-align: justify;\"><strong>3. Sprz\u0105tanie bez r\u0119kawiczek ochronnych<\/strong><\/h3>\n<p style=\"text-align: justify;\"><span style=\"font-weight: 400;\">Jednym z czynnik\u00f3w powoduj\u0105cych nadmierne przesuszenie, zaczerwienienie czy p\u0119kanie sk\u00f3ry d\u0142oni jest <strong>niedostateczna ochrona<\/strong> przed detergentami. Silne substancje zawarte np. w \u015brodkach do mycia piekarnik\u00f3w lub kabin prysznicowych sprawiaj\u0105, \u017ce brud i kamie\u0144 znikaj\u0105 w mgnieniu oka. Je\u015bli b\u0119d\u0105 mia\u0142y tak swobodny dost\u0119p i do <strong>sk\u00f3ry d\u0142oni<\/strong>, doprowadz\u0105 do jej r\u00f3wnie szybkiego zniszczenia. Pogorsz\u0105 te\u017c kondycj\u0119 paznokci oraz sk\u00f3rek wok\u00f3\u0142 nich.\u00a0<\/span><\/p>\n<h3 style=\"text-align: justify;\"><strong>4. Zdrapywanie lakieru z paznokci<\/strong><\/h3>\n<p style=\"text-align: justify;\"><span style=\"font-weight: 400;\">Ta czynno\u015b\u0107 cz\u0119sto jest wykonywana zupe\u0142nie nie\u015bwiadomie, np. z powodu\u00a0stresu. Nie oznacza to jednak, \u017ce pozostaje bez wp\u0142ywu na <strong>kondycj\u0119 i<\/strong> <strong>wygl\u0105d p\u0142ytki<\/strong>. Mowa o usuwaniu lakieru z paznokci poprzez jego intensywne zdrapywanie, skubanie albo zdzieranie. Dlaczego jest to gro\u017ane? Wraz z fragmentem tak zdj\u0119tego\u00a0lakieru mog\u0105 odrywa\u0107 si\u0119 warstewki paznokcia. Paznokie\u0107 jest w\u00f3wczas os\u0142abiony, a wi\u0119c nietrudno go z\u0142ama\u0107 i <strong>mocniej uszkodzi\u0107<\/strong>.\u00a0<\/span><\/p>\n<div id=\"attachment_8031\" style=\"width: 310px\" class=\"wp-caption aligncenter\"><img loading=\"lazy\" decoding=\"async\" aria-describedby=\"caption-attachment-8031\" class=\"wp-image-8031 size-medium\" src=\"http:\/\/ranking-kosmetykow.pl\/wp-content\/uploads\/2020\/11\/8346_0_K-300x300.jpg\" alt=\"\" width=\"300\" height=\"300\" srcset=\"https:\/\/neness.pl\/blog\/wp-content\/uploads\/2020\/11\/8346_0_K-300x300.jpg 300w, https:\/\/neness.pl\/blog\/wp-content\/uploads\/2020\/11\/8346_0_K-150x150.jpg 150w, https:\/\/neness.pl\/blog\/wp-content\/uploads\/2020\/11\/8346_0_K-610x610.jpg 610w, https:\/\/neness.pl\/blog\/wp-content\/uploads\/2020\/11\/8346_0_K-440x440.jpg 440w, https:\/\/neness.pl\/blog\/wp-content\/uploads\/2020\/11\/8346_0_K.jpg 750w\" sizes=\"auto, (max-width: 300px) 100vw, 300px\" \/><p id=\"caption-attachment-8031\" class=\"wp-caption-text\"><em>Nail Therapy Professional 3w1 profesjonalny zmywacz do paznokci bezacetonowy 190ml<\/em><\/p><\/div>\n<h3 style=\"text-align: justify;\"><strong>5. Stosowanie przeterminowych kosmetyk\u00f3w<\/strong><\/h3>\n<p style=\"text-align: justify;\"><span style=\"font-weight: 400;\">Ostatni\u0105 pozycj\u0119 na li\u015bcie najwi\u0119kszych grzeszk\u00f3w urodowych zajmuje u\u017cywanie produkt\u00f3w, kt\u00f3rych data wa\u017cno\u015bci ju\u017c min\u0119\u0142a. Takie preparaty mog\u0105 wywo\u0142a\u0107 podra\u017cnienia, <strong>dyskomfort<\/strong> i zaczerwienia. Jak unikn\u0105\u0107 tych nieprzyjemno\u015bci? Najlepiej przynajmniej raz na kilka tygodni dokonywa\u0107 rzetelnego <strong>przegl\u0105du<\/strong> zawarto\u015bci kosmetyczki. W jego trakcie warto sprawdzi\u0107 terminy przydatno\u015bci i <strong>posegregowa\u0107<\/strong> produkty zgodnie z jego up\u0142ywem.\u00a0<\/span><\/p>\n","protected":false},"excerpt":{"rendered":"<p>Przed Tob\u0105 lista 5 najwi\u0119kszych grzeszk\u00f3w urodowych. Dotycz\u0105 one codziennej piel\u0119gnacji twarzy, w\u0142os\u00f3w i d\u0142oni oraz stosowanych kosmetyk\u00f3w. Pod kt\u00f3rym z tych wyst\u0119pk\u00f3w mog\u0142aby\u015b si\u0119 podpisa\u0107?\u00a0<\/p>\n","protected":false},"author":2,"featured_media":8028,"comment_status":"open","ping_status":"open","sticky":false,"template":"","format":"standard","meta":{"_et_pb_use_builder":"","_et_pb_old_content":"","_et_gb_content_width":"","footnotes":""},"categories":[185],"tags":[],"class_list":["post-8027","post","type-post","status-publish","format-standard","has-post-thumbnail","hentry","category-codzienna-pielegnacja","et-has-post-format-content","et_post_format-et-post-format-standard"],"_links":{"self":[{"href":"https:\/\/neness.pl\/blog\/wp-json\/wp\/v2\/posts\/8027","targetHints":{"allow":["GET"]}}],"collection":[{"href":"https:\/\/neness.pl\/blog\/wp-json\/wp\/v2\/posts"}],"about":[{"href":"https:\/\/neness.pl\/blog\/wp-json\/wp\/v2\/types\/post"}],"author":[{"embeddable":true,"href":"https:\/\/neness.pl\/blog\/wp-json\/wp\/v2\/users\/2"}],"replies":[{"embeddable":true,"href":"https:\/\/neness.pl\/blog\/wp-json\/wp\/v2\/comments?post=8027"}],"version-history":[{"count":0,"href":"https:\/\/neness.pl\/blog\/wp-json\/wp\/v2\/posts\/8027\/revisions"}],"wp:featuredmedia":[{"embeddable":true,"href":"https:\/\/neness.pl\/blog\/wp-json\/wp\/v2\/media\/8028"}],"wp:attachment":[{"href":"https:\/\/neness.pl\/blog\/wp-json\/wp\/v2\/media?parent=8027"}],"wp:term":[{"taxonomy":"category","embeddable":true,"href":"https:\/\/neness.pl\/blog\/wp-json\/wp\/v2\/categories?post=8027"},{"taxonomy":"post_tag","embeddable":true,"href":"https:\/\/neness.pl\/blog\/wp-json\/wp\/v2\/tags?post=8027"}],"curies":[{"name":"wp","href":"https:\/\/api.w.org\/{rel}","templated":true}]}}