{"id":7997,"date":"2020-11-17T14:40:40","date_gmt":"2020-11-17T13:40:40","guid":{"rendered":"http:\/\/ranking-kosmetykow.pl\/?p=7997"},"modified":"2020-11-17T14:40:40","modified_gmt":"2020-11-17T13:40:40","slug":"cechy-doskonalego-rozswietlacza-do-twarzy","status":"publish","type":"post","link":"https:\/\/neness.pl\/blog\/cechy-doskonalego-rozswietlacza-do-twarzy\/","title":{"rendered":"Cechy doskona\u0142ego roz\u015bwietlacza do twarzy"},"content":{"rendered":"<p style=\"text-align: justify;\"><span style=\"font-weight: 400;\"><strong>Roz\u015bwietlacz do twarzy to produkt, bez kt\u00f3rego trudno wyobrazi\u0107 sobie makija\u017c dzienny oraz wieczorowy. Jak jednak znale\u017a\u0107 idealny wariant dla siebie? Co warto wzi\u0105\u0107 pod uwag\u0119, \u017ceby wyb\u00f3r by\u0142 naprawd\u0119 satysfakcjonuj\u0105cy?<\/strong>\u00a0<\/span><\/p>\n<h3 style=\"text-align: justify;\"><strong>Nieobowi\u0105zkowy, ale warto go mie\u0107<\/strong><\/h3>\n<p style=\"text-align: justify;\"><span style=\"font-weight: 400;\">Mimo \u017ce roz\u015bwietlacz do twarzy jest produktem dodatkowym,\u00a0trudno go zast\u0105pi\u0107. Oznacza to, \u017ce bez niego wykonasz ulubiony makija\u017c, ale nie uzyskasz tak spektakularnych efekt\u00f3w. Mowa o optycznym podwy\u017cszeniu i <strong>zaznaczeniu<\/strong> wybranych partii twarzy, poprawie wygl\u0105du sk\u00f3ry oraz <strong>uszlachetnieniu<\/strong> ca\u0142ego make-upu.\u00a0<\/span><\/p>\n<p style=\"text-align: justify;\"><span style=\"font-weight: 400;\">Czy zatem inwestycja w roz\u015bwietlacz <strong>zawsze si\u0119 op\u0142aca<\/strong>? Tak, ale pod warunkiem, \u017ce\u00a0zostanie\u00a0<\/span><span style=\"font-weight: 400;\">w\u0142a\u015bciwie dobrany.\u00a0<\/span><span style=\"font-weight: 400;\">Czytaj dalej i dowiedz si\u0119, co to oznacza.\u00a0<\/span><\/p>\n<h3 style=\"text-align: justify;\"><strong>Czym powinien si\u0119 charakteryzowa\u0107?\u00a0<\/strong><\/h3>\n<p style=\"text-align: justify;\"><span style=\"font-weight: 400;\">\u017beby roz\u015bwietlacz na\u0142o\u017cony na szczyty ko\u015bci policzkowych, grzbiet nosa b\u0105d\u017a \u0142uk kupidyna efektownie podkre\u015bla\u0142 te partie, powinien by\u0107 dobrze napigmentowany, trwa\u0142y oraz wydajny. Nie chodzi jednak o to, aby skrada\u0142 ca\u0142\u0105 uwag\u0119, lecz <strong>harmonijnie dope\u0142nia\u0142<\/strong> ca\u0142o\u015b\u0107. Taki efekt uzyskasz tylko wtedy, gdy si\u0119gniesz po produkt odpowiedni dla Twojego typu sk\u00f3ry i jej odcienia.\u00a0<\/span><\/p>\n<div id=\"attachment_8002\" style=\"width: 210px\" class=\"wp-caption aligncenter\"><img loading=\"lazy\" decoding=\"async\" aria-describedby=\"caption-attachment-8002\" class=\"wp-image-8002\" src=\"http:\/\/ranking-kosmetykow.pl\/wp-content\/uploads\/2020\/11\/7066_0_K-300x300.jpg\" alt=\"\" width=\"200\" height=\"200\" srcset=\"https:\/\/neness.pl\/blog\/wp-content\/uploads\/2020\/11\/7066_0_K-300x300.jpg 300w, https:\/\/neness.pl\/blog\/wp-content\/uploads\/2020\/11\/7066_0_K-150x150.jpg 150w, https:\/\/neness.pl\/blog\/wp-content\/uploads\/2020\/11\/7066_0_K-768x768.jpg 768w, https:\/\/neness.pl\/blog\/wp-content\/uploads\/2020\/11\/7066_0_K-610x610.jpg 610w, https:\/\/neness.pl\/blog\/wp-content\/uploads\/2020\/11\/7066_0_K-440x440.jpg 440w, https:\/\/neness.pl\/blog\/wp-content\/uploads\/2020\/11\/7066_0_K.jpg 1000w\" sizes=\"auto, (max-width: 200px) 100vw, 200px\" \/><p id=\"caption-attachment-8002\" class=\"wp-caption-text\"><em>Glow &amp; Go Strobe Highlighter roz\u015bwietlacz do twarzy 01 Champagne 8.5g<\/em><\/p><\/div>\n<p style=\"text-align: justify;\">\n<p style=\"text-align: justify;\"><span style=\"font-weight: 400;\">Je\u015bli korzystasz z roz\u015bwietlacza zar\u00f3wno <strong>na co dzie\u0144<\/strong>, jak i od \u015bwi\u0119ta, zwr\u00f3\u0107 uwag\u0119 tak\u017ce na spos\u00f3b, w jaki wsp\u00f3\u0142pracuje z Twoim ulubionym podk\u0142adem. Sprawd\u017a r\u00f3wnie\u017c, jak najlepiej go <strong>aplikowa\u0107<\/strong> \u2013 p\u0119dzelkiem, g\u0105beczk\u0105 czy palcami. \u017beby oszcz\u0119dzi\u0107 Ci nerw\u00f3w, ju\u017c teraz podpowiemy, \u017ce najlepszym wyborem b\u0119d\u0105 p\u0119dzelki z naturalnego w\u0142osia, tzw. <strong>miote\u0142ki<\/strong> lub wachlarzyki.\u00a0<\/span><\/p>\n<div id=\"attachment_8004\" style=\"width: 310px\" class=\"wp-caption aligncenter\"><img loading=\"lazy\" decoding=\"async\" aria-describedby=\"caption-attachment-8004\" class=\"size-medium wp-image-8004\" src=\"http:\/\/ranking-kosmetykow.pl\/wp-content\/uploads\/2020\/11\/44962_0_K-300x95.jpg\" alt=\"\" width=\"300\" height=\"95\" srcset=\"https:\/\/neness.pl\/blog\/wp-content\/uploads\/2020\/11\/44962_0_K-300x95.jpg 300w, https:\/\/neness.pl\/blog\/wp-content\/uploads\/2020\/11\/44962_0_K-610x194.jpg 610w, https:\/\/neness.pl\/blog\/wp-content\/uploads\/2020\/11\/44962_0_K-627x200.jpg 627w, https:\/\/neness.pl\/blog\/wp-content\/uploads\/2020\/11\/44962_0_K.jpg 630w\" sizes=\"auto, (max-width: 300px) 100vw, 300px\" \/><p id=\"caption-attachment-8004\" class=\"wp-caption-text\"><em>P\u0119dzel do konturowania twarzy H15<\/em><\/p><\/div>\n<p style=\"text-align: justify;\">\n<p style=\"text-align: justify;\"><span style=\"font-weight: 400;\">Doskona\u0142y roz\u015bwietlacz powinien mie\u0107 solidne i wygodne w <strong>codziennym u\u017cyciu<\/strong> opakowanie. I na koniec \u2013 nie powinien kosztowa\u0107 wi\u0119cej, ni\u017c mo\u017cesz na niego wyda\u0107. Czy produkt, za kt\u00f3ry zap\u0142acisz kilkana\u015bcie z\u0142otych, mo\u017ce r\u00f3wna\u0107 si\u0119 z tymi z <strong>wy\u017cszej p\u00f3\u0142ki<\/strong> cenowej? Tak. Potwierdzaj\u0105 to produkty takich marek, jak Eveline, Revolution PRO czy Ecocera.\u00a0<\/span><\/p>\n<h3 style=\"text-align: justify;\"><strong>Podsumowanie<\/strong><\/h3>\n<p style=\"text-align: justify;\"><span style=\"font-weight: 400;\">Podsumowuj\u0105c, aby <strong>roz\u015bwietlacz do twarzy<\/strong> m\u00f3g\u0142 zosta\u0107 okre\u015blony jako\u00a0<strong>doskona\u0142y<\/strong>, powinien by\u0107:<\/span><\/p>\n<ul style=\"text-align: justify;\">\n<li style=\"font-weight: 400;\"><span style=\"font-weight: 400;\">dobrze napigmentowany<\/span><\/li>\n<li style=\"font-weight: 400;\"><span style=\"font-weight: 400;\">trwa\u0142y i wydajny<\/span><\/li>\n<li style=\"font-weight: 400;\"><span style=\"font-weight: 400;\">dostosowany do rodzaju i odcienia sk\u00f3ry<\/span><\/li>\n<li style=\"font-weight: 400;\"><span style=\"font-weight: 400;\">zapakowany w solidne i wygodne w u\u017cyciu pude\u0142ko<\/span><\/li>\n<li style=\"font-weight: 400;\"><span style=\"font-weight: 400;\">dost\u0119pny w przyst\u0119pnej cenie<\/span><\/li>\n<\/ul>\n<p style=\"text-align: justify;\"><span style=\"font-weight: 400;\">Warto zwr\u00f3ci\u0107 uwag\u0119 r\u00f3wnie\u017c to, jak si\u0119<strong> rozprowadza<\/strong> i czy\u00a0zgodnie wsp\u00f3\u0142pracuje z innymi <strong>kolorowymi kosmetykami<\/strong>.\u00a0<\/span><\/p>\n","protected":false},"excerpt":{"rendered":"<p>Roz\u015bwietlacz do twarzy to produkt, bez kt\u00f3rego trudno wyobrazi\u0107 sobie makija\u017c dzienny oraz wieczorowy. Jak jednak znale\u017a\u0107 idealny wariant dla siebie? Co warto wzi\u0105\u0107 pod uwag\u0119, \u017ceby wyb\u00f3r by\u0142 naprawd\u0119 satysfakcjonuj\u0105cy?\u00a0 Nieobowi\u0105zkowy, ale warto go mie\u0107 Mimo \u017ce roz\u015bwietlacz do twarzy jest produktem dodatkowym,\u00a0trudno go zast\u0105pi\u0107. Oznacza to, \u017ce bez niego wykonasz ulubiony makija\u017c, ale [&hellip;]<\/p>\n","protected":false},"author":2,"featured_media":7998,"comment_status":"open","ping_status":"open","sticky":false,"template":"","format":"standard","meta":{"_et_pb_use_builder":"","_et_pb_old_content":"","_et_gb_content_width":"","footnotes":""},"categories":[41],"tags":[],"class_list":["post-7997","post","type-post","status-publish","format-standard","has-post-thumbnail","hentry","category-olsniewaj-makijazem","et-has-post-format-content","et_post_format-et-post-format-standard"],"_links":{"self":[{"href":"https:\/\/neness.pl\/blog\/wp-json\/wp\/v2\/posts\/7997","targetHints":{"allow":["GET"]}}],"collection":[{"href":"https:\/\/neness.pl\/blog\/wp-json\/wp\/v2\/posts"}],"about":[{"href":"https:\/\/neness.pl\/blog\/wp-json\/wp\/v2\/types\/post"}],"author":[{"embeddable":true,"href":"https:\/\/neness.pl\/blog\/wp-json\/wp\/v2\/users\/2"}],"replies":[{"embeddable":true,"href":"https:\/\/neness.pl\/blog\/wp-json\/wp\/v2\/comments?post=7997"}],"version-history":[{"count":0,"href":"https:\/\/neness.pl\/blog\/wp-json\/wp\/v2\/posts\/7997\/revisions"}],"wp:featuredmedia":[{"embeddable":true,"href":"https:\/\/neness.pl\/blog\/wp-json\/wp\/v2\/media\/7998"}],"wp:attachment":[{"href":"https:\/\/neness.pl\/blog\/wp-json\/wp\/v2\/media?parent=7997"}],"wp:term":[{"taxonomy":"category","embeddable":true,"href":"https:\/\/neness.pl\/blog\/wp-json\/wp\/v2\/categories?post=7997"},{"taxonomy":"post_tag","embeddable":true,"href":"https:\/\/neness.pl\/blog\/wp-json\/wp\/v2\/tags?post=7997"}],"curies":[{"name":"wp","href":"https:\/\/api.w.org\/{rel}","templated":true}]}}