{"id":7977,"date":"2020-11-16T12:22:49","date_gmt":"2020-11-16T11:22:49","guid":{"rendered":"http:\/\/ranking-kosmetykow.pl\/?p=7977"},"modified":"2020-11-16T12:22:49","modified_gmt":"2020-11-16T11:22:49","slug":"jakich-kosmetykow-potrzebujesz-zeby-wykonac-foxy-eyes","status":"publish","type":"post","link":"https:\/\/neness.pl\/blog\/jakich-kosmetykow-potrzebujesz-zeby-wykonac-foxy-eyes\/","title":{"rendered":"Jakich kosmetyk\u00f3w potrzebujesz, \u017ceby wykona\u0107 foxy eyes?"},"content":{"rendered":"<p style=\"text-align: justify;\"><strong>Makija\u017c foxy eyes to hit\u00a0ostatnich miesi\u0119cy. Nosz\u0105 go topowe modelki\u00a0i gwiazdy Instagrama. Chcesz przekona\u0107 si\u0119, czy jest to propozycja dla Ciebie? Dowiedz si\u0119, jakich kosmetyk\u00f3w potrzebujesz, \u017ceby go wykona\u0107 i sprawd\u017a sama.\u00a0<\/strong><\/p>\n<p style=\"text-align: justify;\"><!--more--><\/p>\n<h3 style=\"text-align: justify;\"><strong>Efekt wyci\u0105gni\u0119tego oka<\/strong><\/h3>\n<p style=\"text-align: justify;\"><span style=\"font-weight: 400;\">Celem <strong>foxy eyes<\/strong> jest stworzenie efektu wyci\u0105gni\u0119tego oka za pomoc\u0105 makija\u017cu. G\u0142\u00f3wnymi elementami tego trendu s\u0105:\u00a0<\/span><\/p>\n<ul style=\"text-align: justify;\">\n<li style=\"font-weight: 400;\"><strong>w\u0142a\u015bciwie umiejscowiona kreska<\/strong><\/li>\n<li style=\"font-weight: 400;\"><strong>akcent na zewn\u0119trzny k\u0105cik oka<\/strong><\/li>\n<\/ul>\n<p style=\"text-align: justify;\"><span style=\"font-weight: 400;\">Zanim te cz\u0119\u015bci makeu-upu b\u0119d\u0105 mog\u0142y odegra\u0107 swoje role, nale\u017cy przygotowa\u0107 cer\u0119 oraz <strong>podkre\u015bli\u0107 brwi<\/strong>.\u00a0<\/span><\/p>\n<div id=\"attachment_7982\" style=\"width: 310px\" class=\"wp-caption aligncenter\"><img loading=\"lazy\" decoding=\"async\" aria-describedby=\"caption-attachment-7982\" class=\"size-medium wp-image-7982\" src=\"http:\/\/ranking-kosmetykow.pl\/wp-content\/uploads\/2020\/11\/28321_0_K-300x300.jpg\" alt=\"\" width=\"300\" height=\"300\" srcset=\"https:\/\/neness.pl\/blog\/wp-content\/uploads\/2020\/11\/28321_0_K-300x300.jpg 300w, https:\/\/neness.pl\/blog\/wp-content\/uploads\/2020\/11\/28321_0_K-150x150.jpg 150w, https:\/\/neness.pl\/blog\/wp-content\/uploads\/2020\/11\/28321_0_K-440x440.jpg 440w, https:\/\/neness.pl\/blog\/wp-content\/uploads\/2020\/11\/28321_0_K.jpg 500w\" sizes=\"auto, (max-width: 300px) 100vw, 300px\" \/><p id=\"caption-attachment-7982\" class=\"wp-caption-text\"><em>P\u0119dzel do brwi i kresek 02<\/em><\/p><\/div>\n<h3 style=\"text-align: justify;\"><strong>Przygotowanie cery i podkre\u015blenie brwi\u00a0<\/strong><\/h3>\n<p style=\"text-align: justify;\"><span style=\"font-weight: 400;\">Zacznij od przygotowania cery, nak\u0142adaj\u0105c ulubiony <strong>krem<\/strong> nawil\u017caj\u0105cy. Po chwili zaaplikuj <strong>podk\u0142ad<\/strong>\u00a0i\u00a0<strong>korektor<\/strong> pod oczy. Wykonturuj mocno twarz za pomoc\u0105 <strong>bronzera<\/strong>, nak\u0142adaj\u0105c go nieco wy\u017cej\u00a0ni\u017c zwykle. Dodaj <strong>r\u00f3\u017c<\/strong> i <strong>roz\u015bwietlacz<\/strong> w neutralnym kolorze. Utrwal ca\u0142o\u015b\u0107 <strong>pudrem<\/strong>, a je\u015bli makija\u017c ma przetrwa\u0107 wiele godzin \u2013 si\u0119gnij po<strong> utrwalacz<\/strong>.\u00a0<\/span><\/p>\n<div id=\"attachment_7979\" style=\"width: 310px\" class=\"wp-caption aligncenter\"><img loading=\"lazy\" decoding=\"async\" aria-describedby=\"caption-attachment-7979\" class=\"size-medium wp-image-7979\" src=\"http:\/\/ranking-kosmetykow.pl\/wp-content\/uploads\/2020\/11\/27061_0_K-300x300.jpg\" alt=\"\" width=\"300\" height=\"300\" srcset=\"https:\/\/neness.pl\/blog\/wp-content\/uploads\/2020\/11\/27061_0_K-300x300.jpg 300w, https:\/\/neness.pl\/blog\/wp-content\/uploads\/2020\/11\/27061_0_K-150x150.jpg 150w, https:\/\/neness.pl\/blog\/wp-content\/uploads\/2020\/11\/27061_0_K-440x440.jpg 440w, https:\/\/neness.pl\/blog\/wp-content\/uploads\/2020\/11\/27061_0_K.jpg 600w\" sizes=\"auto, (max-width: 300px) 100vw, 300px\" \/><p id=\"caption-attachment-7979\" class=\"wp-caption-text\"><em>Affinitone Foundation podk\u0142ad 16 Vanilla Rose 30ml<\/em><\/p><\/div>\n<p style=\"text-align: justify;\"><span style=\"font-weight: 400;\">W osi\u0105gni\u0119ciu wra\u017cenia podci\u0105gni\u0119tego i wyd\u0142u\u017conego oka pomog\u0105 w\u0142a\u015bciwie podkre\u015blone brwi. W tym celu si\u0119gnij po <strong>szczoteczk\u0119<\/strong> do brwi\u00a0i dok\u0142adnie je wyczesz. Nad niesfornymi w\u0142oskami zapanuj przy pomocy <strong>\u017celu<\/strong>. Postaraj si\u0119 nada\u0107 brwiom naturalny kszta\u0142t, d\u0105\u017c\u0105c do ich delikatnego uniesienia. Ewentualne ubytki wype\u0142nij <strong>pudrem<\/strong> lub <strong>pomad\u0105<\/strong>, a je\u015bli produktu b\u0119dzie zbyt du\u017co \u2013 wyczesz szczoteczk\u0105 jego nadmiar.\u00a0<\/span><\/p>\n<div id=\"attachment_7980\" style=\"width: 310px\" class=\"wp-caption aligncenter\"><img loading=\"lazy\" decoding=\"async\" aria-describedby=\"caption-attachment-7980\" class=\"size-medium wp-image-7980\" src=\"http:\/\/ranking-kosmetykow.pl\/wp-content\/uploads\/2020\/11\/25006_0_K-300x300.jpg\" alt=\"\" width=\"300\" height=\"300\" srcset=\"https:\/\/neness.pl\/blog\/wp-content\/uploads\/2020\/11\/25006_0_K-300x300.jpg 300w, https:\/\/neness.pl\/blog\/wp-content\/uploads\/2020\/11\/25006_0_K-150x150.jpg 150w, https:\/\/neness.pl\/blog\/wp-content\/uploads\/2020\/11\/25006_0_K-440x440.jpg 440w, https:\/\/neness.pl\/blog\/wp-content\/uploads\/2020\/11\/25006_0_K.jpg 540w\" sizes=\"auto, (max-width: 300px) 100vw, 300px\" \/><p id=\"caption-attachment-7980\" class=\"wp-caption-text\"><em>All In One Eyebrow Set cienie do brwi nr 02 1,7g<\/em><\/p><\/div>\n<h3 style=\"text-align: justify;\"><strong>Kreska i akcent na zewn\u0119trzny k\u0105cik<\/strong><\/h3>\n<p style=\"text-align: justify;\"><span style=\"font-weight: 400;\">Pora przej\u015b\u0107 do <strong>najwa\u017cniejszego<\/strong> etapu, czyli makija\u017cu oczu:<\/span><\/p>\n<ul>\n<li style=\"font-weight: 400; text-align: justify;\"><span style=\"font-weight: 400;\">Zastosuj ulubion\u0105 <strong>baz\u0119<\/strong> <strong>pod cienie<\/strong>. Nast\u0119pnie wybierz 3 <strong>odcienie br\u0105zu<\/strong> r\u00f3\u017cni\u0105ce si\u0119 intensywno\u015bci\u0105 i jasno\u015bci\u0105. <strong>Jasny<\/strong>\u00a0zaaplikuj w wewn\u0119trzny k\u0105cik, <strong>\u015bredni<\/strong>\u00a0na ruchom\u0105 powiek\u0119, a\u00a0ciemny w zewn\u0119trzny k\u0105cik i dok\u0142adnie rozetrzyj.\u00a0<\/span><\/li>\n<li style=\"font-weight: 400; text-align: justify;\"><span style=\"font-weight: 400;\">Si\u0119gnij po precyzyjny <strong>p\u0119dzelek<\/strong> i za pomoc\u0105 <strong>cienia<\/strong> <strong>br\u0105zowego<\/strong> lub <strong>czarnego<\/strong> narysuj kresk\u0119. Rozpocznij od wewn\u0119trznego k\u0105cika, delikatnie go przed\u0142u\u017caj\u0105c, nast\u0119pnie prowad\u017a tu\u017c przy linii rz\u0119s i przy zewn\u0119trznym k\u0105ciku wyci\u0105gnij j\u0105 ku g\u00f3rze, tak, aby sta\u0142a si\u0119 przed\u0142u\u017ceniem dolnej powieki. Precyzyjnie rozetrzyj kresk\u0119.\u00a0<\/span><\/li>\n<li style=\"font-weight: 400; text-align: justify;\"><span style=\"font-weight: 400;\">Ostatni krok to dok\u0142adne <strong>wytuszowanie rz\u0119s<\/strong>, a w przypadku makija\u017cu wieczorowego \u2013 doklejenie <strong>sztucznych<\/strong> <strong>k\u0119pek<\/strong>, po\u0142\u00f3wek albo ca\u0142ych. Sztuczne rz\u0119sy jeszcze mocniej unios\u0105 zewn\u0119trzny k\u0105cik, pot\u0119guj\u0105c efekt wyci\u0105gni\u0119tego oka.\u00a0<\/span><\/li>\n<\/ul>\n<div id=\"attachment_7981\" style=\"width: 310px\" class=\"wp-caption aligncenter\"><img loading=\"lazy\" decoding=\"async\" aria-describedby=\"caption-attachment-7981\" class=\"size-medium wp-image-7981\" src=\"http:\/\/ranking-kosmetykow.pl\/wp-content\/uploads\/2020\/11\/24908_0_K-300x267.jpg\" alt=\"\" width=\"300\" height=\"267\" srcset=\"https:\/\/neness.pl\/blog\/wp-content\/uploads\/2020\/11\/24908_0_K-300x267.jpg 300w, https:\/\/neness.pl\/blog\/wp-content\/uploads\/2020\/11\/24908_0_K-768x683.jpg 768w, https:\/\/neness.pl\/blog\/wp-content\/uploads\/2020\/11\/24908_0_K-610x542.jpg 610w, https:\/\/neness.pl\/blog\/wp-content\/uploads\/2020\/11\/24908_0_K.jpg 901w\" sizes=\"auto, (max-width: 300px) 100vw, 300px\" \/><p id=\"caption-attachment-7981\" class=\"wp-caption-text\"><em>All In One Eyeshadow Palette paleta cieni do powiek 03 Burn 12g<\/em><\/p><\/div>\n","protected":false},"excerpt":{"rendered":"<p>Makija\u017c foxy eyes to hit\u00a0ostatnich miesi\u0119cy. Nosz\u0105 go topowe modelki\u00a0i gwiazdy Instagrama. Chcesz przekona\u0107 si\u0119, czy jest to propozycja dla Ciebie? Dowiedz si\u0119, jakich kosmetyk\u00f3w potrzebujesz, \u017ceby go wykona\u0107 i sprawd\u017a sama.\u00a0<\/p>\n","protected":false},"author":2,"featured_media":7978,"comment_status":"open","ping_status":"open","sticky":false,"template":"","format":"standard","meta":{"_et_pb_use_builder":"","_et_pb_old_content":"","_et_gb_content_width":"","footnotes":""},"categories":[41],"tags":[],"class_list":["post-7977","post","type-post","status-publish","format-standard","has-post-thumbnail","hentry","category-olsniewaj-makijazem","et-has-post-format-content","et_post_format-et-post-format-standard"],"_links":{"self":[{"href":"https:\/\/neness.pl\/blog\/wp-json\/wp\/v2\/posts\/7977","targetHints":{"allow":["GET"]}}],"collection":[{"href":"https:\/\/neness.pl\/blog\/wp-json\/wp\/v2\/posts"}],"about":[{"href":"https:\/\/neness.pl\/blog\/wp-json\/wp\/v2\/types\/post"}],"author":[{"embeddable":true,"href":"https:\/\/neness.pl\/blog\/wp-json\/wp\/v2\/users\/2"}],"replies":[{"embeddable":true,"href":"https:\/\/neness.pl\/blog\/wp-json\/wp\/v2\/comments?post=7977"}],"version-history":[{"count":0,"href":"https:\/\/neness.pl\/blog\/wp-json\/wp\/v2\/posts\/7977\/revisions"}],"wp:featuredmedia":[{"embeddable":true,"href":"https:\/\/neness.pl\/blog\/wp-json\/wp\/v2\/media\/7978"}],"wp:attachment":[{"href":"https:\/\/neness.pl\/blog\/wp-json\/wp\/v2\/media?parent=7977"}],"wp:term":[{"taxonomy":"category","embeddable":true,"href":"https:\/\/neness.pl\/blog\/wp-json\/wp\/v2\/categories?post=7977"},{"taxonomy":"post_tag","embeddable":true,"href":"https:\/\/neness.pl\/blog\/wp-json\/wp\/v2\/tags?post=7977"}],"curies":[{"name":"wp","href":"https:\/\/api.w.org\/{rel}","templated":true}]}}