{"id":7907,"date":"2020-11-04T14:04:16","date_gmt":"2020-11-04T13:04:16","guid":{"rendered":"http:\/\/ranking-kosmetykow.pl\/?p=7907"},"modified":"2020-11-04T14:04:16","modified_gmt":"2020-11-04T13:04:16","slug":"co-sprzyja-przesuszaniu-skory-dloni","status":"publish","type":"post","link":"https:\/\/neness.pl\/blog\/co-sprzyja-przesuszaniu-skory-dloni\/","title":{"rendered":"Co sprzyja przesuszaniu sk\u00f3ry d\u0142oni?"},"content":{"rendered":"<p style=\"text-align: justify;\"><strong>Dlaczego sk\u00f3ra d\u0142oni staje si\u0119 sucha, podra\u017cniona oraz zaczerwieniona? Na pogorszenie jej kondycji i wygl\u0105du mog\u0105 wp\u0142ywa\u0107\u00a0r\u00f3\u017cnorodne czynniki. Dzi\u015b om\u00f3wimy wy\u0142\u0105cznie te zewn\u0119trzne, a wi\u0119c niezwi\u0105zane z chorobami czy uwarunkowaniami genetycznymi.\u00a0<\/strong><\/p>\n<p style=\"text-align: justify;\"><!--more--><\/p>\n<h3 style=\"text-align: justify;\"><strong>Kaprysy pogody<\/strong><\/h3>\n<p style=\"text-align: justify;\"><span style=\"font-weight: 400;\">Na pieczenie, <strong>zaczerwienienie<\/strong> czy p\u0119kanie fragment\u00f3w sk\u00f3ry d\u0142oni najcz\u0119\u015bciej skar\u017cymy si\u0119 w sezonie jesiennym i zimowym. Charakterystyczne dla tych p\u00f3r roku <strong>warunki pogodowe<\/strong> nie sprzyjaj\u0105 utrzymaniu sk\u00f3ry w optymalnej kondycji. Silny wiatr i niskie temperatury potrafi\u0105 w kilka chwil zniszczy\u0107 efekty piel\u0119gnacji. Mo\u017cemy jednak skutecznie temu <strong>przeciwdzia\u0142a\u0107<\/strong>.\u00a0<\/span><\/p>\n<div id=\"attachment_7913\" style=\"width: 300px\" class=\"wp-caption aligncenter\"><img loading=\"lazy\" decoding=\"async\" aria-describedby=\"caption-attachment-7913\" class=\"size-medium wp-image-7913\" src=\"http:\/\/ranking-kosmetykow.pl\/wp-content\/uploads\/2020\/11\/9029_0_K-290x300.jpg\" alt=\"\" width=\"290\" height=\"300\" srcset=\"https:\/\/neness.pl\/blog\/wp-content\/uploads\/2020\/11\/9029_0_K-290x300.jpg 290w, https:\/\/neness.pl\/blog\/wp-content\/uploads\/2020\/11\/9029_0_K-768x796.jpg 768w, https:\/\/neness.pl\/blog\/wp-content\/uploads\/2020\/11\/9029_0_K-610x632.jpg 610w, https:\/\/neness.pl\/blog\/wp-content\/uploads\/2020\/11\/9029_0_K.jpg 965w\" sizes=\"auto, (max-width: 290px) 100vw, 290px\" \/><p id=\"caption-attachment-7913\" class=\"wp-caption-text\"><em>Hand Cream od\u017cywczy krem do r\u0105k 85ml<\/em><\/p><\/div>\n<p style=\"text-align: justify;\">\n<p style=\"text-align: justify;\"><span style=\"font-weight: 400;\">\u017beby zabezpieczy\u0107 d\u0142onie przed negatywnym wp\u0142ywem czynnik\u00f3w atmosferycznych, nale\u017cy przede wszystkim nosi\u0107 <strong>ciep\u0142e r\u0119kawiczki<\/strong>. Najlepiej wyposa\u017cy\u0107 si\u0119 w kilka par r\u00f3\u017cni\u0105cych si\u0119 grubo\u015bci\u0105. <strong>L\u017cejsze<\/strong> sprawdz\u0105 si\u0119 idealnie podczas niskich, ale wci\u0105\u017c dodatnich temperatur. Z kolei <strong>grubsze<\/strong>, wy\u015bcie\u0142ane wewn\u0105trz futerkiem b\u0119d\u0105 \u015bwietnym wyborem na mro\u017ane, wietrzne i deszczowe dni.\u00a0<\/span><\/p>\n<h3 style=\"text-align: justify;\"><strong>Silne detergenty<\/strong><\/h3>\n<p style=\"text-align: justify;\"><span style=\"font-weight: 400;\">Problem suchych i wr\u0119cz bol\u0105cych d\u0142oni <strong>nie jest<\/strong> zarezerwowany wy\u0142\u0105cznie dla jesieni i zimy. Mo\u017ce wyst\u0119powa\u0107 przez <strong>ca\u0142y rok<\/strong>, nawet je\u015bli pogoda b\u0119dzie przyjemna. Je\u015bli nie warunki atmosferyczne, to co w takim razie os\u0142abia kondycj\u0119 sk\u00f3ry? Takie dzia\u0142anie maj\u0105 silne detergenty, po kt\u00f3re si\u0119gamy w trakcie codziennych i \u015bwi\u0105tecznych <strong>porz\u0105dk\u00f3w<\/strong>.\u00a0<\/span><\/p>\n<div id=\"attachment_7914\" style=\"width: 310px\" class=\"wp-caption aligncenter\"><img loading=\"lazy\" decoding=\"async\" aria-describedby=\"caption-attachment-7914\" class=\"size-medium wp-image-7914\" src=\"http:\/\/ranking-kosmetykow.pl\/wp-content\/uploads\/2020\/11\/8341_0_K-300x300.jpg\" alt=\"\" width=\"300\" height=\"300\" srcset=\"https:\/\/neness.pl\/blog\/wp-content\/uploads\/2020\/11\/8341_0_K-300x300.jpg 300w, https:\/\/neness.pl\/blog\/wp-content\/uploads\/2020\/11\/8341_0_K-150x150.jpg 150w, https:\/\/neness.pl\/blog\/wp-content\/uploads\/2020\/11\/8341_0_K-440x440.jpg 440w, https:\/\/neness.pl\/blog\/wp-content\/uploads\/2020\/11\/8341_0_K.jpg 600w\" sizes=\"auto, (max-width: 300px) 100vw, 300px\" \/><p id=\"caption-attachment-7914\" class=\"wp-caption-text\"><em>6w1 Care&amp;Colour od\u017cywka do paznokci nadaj\u0105ca kolor Rose 5ml<\/em><\/p><\/div>\n<p style=\"text-align: justify;\">\n<p style=\"text-align: justify;\"><span style=\"font-weight: 400;\">Je\u015bli podczas szorowania przypalonego piekarnika zrezygnujemy z <strong>r\u0119kawiczek ochronnych<\/strong>, mocne substancje znajduj\u0105ce si\u0119 w u\u017cywanym \u015brodku czyszcz\u0105cym zaczn\u0105 oddzia\u0142ywa\u0107 na sk\u00f3r\u0119 d\u0142oni. I niestety <strong>nie b\u0119dzie<\/strong> to oddzia\u0142ywanie pozytywne. Im cz\u0119\u015bciej b\u0119dziemy sprz\u0105ta\u0107 bez r\u0119kawiczek, tym sucho\u015b\u0107 i podra\u017cnienia stan\u0105 si\u0119 dotkliwsze. Z czasem pogorszy si\u0119 te\u017c <strong>stan paznokci i sk\u00f3rek<\/strong> wok\u00f3\u0142 nich.\u00a0<\/span><\/p>\n<h3 style=\"text-align: justify;\"><strong>Nieodpowiednie kosmetyki<\/strong><\/h3>\n<p style=\"text-align: justify;\"><span style=\"font-weight: 400;\">Niesatysfakcjonuj\u0105cy <strong>wygl\u0105d sk\u00f3ry<\/strong> d\u0142oni mo\u017ce by\u0107 tak\u017ce efektem u\u017cywania niew\u0142a\u015bciwych kosmetyk\u00f3w. Jak to mo\u017cliwe? Nie wystarczy, \u017ce b\u0119dziemy nak\u0142ada\u0107 na ni\u0105 kremy i si\u0119ga\u0107 po peelingi, kt\u00f3re <strong>przypadkowo<\/strong> wpadn\u0105 nam w r\u0119ce. Musimy wybiera\u0107 te<strong> odpowiednie<\/strong>, czyli dostosowane do jej kondycji i potrzeb.\u00a0<\/span><\/p>\n<div id=\"attachment_7915\" style=\"width: 310px\" class=\"wp-caption aligncenter\"><img loading=\"lazy\" decoding=\"async\" aria-describedby=\"caption-attachment-7915\" class=\"size-medium wp-image-7915\" src=\"http:\/\/ranking-kosmetykow.pl\/wp-content\/uploads\/2020\/11\/35075_0_K-300x225.jpg\" alt=\"\" width=\"300\" height=\"225\" srcset=\"https:\/\/neness.pl\/blog\/wp-content\/uploads\/2020\/11\/35075_0_K-300x225.jpg 300w, https:\/\/neness.pl\/blog\/wp-content\/uploads\/2020\/11\/35075_0_K-510x382.jpg 510w, https:\/\/neness.pl\/blog\/wp-content\/uploads\/2020\/11\/35075_0_K.jpg 600w\" sizes=\"auto, (max-width: 300px) 100vw, 300px\" \/><p id=\"caption-attachment-7915\" class=\"wp-caption-text\"><em>Coffee Scrub peeling kawowy Original 30g<\/em><\/p><\/div>\n<p style=\"text-align: justify;\">\n<p style=\"text-align: justify;\"><span style=\"font-weight: 400;\">Je\u015bli sk\u00f3ra d\u0142oni domaga si\u0119 silnego nawil\u017cenia, si\u0119gajmy po produkty zawieraj\u0105ce g\u0142\u00f3wnie <strong>substancje nawil\u017caj\u0105ce<\/strong> (np. mocznik). Gdy jest mocno podra\u017cniona, aplikujmy kosmetyki ze <strong>sk\u0142adnikami \u0142agodz\u0105cymi<\/strong> takimi jak alantoina.\u00a0Nie zapominajmy o <strong>nawracaj\u0105cych <\/strong>problemach i starajmy si\u0119 im zapobiega\u0107 r\u00f3wnie\u017c poprzez wyb\u00f3r w\u0142a\u015bciwych preparat\u00f3w.\u00a0<\/span><\/p>\n","protected":false},"excerpt":{"rendered":"<p>Dlaczego sk\u00f3ra d\u0142oni staje si\u0119 sucha, podra\u017cniona oraz zaczerwieniona? Na pogorszenie jej kondycji i wygl\u0105du mog\u0105 wp\u0142ywa\u0107\u00a0r\u00f3\u017cnorodne czynniki. Dzi\u015b om\u00f3wimy wy\u0142\u0105cznie te zewn\u0119trzne, a wi\u0119c niezwi\u0105zane z chorobami czy uwarunkowaniami genetycznymi.\u00a0<\/p>\n","protected":false},"author":2,"featured_media":7916,"comment_status":"open","ping_status":"open","sticky":false,"template":"","format":"standard","meta":{"_et_pb_use_builder":"","_et_pb_old_content":"","_et_gb_content_width":"","footnotes":""},"categories":[185],"tags":[],"class_list":["post-7907","post","type-post","status-publish","format-standard","has-post-thumbnail","hentry","category-codzienna-pielegnacja","et-has-post-format-content","et_post_format-et-post-format-standard"],"_links":{"self":[{"href":"https:\/\/neness.pl\/blog\/wp-json\/wp\/v2\/posts\/7907","targetHints":{"allow":["GET"]}}],"collection":[{"href":"https:\/\/neness.pl\/blog\/wp-json\/wp\/v2\/posts"}],"about":[{"href":"https:\/\/neness.pl\/blog\/wp-json\/wp\/v2\/types\/post"}],"author":[{"embeddable":true,"href":"https:\/\/neness.pl\/blog\/wp-json\/wp\/v2\/users\/2"}],"replies":[{"embeddable":true,"href":"https:\/\/neness.pl\/blog\/wp-json\/wp\/v2\/comments?post=7907"}],"version-history":[{"count":0,"href":"https:\/\/neness.pl\/blog\/wp-json\/wp\/v2\/posts\/7907\/revisions"}],"wp:featuredmedia":[{"embeddable":true,"href":"https:\/\/neness.pl\/blog\/wp-json\/wp\/v2\/media\/7916"}],"wp:attachment":[{"href":"https:\/\/neness.pl\/blog\/wp-json\/wp\/v2\/media?parent=7907"}],"wp:term":[{"taxonomy":"category","embeddable":true,"href":"https:\/\/neness.pl\/blog\/wp-json\/wp\/v2\/categories?post=7907"},{"taxonomy":"post_tag","embeddable":true,"href":"https:\/\/neness.pl\/blog\/wp-json\/wp\/v2\/tags?post=7907"}],"curies":[{"name":"wp","href":"https:\/\/api.w.org\/{rel}","templated":true}]}}