{"id":7887,"date":"2020-11-03T09:00:43","date_gmt":"2020-11-03T08:00:43","guid":{"rendered":"http:\/\/ranking-kosmetykow.pl\/?p=7887"},"modified":"2020-11-03T09:00:43","modified_gmt":"2020-11-03T08:00:43","slug":"idealny-makijaz-wieczorowy-dla-ognistowlosych","status":"publish","type":"post","link":"https:\/\/neness.pl\/blog\/idealny-makijaz-wieczorowy-dla-ognistowlosych\/","title":{"rendered":"Idealny makija\u017c wieczorowy dla ognistow\u0142osych"},"content":{"rendered":"<p style=\"text-align: justify;\"><strong>Szukasz pomys\u0142u na makija\u017c wieczorowy dla ognistow\u0142osych? Zastanawiasz si\u0119, czy lepiej wykorzysta\u0107 w nim kolory kontrastuj\u0105ce z barw\u0105 w\u0142os\u00f3w, czy postawi\u0107 na ciep\u0142e, stonowane warianty? Przeczytaj ten wpis, a nast\u0119pnie chwy\u0107 za p\u0119dzle i stw\u00f3rz make-up idealnie pasuj\u0105cy do tego typu urody.\u00a0<\/strong><\/p>\n<p style=\"text-align: justify;\"><!--more--><\/p>\n<h3 style=\"text-align: justify;\"><strong>Polecane odcienie<\/strong><\/h3>\n<p style=\"text-align: justify;\"><span style=\"font-weight: 400;\">Trwaj\u0105ca jesie\u0144 to wymarzony czas dla ognistow\u0142osych uwielbiaj\u0105cych make-up. Dlaczego? Panie, kt\u00f3rych w\u0142osy s\u0105 rude, miedziane albo zbli\u017cone do br\u0105zu, maj\u0105 <strong>makija\u017cowe inspiracje<\/strong> na wyci\u0105gni\u0119cie r\u0119ki. Mog\u0105 zbiera\u0107 je podczas popo\u0142udniowego spaceru w parku, rowerowej przeja\u017cd\u017cki, a nawet odpoczywaj\u0105c na balkonie czy tarasie. Wystarczy, \u017ce skupi\u0105 si\u0119 na barwach <strong>dominuj\u0105cych w<\/strong> <strong>krajobrazie<\/strong>, a nast\u0119pnie wybior\u0105 z nich ciep\u0142e, stonowane i nieco ciemniejsze warianty.\u00a0<\/span><\/p>\n<div id=\"attachment_7893\" style=\"width: 303px\" class=\"wp-caption aligncenter\"><img loading=\"lazy\" decoding=\"async\" aria-describedby=\"caption-attachment-7893\" class=\"size-medium wp-image-7893\" src=\"http:\/\/ranking-kosmetykow.pl\/wp-content\/uploads\/2020\/11\/31451_0_K-293x300.jpg\" alt=\"\" width=\"293\" height=\"300\" srcset=\"https:\/\/neness.pl\/blog\/wp-content\/uploads\/2020\/11\/31451_0_K-293x300.jpg 293w, https:\/\/neness.pl\/blog\/wp-content\/uploads\/2020\/11\/31451_0_K-610x625.jpg 610w, https:\/\/neness.pl\/blog\/wp-content\/uploads\/2020\/11\/31451_0_K.jpg 623w\" sizes=\"auto, (max-width: 293px) 100vw, 293px\" \/><p id=\"caption-attachment-7893\" class=\"wp-caption-text\"><em>Chocolate Vice paleta 16 cieni 22g<\/em><\/p><\/div>\n<p style=\"text-align: justify;\">\n<p style=\"text-align: justify;\"><span style=\"font-weight: 400;\">W\u015br\u00f3d nich <strong>nie mo\u017ce zabrakn\u0105\u0107<\/strong>:<\/span><\/p>\n<ul style=\"text-align: justify;\">\n<li style=\"font-weight: 400;\"><span style=\"font-weight: 400;\">ciemnego br\u0105zu<\/span><\/li>\n<li style=\"font-weight: 400;\"><span style=\"font-weight: 400;\">intensywnych pomara\u0144czy<\/span><\/li>\n<li style=\"font-weight: 400;\"><span style=\"font-weight: 400;\">g\u0142\u0119bokich czerwieni<\/span><\/li>\n<li style=\"font-weight: 400;\"><span style=\"font-weight: 400;\">postarza\u0142ego z\u0142ota\u00a0<\/span><\/li>\n<\/ul>\n<p style=\"text-align: justify;\"><span style=\"font-weight: 400;\">To w\u0142a\u015bnie te odcienie efektownie b\u0119d\u0105 <strong>komponowa\u0142y si\u0119<\/strong> z urod\u0105 ognistow\u0142osych i cudownie j\u0105 <strong>podkre\u015bla\u0142y<\/strong>. W makija\u017cu wieczorowym mo\u017cna wykorzysta\u0107 kilka takich barw, np. tworz\u0105c eleganckie smokey eyes z akcentem cynamonowym, miodowym oraz postarza\u0142ym <strong>z\u0142otem<\/strong>, a nast\u0119pnie maluj\u0105c usta r\u00f3\u017cowobr\u0105zow\u0105 pomadk\u0105. Mo\u017cna r\u00f3wnie\u017c zastosowa\u0107 wy\u0142\u0105cznie jeden lub dwa kolory, np. <strong>czekoladowy<\/strong> (cie\u0144 na powieki) czy wi\u015bniowy (b\u0142yszczyk na usta).\u00a0<\/span><\/p>\n<div id=\"attachment_7894\" style=\"width: 294px\" class=\"wp-caption aligncenter\"><img loading=\"lazy\" decoding=\"async\" aria-describedby=\"caption-attachment-7894\" class=\"size-medium wp-image-7894\" src=\"http:\/\/ranking-kosmetykow.pl\/wp-content\/uploads\/2020\/11\/31464_0_K-284x300.jpg\" alt=\"\" width=\"284\" height=\"300\" srcset=\"https:\/\/neness.pl\/blog\/wp-content\/uploads\/2020\/11\/31464_0_K-284x300.jpg 284w, https:\/\/neness.pl\/blog\/wp-content\/uploads\/2020\/11\/31464_0_K.jpg 641w, https:\/\/neness.pl\/blog\/wp-content\/uploads\/2020\/11\/31464_0_K-610x645.jpg 610w\" sizes=\"auto, (max-width: 284px) 100vw, 284px\" \/><p id=\"caption-attachment-7894\" class=\"wp-caption-text\"><em>Iconic Pro 2 paleta 16 cieni 16g<\/em><\/p><\/div>\n<h3 style=\"text-align: justify;\"><strong>Kolorowy akcent\u00a0<\/strong><\/h3>\n<p style=\"text-align: justify;\"><span style=\"font-weight: 400;\">Czy podczas wykonywania makija\u017cu wieczorowego dla ognistow\u0142osych zdecydowanie lepiej zrezygnowa\u0107 z <strong>odcieni kontrastuj\u0105cych<\/strong> z kolorem w\u0142os\u00f3w? Wybieraj\u0105c wskazane wcze\u015bniej warianty, mo\u017cna mie\u0107 pewno\u015b\u0107, \u017ce make-up b\u0119dzie prezentowa\u0142 si\u0119 elegancko. Nie trzeba wi\u0119c martwi\u0107 si\u0119 o jego odbi\u00f3r. Ale je\u015bli wykorzystanie koloru, takiego jak <strong>\u015bliwkowy<\/strong>, morski czy oliwkowy, jest konieczne, warto w\u0142\u0105czy\u0107 go do make-upu w postaci <strong>drobnego akcentu<\/strong>.<\/span><\/p>\n<div id=\"attachment_7895\" style=\"width: 310px\" class=\"wp-caption aligncenter\"><img loading=\"lazy\" decoding=\"async\" aria-describedby=\"caption-attachment-7895\" class=\"size-medium wp-image-7895\" src=\"http:\/\/ranking-kosmetykow.pl\/wp-content\/uploads\/2020\/11\/25231_0_K-300x300.jpg\" alt=\"\" width=\"300\" height=\"300\" srcset=\"https:\/\/neness.pl\/blog\/wp-content\/uploads\/2020\/11\/25231_0_K-300x300.jpg 300w, https:\/\/neness.pl\/blog\/wp-content\/uploads\/2020\/11\/25231_0_K-150x150.jpg 150w, https:\/\/neness.pl\/blog\/wp-content\/uploads\/2020\/11\/25231_0_K-768x768.jpg 768w, https:\/\/neness.pl\/blog\/wp-content\/uploads\/2020\/11\/25231_0_K-610x610.jpg 610w, https:\/\/neness.pl\/blog\/wp-content\/uploads\/2020\/11\/25231_0_K-440x440.jpg 440w, https:\/\/neness.pl\/blog\/wp-content\/uploads\/2020\/11\/25231_0_K.jpg 800w\" sizes=\"auto, (max-width: 300px) 100vw, 300px\" \/><p id=\"caption-attachment-7895\" class=\"wp-caption-text\"><em>Kohl Kajal Liner automatyczna kredka do oczu 002 Azure 5g<\/em><\/p><\/div>\n<p style=\"text-align: justify;\">\n<p style=\"text-align: justify;\"><span style=\"font-weight: 400;\">Najbezpieczniejszym sposobem na\u00a0wzbogacenie makija\u017cu\u00a0takim dodatkiem jest zastosowanie kredki w odpowiednim wariancie i podkre\u015blenie ni\u0105 <strong>linii wodnej<\/strong>. Kredka fioletowa, morska lub oliwkowa, kontrastuj\u0105ca z odcieniem w\u0142os\u00f3w, pozwoli subtelnie o\u017cywi\u0107 make-up oraz doda\u0107 do niego <strong>odrobin\u0119 \u015bwie\u017co\u015bci<\/strong>. Makija\u017c z tym kolorowym akcentem doskonale sprawdzi si\u0119 w trakcie imprez tematycznych. Tak\u017ce panny m\u0142ode, kt\u00f3re lubi\u0105 eksperymentowa\u0107, mog\u0105 <strong>pokusi\u0107 si\u0119<\/strong> o niego podczas najwa\u017cniejszego dnia w swoim \u017cyciu.\u00a0<\/span><\/p>\n<div id=\"attachment_7896\" style=\"width: 310px\" class=\"wp-caption aligncenter\"><img loading=\"lazy\" decoding=\"async\" aria-describedby=\"caption-attachment-7896\" class=\"size-medium wp-image-7896\" src=\"http:\/\/ranking-kosmetykow.pl\/wp-content\/uploads\/2020\/11\/21681_0_K-300x300.jpg\" alt=\"\" width=\"300\" height=\"300\" srcset=\"https:\/\/neness.pl\/blog\/wp-content\/uploads\/2020\/11\/21681_0_K-300x300.jpg 300w, https:\/\/neness.pl\/blog\/wp-content\/uploads\/2020\/11\/21681_0_K-150x150.jpg 150w, https:\/\/neness.pl\/blog\/wp-content\/uploads\/2020\/11\/21681_0_K-610x610.jpg 610w, https:\/\/neness.pl\/blog\/wp-content\/uploads\/2020\/11\/21681_0_K-440x440.jpg 440w, https:\/\/neness.pl\/blog\/wp-content\/uploads\/2020\/11\/21681_0_K.jpg 640w\" sizes=\"auto, (max-width: 300px) 100vw, 300px\" \/><p id=\"caption-attachment-7896\" class=\"wp-caption-text\"><em>Magnetic Metal 16H Eyeliner &amp; Supersoft Kajal metaliczna kredka do oczu 04 Green 2g<\/em><\/p><\/div>\n","protected":false},"excerpt":{"rendered":"<p>Szukasz pomys\u0142u na makija\u017c wieczorowy dla ognistow\u0142osych? Zastanawiasz si\u0119, czy lepiej wykorzysta\u0107 w nim kolory kontrastuj\u0105ce z barw\u0105 w\u0142os\u00f3w, czy postawi\u0107 na ciep\u0142e, stonowane warianty? Przeczytaj ten wpis, a nast\u0119pnie chwy\u0107 za p\u0119dzle i stw\u00f3rz make-up idealnie pasuj\u0105cy do tego typu urody.\u00a0<\/p>\n","protected":false},"author":2,"featured_media":7888,"comment_status":"open","ping_status":"open","sticky":false,"template":"","format":"standard","meta":{"_et_pb_use_builder":"","_et_pb_old_content":"","_et_gb_content_width":"","footnotes":""},"categories":[41],"tags":[],"class_list":["post-7887","post","type-post","status-publish","format-standard","has-post-thumbnail","hentry","category-olsniewaj-makijazem","et-has-post-format-content","et_post_format-et-post-format-standard"],"_links":{"self":[{"href":"https:\/\/neness.pl\/blog\/wp-json\/wp\/v2\/posts\/7887","targetHints":{"allow":["GET"]}}],"collection":[{"href":"https:\/\/neness.pl\/blog\/wp-json\/wp\/v2\/posts"}],"about":[{"href":"https:\/\/neness.pl\/blog\/wp-json\/wp\/v2\/types\/post"}],"author":[{"embeddable":true,"href":"https:\/\/neness.pl\/blog\/wp-json\/wp\/v2\/users\/2"}],"replies":[{"embeddable":true,"href":"https:\/\/neness.pl\/blog\/wp-json\/wp\/v2\/comments?post=7887"}],"version-history":[{"count":0,"href":"https:\/\/neness.pl\/blog\/wp-json\/wp\/v2\/posts\/7887\/revisions"}],"wp:featuredmedia":[{"embeddable":true,"href":"https:\/\/neness.pl\/blog\/wp-json\/wp\/v2\/media\/7888"}],"wp:attachment":[{"href":"https:\/\/neness.pl\/blog\/wp-json\/wp\/v2\/media?parent=7887"}],"wp:term":[{"taxonomy":"category","embeddable":true,"href":"https:\/\/neness.pl\/blog\/wp-json\/wp\/v2\/categories?post=7887"},{"taxonomy":"post_tag","embeddable":true,"href":"https:\/\/neness.pl\/blog\/wp-json\/wp\/v2\/tags?post=7887"}],"curies":[{"name":"wp","href":"https:\/\/api.w.org\/{rel}","templated":true}]}}