{"id":7878,"date":"2020-11-02T11:40:08","date_gmt":"2020-11-02T10:40:08","guid":{"rendered":"http:\/\/ranking-kosmetykow.pl\/?p=7878"},"modified":"2020-11-02T11:40:08","modified_gmt":"2020-11-02T10:40:08","slug":"jak-stworzyc-prywatny-zestaw-perfumetek-na-zime","status":"publish","type":"post","link":"https:\/\/neness.pl\/blog\/jak-stworzyc-prywatny-zestaw-perfumetek-na-zime\/","title":{"rendered":"Jak stworzy\u0107 prywatny zestaw perfumetek na zim\u0119?"},"content":{"rendered":"<p style=\"text-align: justify;\"><strong>Czym nale\u017cy si\u0119 kierowa\u0107 przy kompletowaniu prywatnego zestawu perfumetek na zim\u0119? Co warto wzi\u0105\u0107 pod uwag\u0119, \u017ceby spe\u0142nia\u0142 on wszelkie oczekiwania? Czytaj dalej i skorzystaj z naszych wskaz\u00f3wek.\u00a0<\/strong><\/p>\n<p style=\"text-align: justify;\"><!--more--><\/p>\n<h3 style=\"text-align: justify;\"><strong>Uczucia i wra\u017cenia<\/strong><\/h3>\n<p style=\"text-align: justify;\"><span style=\"font-weight: 400;\">Podczas mro\u017anych dni najch\u0119tniej si\u0119gasz po zapachy, kt\u00f3re czule <strong>otulaj\u0105 cia\u0142o<\/strong> i pozwalaj\u0105 si\u0119 wyciszy\u0107, czy warianty rozgrzewaj\u0105ce i<strong> dodaj\u0105ce energii<\/strong> do dzia\u0142ania? W\u0142a\u015bnie to pytanie zadaj sobie sama i postaraj si\u0119 na nie odpowiedzie\u0107 w kr\u00f3tki oraz zwi\u0119z\u0142y spos\u00f3b. Zanotuj t\u0119 odpowied\u017a, a nast\u0119pnie zastan\u00f3w si\u0119, jakie uczucia wywo\u0142uje w Tobie zimowa aura. Czy o tej porze roku jeste\u015b <strong>wra\u017cliwa<\/strong>, sk\u0142onna do rozmy\u015bla\u0144? A mo\u017ce czujesz si\u0119 <strong>zmotywowana<\/strong>, bo zdajesz sobie spraw\u0119, \u017ce na realizacj\u0119 tegorocznych postanowie\u0144 pozosta\u0142o ma\u0142o czasu?\u00a0<\/span><\/p>\n<div id=\"attachment_7879\" style=\"width: 210px\" class=\"wp-caption aligncenter\"><img loading=\"lazy\" decoding=\"async\" aria-describedby=\"caption-attachment-7879\" class=\"size-medium wp-image-7879\" src=\"http:\/\/ranking-kosmetykow.pl\/wp-content\/uploads\/2020\/11\/212_k-200x300.jpg\" alt=\"\" width=\"200\" height=\"300\" srcset=\"https:\/\/neness.pl\/blog\/wp-content\/uploads\/2020\/11\/212_k-200x300.jpg 200w, https:\/\/neness.pl\/blog\/wp-content\/uploads\/2020\/11\/212_k-683x1024.jpg 683w, https:\/\/neness.pl\/blog\/wp-content\/uploads\/2020\/11\/212_k-768x1152.jpg 768w, https:\/\/neness.pl\/blog\/wp-content\/uploads\/2020\/11\/212_k-1024x1536.jpg 1024w, https:\/\/neness.pl\/blog\/wp-content\/uploads\/2020\/11\/212_k-1080x1620.jpg 1080w, https:\/\/neness.pl\/blog\/wp-content\/uploads\/2020\/11\/212_k-610x915.jpg 610w, https:\/\/neness.pl\/blog\/wp-content\/uploads\/2020\/11\/212_k.jpg 1365w\" sizes=\"auto, (max-width: 200px) 100vw, 200px\" \/><p id=\"caption-attachment-7879\" class=\"wp-caption-text\"><em>N212. Deca&amp;Dence &#8211; 33 ml &#8211; zapach damski<\/em><\/p><\/div>\n<p style=\"text-align: justify;\">\n<p style=\"text-align: justify;\"><span style=\"font-weight: 400;\">Skupiaj\u0105c si\u0119 na <strong>w\u0142asnych uczuciach<\/strong>, zrozumiesz, dlaczego si\u0119gasz w\u0142a\u015bnie po te aromaty, kt\u00f3re wskaza\u0142a\u015b w odpowiedzi na pierwsze pytanie. Je\u015bli wykorzystujesz zimowy czas m.in. na regeneracj\u0119 i prac\u0119 nad sam\u0105 sob\u0105, dzi\u0119ki zapachom otulaj\u0105cym i <strong>wyciszaj\u0105cym<\/strong>\u00a0odzyskasz spok\u00f3j oraz znajdziesz r\u00f3wnowag\u0119. Je\u015bli jednak mimo niesprzyjaj\u0105cej pogody jeste\u015b nie do zatrzymania, wybieraj\u0105c energetyzuj\u0105ce i\u00a0<strong>rozgrzewaj\u0105ce<\/strong> kompozycje, podkre\u015blisz t\u0119 wewn\u0119trzn\u0105 energi\u0119 oraz wywrzesz r\u00f3wnie intensywne wra\u017cenia na innych.\u00a0<\/span><\/p>\n<div id=\"attachment_7880\" style=\"width: 210px\" class=\"wp-caption aligncenter\"><img loading=\"lazy\" decoding=\"async\" aria-describedby=\"caption-attachment-7880\" class=\"wp-image-7880 size-medium\" src=\"http:\/\/ranking-kosmetykow.pl\/wp-content\/uploads\/2020\/11\/ab679ed0b5e7fcb24b1f675ed03fe7ff-200x300.jpg\" alt=\"\" width=\"200\" height=\"300\" srcset=\"https:\/\/neness.pl\/blog\/wp-content\/uploads\/2020\/11\/ab679ed0b5e7fcb24b1f675ed03fe7ff-200x300.jpg 200w, https:\/\/neness.pl\/blog\/wp-content\/uploads\/2020\/11\/ab679ed0b5e7fcb24b1f675ed03fe7ff.jpg 540w\" sizes=\"auto, (max-width: 200px) 100vw, 200px\" \/><p id=\"caption-attachment-7880\" class=\"wp-caption-text\"><em>N172. Be Olimpea &#8211; 33 ml &#8211; zapach damski<\/em><\/p><\/div>\n<h3 style=\"text-align: justify;\"><strong>Codzienne okazje<\/strong><\/h3>\n<p style=\"text-align: justify;\"><span style=\"font-weight: 400;\">Czy tej zimy b\u0119dziesz bra\u0142a udzia\u0142 w <strong>specjalnych wydarzeniach<\/strong>? Otrzyma\u0142a\u015b ju\u017c zaproszenie na urodziny bliskich os\u00f3b, kameraln\u0105 imprez\u0119 firmow\u0105 lub \u015bwi\u0119towanie sukcesu przyjaci\u00f3\u0142? Wypisz wszystkie okazje, kt\u00f3re czekaj\u0105 Ci\u0119 w najbli\u017cszych miesi\u0105cach i zastan\u00f3w si\u0119, jakie perfumy sprawdz\u0105 si\u0119 podczas nich najlepiej. Nie zapomnij te\u017c o zbli\u017caj\u0105cych si\u0119 Gwiazdce oraz Sylwestrze, wymagaj\u0105cych<strong> r\u00f3wnie efektownej<\/strong>, aromatycznej oprawy. Je\u015bli potrzebujesz wsparcia w wyborze perfum na wyj\u0105tkowe okazje, zach\u0119camy Ci\u0119 do lektury <\/span><a href=\"http:\/\/ranking-kosmetykow.pl\/2020\/10\/16\/czym-kierowac-sie-przy-wyborze-zapachu-na-specjalne-okazje\/\"><span style=\"font-weight: 400;\">tego wpisu<\/span><\/a><span style=\"font-weight: 400;\">.\u00a0<\/span><\/p>\n<div id=\"attachment_7881\" style=\"width: 210px\" class=\"wp-caption aligncenter\"><img loading=\"lazy\" decoding=\"async\" aria-describedby=\"caption-attachment-7881\" class=\"wp-image-7881 size-medium\" src=\"http:\/\/ranking-kosmetykow.pl\/wp-content\/uploads\/2020\/11\/1669733396c314b98aaa3647d49d84a4-200x300.jpg\" alt=\"\" width=\"200\" height=\"300\" srcset=\"https:\/\/neness.pl\/blog\/wp-content\/uploads\/2020\/11\/1669733396c314b98aaa3647d49d84a4-200x300.jpg 200w, https:\/\/neness.pl\/blog\/wp-content\/uploads\/2020\/11\/1669733396c314b98aaa3647d49d84a4.jpg 540w\" sizes=\"auto, (max-width: 200px) 100vw, 200px\" \/><p id=\"caption-attachment-7881\" class=\"wp-caption-text\"><em>N199. Opiium Noir &#8211; 33 ml &#8211; zapach damski<\/em><\/p><\/div>\n<h3 style=\"text-align: justify;\"><strong>Prywatni ulubie\u0144cy<\/strong><\/h3>\n<p style=\"text-align: justify;\"><span style=\"font-weight: 400;\">A mo\u017ce znalaz\u0142a\u015b ju\u017c idealny zapach na <strong>zimow\u0105 por\u0119<\/strong> albo masz prywatnych ulubie\u0144c\u00f3w, na kt\u00f3rych mo\u017cesz liczy\u0107 przez ca\u0142y rok? Mo\u017cesz postawi\u0107 na nich r\u00f3wnie\u017c tej zimy lub znale\u017a\u0107 aromaty b\u0119d\u0105ce <strong>nowoczesn\u0105 wariacj\u0105<\/strong> na ich temat. Wybieraj\u0105c sprawdzone rozwi\u0105zania lub ich od\u015bwie\u017cone wersje, zyskasz pewno\u015b\u0107, \u017ce b\u0119d\u0105 u\u0142atwia\u0142y realizacj\u0119 <strong>codziennych wyzwa\u0144<\/strong> i pomaga\u0142y w osi\u0105ganiu wyznaczonych cel\u00f3w.\u00a0<\/span><\/p>\n<div id=\"attachment_7882\" style=\"width: 210px\" class=\"wp-caption aligncenter\"><img loading=\"lazy\" decoding=\"async\" aria-describedby=\"caption-attachment-7882\" class=\"size-medium wp-image-7882\" src=\"http:\/\/ranking-kosmetykow.pl\/wp-content\/uploads\/2020\/11\/c2e0bfa9e1b9d1424052187c78c2c171-200x300.jpg\" alt=\"\" width=\"200\" height=\"300\" srcset=\"https:\/\/neness.pl\/blog\/wp-content\/uploads\/2020\/11\/c2e0bfa9e1b9d1424052187c78c2c171-200x300.jpg 200w, https:\/\/neness.pl\/blog\/wp-content\/uploads\/2020\/11\/c2e0bfa9e1b9d1424052187c78c2c171.jpg 540w\" sizes=\"auto, (max-width: 200px) 100vw, 200px\" \/><p id=\"caption-attachment-7882\" class=\"wp-caption-text\"><em>N034. My Nuit &#8211; 33 ml &#8211; zapach damski<\/em><\/p><\/div>\n<p style=\"text-align: justify;\">\n<p style=\"text-align: justify;\"><span style=\"font-weight: 400;\">Podsumowuj\u0105c, w <strong>prywatnym zestawie<\/strong> powinny znale\u017a\u0107 si\u0119 <strong>perfumetki<\/strong>, kt\u00f3re:<\/span><\/p>\n<ul>\n<li style=\"font-weight: 400; text-align: justify;\"><span style=\"font-weight: 400;\">pozwol\u0105 podkre\u015bli\u0107 osobowo\u015b\u0107 i wywo\u0142a\u0107 okre\u015blone wra\u017cenia<\/span><\/li>\n<li style=\"font-weight: 400; text-align: justify;\"><span style=\"font-weight: 400;\">sprawdz\u0105 si\u0119 na co dzie\u0144 oraz podczas specjalnych okazji<\/span><\/li>\n<li style=\"font-weight: 400; text-align: justify;\"><span style=\"font-weight: 400;\">dadz\u0105 poczucie bezpiecze\u0144stwa i sp\u00f3jno\u015bci\u00a0<\/span><\/li>\n<\/ul>\n","protected":false},"excerpt":{"rendered":"<p>Czym nale\u017cy si\u0119 kierowa\u0107 przy kompletowaniu prywatnego zestawu perfumetek na zim\u0119? Co warto wzi\u0105\u0107 pod uwag\u0119, \u017ceby spe\u0142nia\u0142 on wszelkie oczekiwania? Czytaj dalej i skorzystaj z naszych wskaz\u00f3wek.\u00a0<\/p>\n","protected":false},"author":2,"featured_media":7883,"comment_status":"open","ping_status":"open","sticky":false,"template":"","format":"standard","meta":{"_et_pb_use_builder":"","_et_pb_old_content":"","_et_gb_content_width":"","footnotes":""},"categories":[19],"tags":[],"class_list":["post-7878","post","type-post","status-publish","format-standard","has-post-thumbnail","hentry","category-zachwycaj-zapachem","et-has-post-format-content","et_post_format-et-post-format-standard"],"_links":{"self":[{"href":"https:\/\/neness.pl\/blog\/wp-json\/wp\/v2\/posts\/7878","targetHints":{"allow":["GET"]}}],"collection":[{"href":"https:\/\/neness.pl\/blog\/wp-json\/wp\/v2\/posts"}],"about":[{"href":"https:\/\/neness.pl\/blog\/wp-json\/wp\/v2\/types\/post"}],"author":[{"embeddable":true,"href":"https:\/\/neness.pl\/blog\/wp-json\/wp\/v2\/users\/2"}],"replies":[{"embeddable":true,"href":"https:\/\/neness.pl\/blog\/wp-json\/wp\/v2\/comments?post=7878"}],"version-history":[{"count":0,"href":"https:\/\/neness.pl\/blog\/wp-json\/wp\/v2\/posts\/7878\/revisions"}],"wp:featuredmedia":[{"embeddable":true,"href":"https:\/\/neness.pl\/blog\/wp-json\/wp\/v2\/media\/7883"}],"wp:attachment":[{"href":"https:\/\/neness.pl\/blog\/wp-json\/wp\/v2\/media?parent=7878"}],"wp:term":[{"taxonomy":"category","embeddable":true,"href":"https:\/\/neness.pl\/blog\/wp-json\/wp\/v2\/categories?post=7878"},{"taxonomy":"post_tag","embeddable":true,"href":"https:\/\/neness.pl\/blog\/wp-json\/wp\/v2\/tags?post=7878"}],"curies":[{"name":"wp","href":"https:\/\/api.w.org\/{rel}","templated":true}]}}