{"id":7825,"date":"2020-10-22T15:38:12","date_gmt":"2020-10-22T13:38:12","guid":{"rendered":"http:\/\/ranking-kosmetykow.pl\/?p=7825"},"modified":"2020-10-22T15:38:12","modified_gmt":"2020-10-22T13:38:12","slug":"cera-oczy-a-moze-usta-od-czego-zaczac-make-up","status":"publish","type":"post","link":"https:\/\/neness.pl\/blog\/cera-oczy-a-moze-usta-od-czego-zaczac-make-up\/","title":{"rendered":"Cera, oczy, a mo\u017ce usta? Od czego zacz\u0105\u0107 make-up?"},"content":{"rendered":"<p style=\"text-align: justify;\"><strong>Ile mi\u0142o\u015bniczek makija\u017cu, tyle r\u00f3\u017cnych sposob\u00f3w jego wykonania. A co z kolejno\u015bci\u0105 aplikacji kolorowych kosmetyk\u00f3w \u2013 czy istnieje uniwersalna? Spr\u00f3bujmy razem przeanalizowa\u0107 wady i zalety ka\u017cdego rozwi\u0105zania oraz znale\u017a\u0107 odpowied\u017a na to pytanie.\u00a0<\/strong><\/p>\n<p style=\"text-align: justify;\"><!--more--><\/p>\n<h3 style=\"text-align: justify;\"><strong>Makija\u017c dzienny<\/strong><\/h3>\n<p style=\"text-align: justify;\"><span style=\"font-weight: 400;\">Makija\u017c dzienny ma za zadanie <strong>delikatnie\u00a0podkre\u015bli\u0107<\/strong> atuty urody, ukry\u0107 drobne niedoskona\u0142o\u015bci oraz doda\u0107 pewno\u015bci siebie. Do jego wykonania stosowane s\u0105 kosmetyki o lekkim kryciu, \u0142atwiej do rozprowadzenia konsystencji i cennych w\u0142a\u015bciwo\u015bciach piel\u0119gnuj\u0105cych. Mimo \u017ce ten rodzaj make-upu powinien <strong>wygl\u0105da\u0107 subtelniej<\/strong> ni\u017c wieczorowa odmiana, nie oznacza to, \u017ce mo\u017ce zosta\u0107 wykonany chaotycznie i w przypadkowy spos\u00f3b.\u00a0<\/span><\/p>\n<div id=\"attachment_7828\" style=\"width: 310px\" class=\"wp-caption aligncenter\"><img loading=\"lazy\" decoding=\"async\" aria-describedby=\"caption-attachment-7828\" class=\"wp-image-7828 size-medium\" src=\"http:\/\/ranking-kosmetykow.pl\/wp-content\/uploads\/2020\/10\/35596_0_K-300x300.jpg\" alt=\"\" width=\"300\" height=\"300\" srcset=\"https:\/\/neness.pl\/blog\/wp-content\/uploads\/2020\/10\/35596_0_K-300x300.jpg 300w, https:\/\/neness.pl\/blog\/wp-content\/uploads\/2020\/10\/35596_0_K-150x150.jpg 150w, https:\/\/neness.pl\/blog\/wp-content\/uploads\/2020\/10\/35596_0_K-768x768.jpg 768w, https:\/\/neness.pl\/blog\/wp-content\/uploads\/2020\/10\/35596_0_K-610x610.jpg 610w, https:\/\/neness.pl\/blog\/wp-content\/uploads\/2020\/10\/35596_0_K-440x440.jpg 440w, https:\/\/neness.pl\/blog\/wp-content\/uploads\/2020\/10\/35596_0_K.jpg 804w\" sizes=\"auto, (max-width: 300px) 100vw, 300px\" \/><p id=\"caption-attachment-7828\" class=\"wp-caption-text\"><em>Healthy Mix BB Cream lekki krem BB do twarzy 03 Dark 30ml<\/em><\/p><\/div>\n<p style=\"text-align: justify;\">\n<p style=\"text-align: justify;\"><span style=\"font-weight: 400;\">Najcz\u0119\u015bciej rozpoczyna si\u0119 od odpowiedniego przygotowania cery. Po oczyszczeniu twarzy i zaaplikowaniu toniku, serum lub kremu, przychodzi pora na <strong>rozprowadzenie podk\u0142adu<\/strong>, fluidu czy kremu BB i roz\u015bwietlenie cery przy u\u017cyciu roz\u015bwietlacza w neutralnym odcieniu. Kolejny krok to wykonanie makija\u017cu oczu oraz zadbanie o ich opraw\u0119. Gdy sk\u00f3ra, oczy i brwi s\u0105 ju\u017c\u00a0 gotowe, mo\u017cna delikatnie podkre\u015bli\u0107 usta, np. si\u0119gaj\u0105c po <strong>modnego nudziaka<\/strong> albo b\u0142yszczyk o dzia\u0142aniu nawil\u017caj\u0105cym.\u00a0<\/span><\/p>\n<h3 style=\"text-align: justify;\"><strong>Makija\u017c wieczorowy<\/strong><\/h3>\n<p style=\"text-align: justify;\"><span style=\"font-weight: 400;\">W makija\u017cu wieczorowym pierwsze skrzypce graj\u0105 produkty o mocniejszym kryciu, tre\u015bciwszej formule i <strong>intensywniejszych kolorach<\/strong>. Kosmetyki nie tylko efektownie podkre\u015blaj\u0105 urod\u0119, ale przede wszystkim pozwalaj\u0105 zaprezentowa\u0107 si\u0119 w zupe\u0142nie nowym wydaniu. Ten make-up zwykle zaczyna si\u0119 od <strong>pomalowania oczu<\/strong>, a dopiero po nich nadchodzi czas na twarz, brwi oraz usta.\u00a0<\/span><\/p>\n<div id=\"attachment_7829\" style=\"width: 210px\" class=\"wp-caption aligncenter\"><img loading=\"lazy\" decoding=\"async\" aria-describedby=\"caption-attachment-7829\" class=\"wp-image-7829\" src=\"http:\/\/ranking-kosmetykow.pl\/wp-content\/uploads\/2020\/10\/46136_0_K.jpg\" alt=\"\" width=\"200\" height=\"200\" srcset=\"https:\/\/neness.pl\/blog\/wp-content\/uploads\/2020\/10\/46136_0_K.jpg 300w, https:\/\/neness.pl\/blog\/wp-content\/uploads\/2020\/10\/46136_0_K-150x150.jpg 150w\" sizes=\"auto, (max-width: 200px) 100vw, 200px\" \/><p id=\"caption-attachment-7829\" class=\"wp-caption-text\"><em>Smoky Stories Quad Eyeshadow Palette cienie do powiek 12 Saumondaine 3,2g<\/em><\/p><\/div>\n<p style=\"text-align: justify;\">\n<p style=\"text-align: justify;\"><span style=\"font-weight: 400;\">Zachowanie takiej kolejno\u015bci pozwala na zaoszcz\u0119dzenie sporej ilo\u015bci <strong>czasu i nerw\u00f3w<\/strong>. Je\u015bli cienie do powiek o intensywnej pigmentacji obsypi\u0105 si\u0119 na sk\u00f3r\u0119 pod oczami, przed u\u017cyciem podk\u0142adu wystarczy delikatnie musn\u0105\u0107 te miejsca wacikiem. Je\u015bli jednak cienie obsypa\u0142yby si\u0119 tam, gdzie ju\u017c na\u0142o\u017cono podk\u0142ad, pozbycie si\u0119 py\u0142ku by\u0142oby <strong>bardziej k\u0142opotliwe<\/strong>. Najpierw nale\u017ca\u0142oby oczy\u015bci\u0107 t\u0119 parti\u0119 twarzy, a nast\u0119pnie ponownie zaaplikowa\u0107 podk\u0142ad i korektor w taki spos\u00f3b, \u017ceby poprawka pozosta\u0142a niezauwa\u017cona.\u00a0<\/span><\/p>\n<h3 style=\"text-align: justify;\"><strong>Podsumowanie<\/strong><\/h3>\n<p style=\"text-align: justify;\"><span style=\"font-weight: 400;\">W makija\u017cu dziennym najcz\u0119\u015bciej po\u015bwi\u0119ca si\u0119 uwag\u0119 najpierw cerze, a dopiero p\u00f3\u017aniej oczom, z kolei w wieczorowym ze wzgl\u0119d\u00f3w praktycznych \u2013 rozpoczyna si\u0119 od zadbania o <strong>spojrzenie<\/strong>. Mimo \u017ce jest to najcz\u0119\u015bciej stosowana kolejno\u015b\u0107, mo\u017cna swobodnie j\u0105 modyfikowa\u0107. Je\u015bli dopiero uczysz si\u0119 makija\u017cu, przetestuj\u00a0te metody i sprawd\u017a, kt\u00f3ra jest dla Ciebie <strong>wygodniejsza<\/strong>. A je\u015bli make-up nie ma przed Tob\u0105 tajemnic, od czasu do czasu pozw\u00f3l sobie na urozmaicenie wypracowanej rutyny.\u00a0<\/span><\/p>\n","protected":false},"excerpt":{"rendered":"<p>Ile mi\u0142o\u015bniczek makija\u017cu, tyle r\u00f3\u017cnych sposob\u00f3w jego wykonania. A co z kolejno\u015bci\u0105 aplikacji kolorowych kosmetyk\u00f3w \u2013 czy istnieje uniwersalna? Spr\u00f3bujmy razem przeanalizowa\u0107 wady i zalety ka\u017cdego rozwi\u0105zania oraz znale\u017a\u0107 odpowied\u017a na to pytanie.\u00a0<\/p>\n","protected":false},"author":2,"featured_media":7826,"comment_status":"open","ping_status":"open","sticky":false,"template":"","format":"standard","meta":{"_et_pb_use_builder":"","_et_pb_old_content":"","_et_gb_content_width":"","footnotes":""},"categories":[41],"tags":[],"class_list":["post-7825","post","type-post","status-publish","format-standard","has-post-thumbnail","hentry","category-olsniewaj-makijazem","et-has-post-format-content","et_post_format-et-post-format-standard"],"_links":{"self":[{"href":"https:\/\/neness.pl\/blog\/wp-json\/wp\/v2\/posts\/7825","targetHints":{"allow":["GET"]}}],"collection":[{"href":"https:\/\/neness.pl\/blog\/wp-json\/wp\/v2\/posts"}],"about":[{"href":"https:\/\/neness.pl\/blog\/wp-json\/wp\/v2\/types\/post"}],"author":[{"embeddable":true,"href":"https:\/\/neness.pl\/blog\/wp-json\/wp\/v2\/users\/2"}],"replies":[{"embeddable":true,"href":"https:\/\/neness.pl\/blog\/wp-json\/wp\/v2\/comments?post=7825"}],"version-history":[{"count":0,"href":"https:\/\/neness.pl\/blog\/wp-json\/wp\/v2\/posts\/7825\/revisions"}],"wp:featuredmedia":[{"embeddable":true,"href":"https:\/\/neness.pl\/blog\/wp-json\/wp\/v2\/media\/7826"}],"wp:attachment":[{"href":"https:\/\/neness.pl\/blog\/wp-json\/wp\/v2\/media?parent=7825"}],"wp:term":[{"taxonomy":"category","embeddable":true,"href":"https:\/\/neness.pl\/blog\/wp-json\/wp\/v2\/categories?post=7825"},{"taxonomy":"post_tag","embeddable":true,"href":"https:\/\/neness.pl\/blog\/wp-json\/wp\/v2\/tags?post=7825"}],"curies":[{"name":"wp","href":"https:\/\/api.w.org\/{rel}","templated":true}]}}