{"id":7813,"date":"2020-10-21T13:39:51","date_gmt":"2020-10-21T11:39:51","guid":{"rendered":"http:\/\/ranking-kosmetykow.pl\/?p=7813"},"modified":"2020-10-21T13:39:51","modified_gmt":"2020-10-21T11:39:51","slug":"czy-mozna-oszczedzac-wode-rowniez-podczas-mycia-wlosow","status":"publish","type":"post","link":"https:\/\/neness.pl\/blog\/czy-mozna-oszczedzac-wode-rowniez-podczas-mycia-wlosow\/","title":{"rendered":"Czy mo\u017cna oszcz\u0119dza\u0107 wod\u0119 r\u00f3wnie\u017c podczas mycia w\u0142os\u00f3w?"},"content":{"rendered":"<p style=\"text-align: justify;\"><strong>Myjesz warzywa i owoce w misce, gotujesz na parze, korzystasz z trybu eco w urz\u0105dzeniach i zastanawiasz si\u0119, co jeszcze warto robi\u0107, \u017ceby ograniczy\u0107 ilo\u015b\u0107 zu\u017cywanej w domu wody? A czy pomy\u015bla\u0142aby\u015b, \u017ce spor\u0105 jej ilo\u015b\u0107 mo\u017cesz zaoszcz\u0119dzi\u0107 te\u017c podczas mycia w\u0142os\u00f3w? O tym jak my\u0107 sk\u00f3r\u0119 g\u0142owy i pasma skutecznie, a zarazem oszcz\u0119dnie, przeczytasz poni\u017cej.\u00a0<\/strong><\/p>\n<p style=\"text-align: justify;\"><!--more--><\/p>\n<h3 style=\"text-align: justify;\"><strong>Ogranicz ilo\u015b\u0107 aplikowanych kosmetyk\u00f3w<\/strong><\/h3>\n<p style=\"text-align: justify;\"><span style=\"font-weight: 400;\">\u017beby w\u0142osy po wysuszeniu wygl\u0105da\u0142y \u015bwie\u017co i lekko, ka\u017cdy na\u0142o\u017cony na nie przed i w trakcie mycia produkt powinien zosta\u0107 <strong>dok\u0142adnie sp\u0142ukany<\/strong>. Warto jednak pami\u0119ta\u0107, \u017ce im wi\u0119ksz\u0105 ilo\u015b\u0107 preparatu zaaplikujesz, tym jego zmywanie b\u0119dzie bardziej czasoch\u0142onne i\u00a0wymusi <strong>konieczno\u015b\u0107<\/strong> wykorzystania dodatkowych litr\u00f3w wody.\u00a0<\/span><\/p>\n<div id=\"attachment_7814\" style=\"width: 310px\" class=\"wp-caption aligncenter\"><img loading=\"lazy\" decoding=\"async\" aria-describedby=\"caption-attachment-7814\" class=\"wp-image-7814 size-medium\" src=\"http:\/\/ranking-kosmetykow.pl\/wp-content\/uploads\/2020\/10\/20225_0_K-300x300.jpg\" alt=\"\" width=\"300\" height=\"300\" srcset=\"https:\/\/neness.pl\/blog\/wp-content\/uploads\/2020\/10\/20225_0_K-300x300.jpg 300w, https:\/\/neness.pl\/blog\/wp-content\/uploads\/2020\/10\/20225_0_K-150x150.jpg 150w, https:\/\/neness.pl\/blog\/wp-content\/uploads\/2020\/10\/20225_0_K-440x440.jpg 440w, https:\/\/neness.pl\/blog\/wp-content\/uploads\/2020\/10\/20225_0_K.jpg 600w\" sizes=\"auto, (max-width: 300px) 100vw, 300px\" \/><p id=\"caption-attachment-7814\" class=\"wp-caption-text\">Naturalny olej arganowy 50ml<\/p><\/div>\n<p style=\"text-align: justify;\">\n<p style=\"text-align: justify;\"><span style=\"font-weight: 400;\">Najprostszym sposobem na zmniejszenie zu\u017cycia \u015bwie\u017cej wody jest wi\u0119c ograniczenie ilo\u015bci nak\u0142adanych na w\u0142osy kosmetyk\u00f3w. Wcieraj\u0105c w nie tylko<strong> niewielk\u0105 ilo\u015b\u0107 <\/strong>olejku, zmyjesz go du\u017co szybciej ni\u017c wtedy, gdy wylejesz na pasma kilka g\u0142\u0119bokich \u0142y\u017cek. A u\u017cywaj\u0105c mniejszej ilo\u015bci szamponu, o wiele sprawniej pozb\u0119dziesz si\u0119<strong> piany<\/strong>.<\/span><\/p>\n<h3 style=\"text-align: justify;\"><strong>Do wanny w\u0142\u00f3\u017c misk\u0119 lub wiaderko\u00a0<\/strong><\/h3>\n<p style=\"text-align: justify;\"><span style=\"font-weight: 400;\">Zanim z kranu zacznie wydobywa\u0107 si\u0119 ciep\u0142a, nadaj\u0105ca si\u0119 do mycia woda, przez kilka chwil wylatuje z niego r\u00f3wnie czysta, ale o mniej przyjemnej temperaturze. Zamiast pozwoli\u0107 jej po prostu znika\u0107 bez \u015bladu,<strong> zbieraj j\u0105<\/strong> do umieszczonej w wannie miski albo wiaderka. Zebran\u0105 wod\u0119 mo\u017cesz wykorzysta\u0107 np. do <strong>podlania ro\u015blin<\/strong>. Je\u015bli chcesz zbiera\u0107 te\u017c\u00a0t\u0119 u\u017cywan\u0105\u00a0do sp\u0142ukiwania w\u0142os\u00f3w, pami\u0119taj, \u017ce woda z dodatkiem piany czy pozosta\u0142o\u015bci olejku, nie mo\u017ce by\u0107\u00a0stosowana do piel\u0119gnacji kwiat\u00f3w i zi\u00f3\u0142. Sprawdzi si\u0119 natomiast \u015bwietnie podczas\u00a0<strong>domowych porz\u0105dk\u00f3w<\/strong>.<\/span><\/p>\n<h3 style=\"text-align: justify;\"><strong>Pomy\u015bl o zakupie perlatora\u00a0<\/strong><\/h3>\n<p style=\"text-align: justify;\"><span style=\"font-weight: 400;\">Wspomniane wcze\u015bniej pomys\u0142y mo\u017cesz wcieli\u0107 w \u017cycie od razu i bez ponoszenia koszt\u00f3w. Je\u015bli jednak mo\u017cesz pozwoli\u0107 sobie na wydatek w postaci kilkudziesi\u0119ciu z\u0142otych, pomy\u015bl o zakupie perlatora. Jest to <strong>specjalna nak\u0142adka<\/strong>, kt\u00f3ra sprawia, \u017ce woda wydobywa si\u0119 z kranu pod wi\u0119kszym ci\u015bnieniem, ale w rzeczywisto\u015bci jest jej mniej. Pozwala wi\u0119c na ograniczenie zu\u017cycia wody, bez zmniejszania <strong>komfortu<\/strong> u\u017cytkownik\u00f3w.\u00a0<\/span><\/p>\n<div id=\"attachment_7815\" style=\"width: 129px\" class=\"wp-caption aligncenter\"><img loading=\"lazy\" decoding=\"async\" aria-describedby=\"caption-attachment-7815\" class=\"size-medium wp-image-7815\" src=\"http:\/\/ranking-kosmetykow.pl\/wp-content\/uploads\/2020\/10\/22033_0_K-119x300.jpg\" alt=\"\" width=\"119\" height=\"300\" srcset=\"https:\/\/neness.pl\/blog\/wp-content\/uploads\/2020\/10\/22033_0_K-119x300.jpg 119w, https:\/\/neness.pl\/blog\/wp-content\/uploads\/2020\/10\/22033_0_K.jpg 350w\" sizes=\"auto, (max-width: 119px) 100vw, 119px\" \/><p id=\"caption-attachment-7815\" class=\"wp-caption-text\"><em>Elseve Fibralogy szampon ekspansja g\u0119sto\u015bci 400ml<\/em><\/p><\/div>\n<p style=\"text-align: justify;\">\n<p style=\"text-align: justify;\"><span style=\"font-weight: 400;\">Szacuje si\u0119, \u017ce perlator montowany na zako\u0144czeniu baterii umo\u017cliwia zmniejszenie zu\u017cycia wody o oko\u0142o 2 litry na minut\u0119. Tylko pomy\u015bl, jak\u0105 ilo\u015b\u0107 wody mog\u0142aby\u015b wi\u0119c zaoszcz\u0119dzi\u0107 tylko w ci\u0105gu <strong>jednego mycia<\/strong> w\u0142os\u00f3w, a nast\u0119pnie\u00a0pomn\u00f3\u017c\u00a0j\u0105 przez \u015bredni\u0105 liczb\u0119 takich zabieg\u00f3w wykonywanych w trakcie miesi\u0105ca i <strong>ca\u0142ego roku<\/strong>. Czy na Tobie te\u017c robi to tak du\u017ce wra\u017cenie?\u00a0<\/span><\/p>\n","protected":false},"excerpt":{"rendered":"<p>Myjesz warzywa i owoce w misce, gotujesz na parze, korzystasz z trybu eco w urz\u0105dzeniach i zastanawiasz si\u0119, co jeszcze warto robi\u0107, \u017ceby ograniczy\u0107 ilo\u015b\u0107 zu\u017cywanej w domu wody? A czy pomy\u015bla\u0142aby\u015b, \u017ce spor\u0105 jej ilo\u015b\u0107 mo\u017cesz zaoszcz\u0119dzi\u0107 te\u017c podczas mycia w\u0142os\u00f3w? O tym jak my\u0107 sk\u00f3r\u0119 g\u0142owy i pasma skutecznie, a zarazem oszcz\u0119dnie, przeczytasz [&hellip;]<\/p>\n","protected":false},"author":2,"featured_media":7816,"comment_status":"open","ping_status":"open","sticky":false,"template":"","format":"standard","meta":{"_et_pb_use_builder":"","_et_pb_old_content":"","_et_gb_content_width":"","footnotes":""},"categories":[48],"tags":[],"class_list":["post-7813","post","type-post","status-publish","format-standard","has-post-thumbnail","hentry","category-wlosy-idealne","et-has-post-format-content","et_post_format-et-post-format-standard"],"_links":{"self":[{"href":"https:\/\/neness.pl\/blog\/wp-json\/wp\/v2\/posts\/7813","targetHints":{"allow":["GET"]}}],"collection":[{"href":"https:\/\/neness.pl\/blog\/wp-json\/wp\/v2\/posts"}],"about":[{"href":"https:\/\/neness.pl\/blog\/wp-json\/wp\/v2\/types\/post"}],"author":[{"embeddable":true,"href":"https:\/\/neness.pl\/blog\/wp-json\/wp\/v2\/users\/2"}],"replies":[{"embeddable":true,"href":"https:\/\/neness.pl\/blog\/wp-json\/wp\/v2\/comments?post=7813"}],"version-history":[{"count":0,"href":"https:\/\/neness.pl\/blog\/wp-json\/wp\/v2\/posts\/7813\/revisions"}],"wp:featuredmedia":[{"embeddable":true,"href":"https:\/\/neness.pl\/blog\/wp-json\/wp\/v2\/media\/7816"}],"wp:attachment":[{"href":"https:\/\/neness.pl\/blog\/wp-json\/wp\/v2\/media?parent=7813"}],"wp:term":[{"taxonomy":"category","embeddable":true,"href":"https:\/\/neness.pl\/blog\/wp-json\/wp\/v2\/categories?post=7813"},{"taxonomy":"post_tag","embeddable":true,"href":"https:\/\/neness.pl\/blog\/wp-json\/wp\/v2\/tags?post=7813"}],"curies":[{"name":"wp","href":"https:\/\/api.w.org\/{rel}","templated":true}]}}