{"id":7792,"date":"2020-10-19T16:55:39","date_gmt":"2020-10-19T14:55:39","guid":{"rendered":"http:\/\/ranking-kosmetykow.pl\/?p=7792"},"modified":"2020-10-19T16:55:39","modified_gmt":"2020-10-19T14:55:39","slug":"dlaczego-wlosy-siwieja","status":"publish","type":"post","link":"https:\/\/neness.pl\/blog\/dlaczego-wlosy-siwieja\/","title":{"rendered":"Dlaczego w\u0142osy siwiej\u0105?"},"content":{"rendered":"<p style=\"text-align: justify;\"><strong>Jakie s\u0105 najcz\u0119stsze przyczyny siwienia? Czy mo\u017cna osiwie\u0107 w ci\u0105gu jednego dnia? I wreszcie \u2013 co robi\u0107, \u017ceby siwe w\u0142osy wygl\u0105da\u0142y na zadbane i wypiel\u0119gnowane?<\/strong><\/p>\n<p style=\"text-align: justify;\"><!--more--><\/p>\n<h3 style=\"text-align: justify;\"><strong>Przyczyny siwienia w\u0142os\u00f3w<\/strong><\/h3>\n<p style=\"text-align: justify;\"><span style=\"font-weight: 400;\">Naturalny kolor w\u0142os\u00f3w jest zale\u017cny od <strong>zawarto\u015bci melaniny<\/strong> \u2013 barwnika produkowanego w melanocytach. Wyst\u0119puj\u0105 one w cebulce w\u0142osa, pomi\u0119dzy kom\u00f3rkami rozrodczymi. Gdy ich aktywno\u015b\u0107 spada, rozpoczyna si\u0119 proces siwienia, a pasma trac\u0105 kolor. Mimo \u017ce sprawiaj\u0105 wra\u017cenie bia\u0142ych lub siwych, w rzeczywisto\u015bci staj\u0105 si\u0119 <strong>przezroczyste<\/strong>.\u00a0<\/span><\/p>\n<div id=\"attachment_7794\" style=\"width: 310px\" class=\"wp-caption aligncenter\"><img loading=\"lazy\" decoding=\"async\" aria-describedby=\"caption-attachment-7794\" class=\"size-medium wp-image-7794\" src=\"http:\/\/ranking-kosmetykow.pl\/wp-content\/uploads\/2020\/10\/11922_0_K-300x300.jpg\" alt=\"\" width=\"300\" height=\"300\" srcset=\"https:\/\/neness.pl\/blog\/wp-content\/uploads\/2020\/10\/11922_0_K-300x300.jpg 300w, https:\/\/neness.pl\/blog\/wp-content\/uploads\/2020\/10\/11922_0_K-150x150.jpg 150w, https:\/\/neness.pl\/blog\/wp-content\/uploads\/2020\/10\/11922_0_K-768x768.jpg 768w, https:\/\/neness.pl\/blog\/wp-content\/uploads\/2020\/10\/11922_0_K-610x610.jpg 610w, https:\/\/neness.pl\/blog\/wp-content\/uploads\/2020\/10\/11922_0_K-440x440.jpg 440w, https:\/\/neness.pl\/blog\/wp-content\/uploads\/2020\/10\/11922_0_K.jpg 1000w\" sizes=\"auto, (max-width: 300px) 100vw, 300px\" \/><p id=\"caption-attachment-7794\" class=\"wp-caption-text\"><em>Salon Professional Color Care szampon do w\u0142os\u00f3w blond i siwych Platinium 200ml<\/em><\/p><\/div>\n<p style=\"text-align: justify;\">\n<p style=\"text-align: justify;\"><span style=\"font-weight: 400;\">Nie mo\u017cna przewidzie\u0107, kiedy dok\u0142adnie w\u0142osy zaczn\u0105 siwie\u0107, poniewa\u017c jest to <strong>indywidualna<\/strong> i zale\u017cna od wielu czynnik\u00f3w kwestia. Do <strong>najcz\u0119stszych powod\u00f3w<\/strong> siwienia nale\u017c\u0105:<\/span><\/p>\n<ul style=\"text-align: justify;\">\n<li style=\"font-weight: 400;\"><span style=\"font-weight: 400;\">predyspozycje genetyczne<\/span><\/li>\n<li style=\"font-weight: 400;\"><span style=\"font-weight: 400;\">niehigieniczny tryb \u017cycia<\/span><\/li>\n<li style=\"font-weight: 400;\"><span style=\"font-weight: 400;\">nieodpowiednia dieta<\/span><\/li>\n<li style=\"font-weight: 400;\"><span style=\"font-weight: 400;\">silny, d\u0142ugotrwa\u0142y stres<\/span><\/li>\n<li style=\"font-weight: 400;\"><span style=\"font-weight: 400;\">choroby (np. tarczycy)<\/span><\/li>\n<\/ul>\n<p style=\"text-align: justify;\"><span style=\"font-weight: 400;\">Je\u015bli w\u0142osy staj\u0105 si\u0119 siwe u os\u00f3b w m\u0142odym wieku, oko\u0142o 20. roku \u017cycia, taki proces okre\u015bla si\u0119 jako <strong>siwienie przedwczesne<\/strong>. Tak\u017ce i w tym przypadku warto um\u00f3wi\u0107 si\u0119 na wizyt\u0119 do lekarza oraz wykona\u0107 niezb\u0119dne badania w celu zdiagnozowania ewentualnych problem\u00f3w zdrowotnych.\u00a0<\/span><\/p>\n<div id=\"attachment_7795\" style=\"width: 310px\" class=\"wp-caption aligncenter\"><img loading=\"lazy\" decoding=\"async\" aria-describedby=\"caption-attachment-7795\" class=\"size-medium wp-image-7795\" src=\"http:\/\/ranking-kosmetykow.pl\/wp-content\/uploads\/2020\/10\/8002_0_K-300x300.jpg\" alt=\"\" width=\"300\" height=\"300\" srcset=\"https:\/\/neness.pl\/blog\/wp-content\/uploads\/2020\/10\/8002_0_K-300x300.jpg 300w, https:\/\/neness.pl\/blog\/wp-content\/uploads\/2020\/10\/8002_0_K-150x150.jpg 150w, https:\/\/neness.pl\/blog\/wp-content\/uploads\/2020\/10\/8002_0_K-440x440.jpg 440w, https:\/\/neness.pl\/blog\/wp-content\/uploads\/2020\/10\/8002_0_K.jpg 600w\" sizes=\"auto, (max-width: 300px) 100vw, 300px\" \/><p id=\"caption-attachment-7795\" class=\"wp-caption-text\"><em>Live Silver Shampoo szampon do w\u0142os\u00f3w neutralizuj\u0105cy \u017c\u00f3\u0142ty odcie\u0144 200ml<\/em><\/p><\/div>\n<p style=\"text-align: justify;\">\n<p style=\"text-align: justify;\"><span style=\"font-weight: 400;\">Czy mo\u017cna osiwie\u0107 w ci\u0105gu jednego dnia? Siwienie w\u0142os\u00f3w to z\u0142o\u017cony proces. Zdarza si\u0119 jednak, \u017ce w wyniku do\u015bwiadczenia powoduj\u0105cego bardzo<strong>\u00a0silny stres<\/strong>, smutek czy w\u015bciek\u0142o\u015b\u0107, zostaje on przyspieszony. W\u0142osy zmieniaj\u0105 barw\u0119 nieoczekiwanie, np. w ci\u0105gu <strong>kilkunastu dni<\/strong> od wyst\u0105pienia ekstremalnego wydarzenia. Takie nag\u0142e osiwienie nazywane jest <\/span><em><span style=\"font-weight: 400;\">syndromem Marii Antoniny<\/span><\/em><span style=\"font-weight: 400;\">.<\/span><\/p>\n<h3 style=\"text-align: justify;\"><strong>Jak piel\u0119gnowa\u0107 siwe w\u0142osy?<\/strong><\/h3>\n<p style=\"text-align: justify;\"><span style=\"font-weight: 400;\">\u017beby siwe w\u0142osy wygl\u0105da\u0142y na zadbane, nie musisz przeprowadza\u0107 rewolucji i wymienia\u0107 wszystkich kosmetyk\u00f3w. Wystarczy, \u017ce wyposa\u017cysz si\u0119 w dobrej jako\u015bci\u00a0od\u017cywk\u0119 o silnym dzia\u0142aniu <strong>nawil\u017caj\u0105cym<\/strong> i <strong>delikatny preparat<\/strong> do mycia sk\u00f3ry g\u0142owy. Podczas <strong>jesieni i zimy<\/strong> przyda si\u0119 te\u017c serum albo olejek do zabezpieczenia ko\u0144c\u00f3wek przed otarciami, a wiosn\u0105 i latem \u2013 mgie\u0142ka chroni\u0105ca przed intensywnym dzia\u0142aniem s\u0142o\u0144ca.\u00a0<\/span><\/p>\n<div id=\"attachment_7796\" style=\"width: 184px\" class=\"wp-caption aligncenter\"><img loading=\"lazy\" decoding=\"async\" aria-describedby=\"caption-attachment-7796\" class=\"wp-image-7796 size-medium\" src=\"http:\/\/ranking-kosmetykow.pl\/wp-content\/uploads\/2020\/10\/7468_0_K-174x300.jpg\" alt=\"\" width=\"174\" height=\"300\" srcset=\"https:\/\/neness.pl\/blog\/wp-content\/uploads\/2020\/10\/7468_0_K-174x300.jpg 174w, https:\/\/neness.pl\/blog\/wp-content\/uploads\/2020\/10\/7468_0_K.jpg 580w\" sizes=\"auto, (max-width: 174px) 100vw, 174px\" \/><p id=\"caption-attachment-7796\" class=\"wp-caption-text\"><em>Vegan szampon intensywnie nawil\u017caj\u0105cy Baobab 300ml<\/em><\/p><\/div>\n<p style=\"text-align: justify;\">\n<p style=\"text-align: justify;\"><span style=\"font-weight: 400;\">Zdarza si\u0119, \u017ce siwe w\u0142osy zmieniaj\u0105 odcie\u0144 na \u017c\u00f3\u0142ty i staj\u0105 si\u0119 matowe. Aby zneutralizowa\u0107 <strong>\u017c\u00f3\u0142te tony<\/strong> oraz przywr\u00f3ci\u0107 pasmom blask \u015bwiadcz\u0105cy o ich dobrej kondycji, mo\u017cna u\u017cywa\u0107 fioletowych lub niebieskich szampon\u00f3w, od\u017cywek czy masek. Warto jednak pami\u0119ta\u0107, \u017ce takie produkty stanowi\u0105 <strong>dodatkowy<\/strong>, a nie podstawowy element piel\u0119gnacji. Nie nale\u017cy wi\u0119c stosowa\u0107 ich przy ka\u017cdym myciu, lecz np. 1-2 razy w tygodniu.\u00a0<\/span><\/p>\n","protected":false},"excerpt":{"rendered":"<p>Jakie s\u0105 najcz\u0119stsze przyczyny siwienia? Czy mo\u017cna osiwie\u0107 w ci\u0105gu jednego dnia? I wreszcie \u2013 co robi\u0107, \u017ceby siwe w\u0142osy wygl\u0105da\u0142y na zadbane i wypiel\u0119gnowane?<\/p>\n","protected":false},"author":2,"featured_media":7793,"comment_status":"open","ping_status":"open","sticky":false,"template":"","format":"standard","meta":{"_et_pb_use_builder":"","_et_pb_old_content":"","_et_gb_content_width":"","footnotes":""},"categories":[48],"tags":[],"class_list":["post-7792","post","type-post","status-publish","format-standard","has-post-thumbnail","hentry","category-wlosy-idealne","et-has-post-format-content","et_post_format-et-post-format-standard"],"_links":{"self":[{"href":"https:\/\/neness.pl\/blog\/wp-json\/wp\/v2\/posts\/7792","targetHints":{"allow":["GET"]}}],"collection":[{"href":"https:\/\/neness.pl\/blog\/wp-json\/wp\/v2\/posts"}],"about":[{"href":"https:\/\/neness.pl\/blog\/wp-json\/wp\/v2\/types\/post"}],"author":[{"embeddable":true,"href":"https:\/\/neness.pl\/blog\/wp-json\/wp\/v2\/users\/2"}],"replies":[{"embeddable":true,"href":"https:\/\/neness.pl\/blog\/wp-json\/wp\/v2\/comments?post=7792"}],"version-history":[{"count":0,"href":"https:\/\/neness.pl\/blog\/wp-json\/wp\/v2\/posts\/7792\/revisions"}],"wp:featuredmedia":[{"embeddable":true,"href":"https:\/\/neness.pl\/blog\/wp-json\/wp\/v2\/media\/7793"}],"wp:attachment":[{"href":"https:\/\/neness.pl\/blog\/wp-json\/wp\/v2\/media?parent=7792"}],"wp:term":[{"taxonomy":"category","embeddable":true,"href":"https:\/\/neness.pl\/blog\/wp-json\/wp\/v2\/categories?post=7792"},{"taxonomy":"post_tag","embeddable":true,"href":"https:\/\/neness.pl\/blog\/wp-json\/wp\/v2\/tags?post=7792"}],"curies":[{"name":"wp","href":"https:\/\/api.w.org\/{rel}","templated":true}]}}