{"id":7682,"date":"2020-10-06T17:12:02","date_gmt":"2020-10-06T15:12:02","guid":{"rendered":"http:\/\/ranking-kosmetykow.pl\/?p=7682"},"modified":"2020-10-06T17:12:02","modified_gmt":"2020-10-06T15:12:02","slug":"stylizacje-paznokci-inspirowane-jesiennym-krajobrazem","status":"publish","type":"post","link":"https:\/\/neness.pl\/blog\/stylizacje-paznokci-inspirowane-jesiennym-krajobrazem\/","title":{"rendered":"Stylizacje paznokci inspirowane jesiennym krajobrazem"},"content":{"rendered":"<p style=\"text-align: justify;\"><strong>Brakuje Ci pomys\u0142u na elegancki i klimatyczny manicure? Zainspiruj si\u0119 jesiennym krajobrazem i przenie\u015b charakterystyczne dla tej pory roku barwy na p\u0142ytk\u0119 paznokci. Jak po\u0142\u0105czy\u0107 te odcienie, \u017ceby stworzy\u0107 interesuj\u0105ce stylizacje? Skorzystaj z naszych podpowiedzi.\u00a0<\/strong><\/p>\n<p style=\"text-align: justify;\"><!--more--><\/p>\n<h3 style=\"text-align: justify;\"><strong>Kilka odcieni br\u0105zu na raz<\/strong><\/h3>\n<p style=\"text-align: justify;\"><span style=\"font-weight: 400;\">Podczas spaceru w parku lub przeja\u017cd\u017cki rowerowej po mniej ruchliwej cz\u0119\u015bci miasta mo\u017cna zachwyci\u0107 si\u0119 <strong>bogactwem barw<\/strong>, w jakie stroj\u0105 si\u0119 drzewa. W\u015br\u00f3d nich szczeg\u00f3lnie dostojnie prezentuj\u0105 si\u0119 br\u0105zy \u2013 np. cynamonowy, kasztanowy, orzechowy,<strong> czekoladowy<\/strong>\u00a0oraz herbaciany. Co\u00a0mo\u017cesz zrobi\u0107, je\u015bli nie potrafisz zdecydowa\u0107 si\u0119 tylko na jeden? Zbierz je wszystkie i po\u0142\u0105cz w jednym manicure, maluj\u0105c ka\u017cdy paznokie\u0107 na <strong>inny odcie\u0144 br\u0105zu<\/strong> i powielaj\u0105c ten schemat na paznokciach u drugiej d\u0142oni.\u00a0<\/span><\/p>\n<div id=\"attachment_7687\" style=\"width: 310px\" class=\"wp-caption aligncenter\"><img loading=\"lazy\" decoding=\"async\" aria-describedby=\"caption-attachment-7687\" class=\"size-medium wp-image-7687\" src=\"http:\/\/ranking-kosmetykow.pl\/wp-content\/uploads\/2020\/10\/10031_0_K-300x300.jpg\" alt=\"\" width=\"300\" height=\"300\" srcset=\"https:\/\/neness.pl\/blog\/wp-content\/uploads\/2020\/10\/10031_0_K-300x300.jpg 300w, https:\/\/neness.pl\/blog\/wp-content\/uploads\/2020\/10\/10031_0_K-150x150.jpg 150w, https:\/\/neness.pl\/blog\/wp-content\/uploads\/2020\/10\/10031_0_K-768x768.jpg 768w, https:\/\/neness.pl\/blog\/wp-content\/uploads\/2020\/10\/10031_0_K-610x610.jpg 610w, https:\/\/neness.pl\/blog\/wp-content\/uploads\/2020\/10\/10031_0_K-440x440.jpg 440w, https:\/\/neness.pl\/blog\/wp-content\/uploads\/2020\/10\/10031_0_K.jpg 1000w\" sizes=\"auto, (max-width: 300px) 100vw, 300px\" \/><p id=\"caption-attachment-7687\" class=\"wp-caption-text\"><em>Flexy Hybrid Gel lakier hybrydowy 137 4.5g<\/em><\/p><\/div>\n<h3 style=\"text-align: justify;\"><strong>Mocny, czerwony akcent<\/strong><\/h3>\n<p style=\"text-align: justify;\"><span style=\"font-weight: 400;\">Jesie\u0144 bywa dla nas naprawd\u0119 \u0142askawa, gdy rozpieszcza nas dniami <strong>pe\u0142nymi s\u0142o\u0144ca i ciep\u0142a<\/strong>. Podczas takich s\u0142onecznych, przyjemnych chwil odejd\u017a od komputera i wyjd\u017a na \u015bwie\u017ce powietrze. Przyjrzyj si\u0119, jak wygl\u0105daj\u0105 li\u015bcie, na kt\u00f3re padaj\u0105 promienie s\u0142oneczne. Prawda, \u017ce sta\u0142y si\u0119 bardziej jaskrawe i zacz\u0119\u0142y przybiera\u0107 <strong>ogniste barwy<\/strong>? Czy tak niesamowicie mog\u0105 wygl\u0105da\u0107 tak\u017ce i Twoje paznokcie? Zdecydowanie tak! Wystarczy, \u017ce:<\/span><\/p>\n<ul style=\"text-align: justify;\">\n<li style=\"font-weight: 400;\"><span style=\"font-weight: 400;\">pomalujesz je czerwonym lakierem i ozdobisz je z\u0142otymi, fantazyjnymi wzorami\u00a0<\/span><\/li>\n<li style=\"font-weight: 400;\"><span style=\"font-weight: 400;\">na paznokciach pomalowanych czerwonym lakierem hybrydowym odbijesz czerwon\u0105 foli\u0119 transferow\u0105<\/span><\/li>\n<\/ul>\n<p>&nbsp;<\/p>\n<div id=\"attachment_7685\" style=\"width: 310px\" class=\"wp-caption aligncenter\"><img loading=\"lazy\" decoding=\"async\" aria-describedby=\"caption-attachment-7685\" class=\"size-medium wp-image-7685\" src=\"http:\/\/ranking-kosmetykow.pl\/wp-content\/uploads\/2020\/10\/10043_0_K-300x300.jpg\" alt=\"\" width=\"300\" height=\"300\" srcset=\"https:\/\/neness.pl\/blog\/wp-content\/uploads\/2020\/10\/10043_0_K-300x300.jpg 300w, https:\/\/neness.pl\/blog\/wp-content\/uploads\/2020\/10\/10043_0_K-150x150.jpg 150w, https:\/\/neness.pl\/blog\/wp-content\/uploads\/2020\/10\/10043_0_K-768x768.jpg 768w, https:\/\/neness.pl\/blog\/wp-content\/uploads\/2020\/10\/10043_0_K-610x610.jpg 610w, https:\/\/neness.pl\/blog\/wp-content\/uploads\/2020\/10\/10043_0_K-440x440.jpg 440w, https:\/\/neness.pl\/blog\/wp-content\/uploads\/2020\/10\/10043_0_K.jpg 1000w\" sizes=\"auto, (max-width: 300px) 100vw, 300px\" \/><p id=\"caption-attachment-7685\" class=\"wp-caption-text\"><em>Flexy Hybrid Gel lakier hybrydowy 126 4.5g<\/em><\/p><\/div>\n<h3 style=\"text-align: justify;\"><strong>Tajemnicze szaro\u015bci i fiolety\u00a0<\/strong><\/h3>\n<p style=\"text-align: justify;\"><span style=\"font-weight: 400;\">Jakie ro\u015bliny pojawiaj\u0105 si\u0119\u00a0zwykle w sezonie jesiennym w przydomowych ogr\u00f3dkach, na tarasach i balkonach? Oczywi\u015bcie wrzosy! Zachwycaj\u0105 swoimi <strong>niepowtarzalnymi odcieniami<\/strong>, inspiruj\u0105c do tworzenia niesamowitych stylizacji paznokci. \u017beby te cudne barwy przeniesione na p\u0142ytk\u0119 paznokcia wygl\u0105da\u0142y jeszcze efektowniej, warto prze\u0142ama\u0107 je charakterystycznymi dla tej pory roku szaro\u015bciami. W po\u0142\u0105czeniu z <strong>wrzosowymi akcentami<\/strong> b\u0119d\u0105 prezentowa\u0142y si\u0119 naprawd\u0119 elegancko i stan\u0105 si\u0119 gustownym uzupe\u0142nieniem stroju do pracy lub na swobodne spotkania towarzyskie.\u00a0<\/span><\/p>\n<div id=\"attachment_7686\" style=\"width: 310px\" class=\"wp-caption aligncenter\"><img loading=\"lazy\" decoding=\"async\" aria-describedby=\"caption-attachment-7686\" class=\"size-medium wp-image-7686\" src=\"http:\/\/ranking-kosmetykow.pl\/wp-content\/uploads\/2020\/10\/10057_0_K-300x300.jpg\" alt=\"\" width=\"300\" height=\"300\" srcset=\"https:\/\/neness.pl\/blog\/wp-content\/uploads\/2020\/10\/10057_0_K-300x300.jpg 300w, https:\/\/neness.pl\/blog\/wp-content\/uploads\/2020\/10\/10057_0_K-150x150.jpg 150w, https:\/\/neness.pl\/blog\/wp-content\/uploads\/2020\/10\/10057_0_K-768x768.jpg 768w, https:\/\/neness.pl\/blog\/wp-content\/uploads\/2020\/10\/10057_0_K-610x610.jpg 610w, https:\/\/neness.pl\/blog\/wp-content\/uploads\/2020\/10\/10057_0_K-440x440.jpg 440w, https:\/\/neness.pl\/blog\/wp-content\/uploads\/2020\/10\/10057_0_K.jpg 1000w\" sizes=\"auto, (max-width: 300px) 100vw, 300px\" \/><p id=\"caption-attachment-7686\" class=\"wp-caption-text\"><em>Flexy Hybrid Gel lakier hybrydowy 113 4.5g<\/em><\/p><\/div>\n","protected":false},"excerpt":{"rendered":"<p>Brakuje Ci pomys\u0142u na elegancki i klimatyczny manicure? Zainspiruj si\u0119 jesiennym krajobrazem i przenie\u015b charakterystyczne dla tej pory roku barwy na p\u0142ytk\u0119 paznokci. Jak po\u0142\u0105czy\u0107 te odcienie, \u017ceby stworzy\u0107 interesuj\u0105ce stylizacje? Skorzystaj z naszych podpowiedzi.\u00a0<\/p>\n","protected":false},"author":2,"featured_media":7688,"comment_status":"open","ping_status":"open","sticky":false,"template":"","format":"standard","meta":{"_et_pb_use_builder":"","_et_pb_old_content":"","_et_gb_content_width":"","footnotes":""},"categories":[185],"tags":[],"class_list":["post-7682","post","type-post","status-publish","format-standard","has-post-thumbnail","hentry","category-codzienna-pielegnacja","et-has-post-format-content","et_post_format-et-post-format-standard"],"_links":{"self":[{"href":"https:\/\/neness.pl\/blog\/wp-json\/wp\/v2\/posts\/7682","targetHints":{"allow":["GET"]}}],"collection":[{"href":"https:\/\/neness.pl\/blog\/wp-json\/wp\/v2\/posts"}],"about":[{"href":"https:\/\/neness.pl\/blog\/wp-json\/wp\/v2\/types\/post"}],"author":[{"embeddable":true,"href":"https:\/\/neness.pl\/blog\/wp-json\/wp\/v2\/users\/2"}],"replies":[{"embeddable":true,"href":"https:\/\/neness.pl\/blog\/wp-json\/wp\/v2\/comments?post=7682"}],"version-history":[{"count":0,"href":"https:\/\/neness.pl\/blog\/wp-json\/wp\/v2\/posts\/7682\/revisions"}],"wp:featuredmedia":[{"embeddable":true,"href":"https:\/\/neness.pl\/blog\/wp-json\/wp\/v2\/media\/7688"}],"wp:attachment":[{"href":"https:\/\/neness.pl\/blog\/wp-json\/wp\/v2\/media?parent=7682"}],"wp:term":[{"taxonomy":"category","embeddable":true,"href":"https:\/\/neness.pl\/blog\/wp-json\/wp\/v2\/categories?post=7682"},{"taxonomy":"post_tag","embeddable":true,"href":"https:\/\/neness.pl\/blog\/wp-json\/wp\/v2\/tags?post=7682"}],"curies":[{"name":"wp","href":"https:\/\/api.w.org\/{rel}","templated":true}]}}