{"id":7615,"date":"2020-09-25T17:05:36","date_gmt":"2020-09-25T15:05:36","guid":{"rendered":"http:\/\/ranking-kosmetykow.pl\/?p=7615"},"modified":"2020-09-25T17:05:36","modified_gmt":"2020-09-25T15:05:36","slug":"jak-ujarzmic-niesforne-baby-hair","status":"publish","type":"post","link":"https:\/\/neness.pl\/blog\/jak-ujarzmic-niesforne-baby-hair\/","title":{"rendered":"Jak ujarzmi\u0107 niesforne baby hair?"},"content":{"rendered":"<p style=\"text-align: justify;\"><strong>Z jednej strony kochamy baby hair, poniewa\u017c s\u0105 oznak\u0105 zdrowia, a z drugiej potrafimy si\u0119 na nie zez\u0142o\u015bci\u0107, bo utrudniaj\u0105 uzyskanie idealnej fryzury. Jak wi\u0119c radzi\u0107 sobie z tymi niesfornymi w\u0142oskami? Czy istnieje skuteczny spos\u00f3b na ich ujarzmienie?\u00a0<\/strong><\/p>\n<p style=\"text-align: justify;\"><!--more--><\/p>\n<h3 style=\"text-align: justify;\"><strong>Lakier, szampon, a mo\u017ce \u017cel?<\/strong><\/h3>\n<p style=\"text-align: justify;\"><span style=\"font-weight: 400;\">Najszybszym sposobem na ujarzmienie niesfornych baby hair jest zastosowanie <strong>lakieru do w\u0142os\u00f3w<\/strong>. Wystarczy, \u017ce spryskasz nim d\u0142onie, a nast\u0119pnie przyg\u0142adzisz nimi w\u0142oski odstaj\u0105ce przy twarzy lub na d\u0142ugo\u015bci. \u017beby efekt by\u0142 satysfakcjonuj\u0105cy, u\u017cywaj lakieru dostosowanego do typu Twoich w\u0142os\u00f3w i aplikuj go tylko w niewielkiej ilo\u015bci. W celu zapanowania nad fryzur\u0105 mo\u017cesz si\u0119gn\u0105\u0107 te\u017c po<strong> suchy szampon<\/strong> i zastosowa\u0107 go w ten sam spos\u00f3b.\u00a0<\/span><\/p>\n<div id=\"attachment_7616\" style=\"width: 310px\" class=\"wp-caption aligncenter\"><img loading=\"lazy\" decoding=\"async\" aria-describedby=\"caption-attachment-7616\" class=\"size-medium wp-image-7616\" src=\"http:\/\/ranking-kosmetykow.pl\/wp-content\/uploads\/2020\/09\/22315_0_K-300x300.jpg\" alt=\"\" width=\"300\" height=\"300\" srcset=\"https:\/\/neness.pl\/blog\/wp-content\/uploads\/2020\/09\/22315_0_K-300x300.jpg 300w, https:\/\/neness.pl\/blog\/wp-content\/uploads\/2020\/09\/22315_0_K-150x150.jpg 150w, https:\/\/neness.pl\/blog\/wp-content\/uploads\/2020\/09\/22315_0_K-768x768.jpg 768w, https:\/\/neness.pl\/blog\/wp-content\/uploads\/2020\/09\/22315_0_K-610x610.jpg 610w, https:\/\/neness.pl\/blog\/wp-content\/uploads\/2020\/09\/22315_0_K-440x440.jpg 440w, https:\/\/neness.pl\/blog\/wp-content\/uploads\/2020\/09\/22315_0_K.jpg 1000w\" sizes=\"auto, (max-width: 300px) 100vw, 300px\" \/><p id=\"caption-attachment-7616\" class=\"wp-caption-text\"><em>Infinium Pure utrwalaj\u0105cy lakier do w\u0142os\u00f3w Soft 500ml<\/em><\/p><\/div>\n<p style=\"text-align: justify;\">\n<p style=\"text-align: justify;\"><span style=\"font-weight: 400;\">Jaki jeszcze produkt umo\u017cliwia przej\u0119cie kontroli nad niezdyscyplinowanymi w\u0142oskami? <strong>\u017bel aloesowy<\/strong>! Nigdy nie u\u017cywa\u0142a\u015b tego kosmetyku i obawiasz si\u0119, \u017ce nie wykorzystasz go przed up\u0142ywem terminu przydatno\u015bci? \u017bel aloesowy to <strong>produkt wielofunkcyjny<\/strong>. Sprawdza si\u0119 w piel\u0119gnacji w\u0142os\u00f3w, cery oraz ca\u0142ego cia\u0142a. Nawil\u017ca, regeneruje, \u0142agodzi, wzmacnia i umila codzienne zabiegi. Jeste\u015bmy pewni, \u017ce ani si\u0119 nie obejrzysz, a opakowanie b\u0119dzie puste.\u00a0<\/span><\/p>\n<div id=\"attachment_7617\" style=\"width: 310px\" class=\"wp-caption aligncenter\"><img loading=\"lazy\" decoding=\"async\" aria-describedby=\"caption-attachment-7617\" class=\"size-medium wp-image-7617\" src=\"http:\/\/ranking-kosmetykow.pl\/wp-content\/uploads\/2020\/09\/11417_0_K-300x300.jpg\" alt=\"\" width=\"300\" height=\"300\" srcset=\"https:\/\/neness.pl\/blog\/wp-content\/uploads\/2020\/09\/11417_0_K-300x300.jpg 300w, https:\/\/neness.pl\/blog\/wp-content\/uploads\/2020\/09\/11417_0_K-150x150.jpg 150w, https:\/\/neness.pl\/blog\/wp-content\/uploads\/2020\/09\/11417_0_K-440x440.jpg 440w, https:\/\/neness.pl\/blog\/wp-content\/uploads\/2020\/09\/11417_0_K.jpg 500w\" sizes=\"auto, (max-width: 300px) 100vw, 300px\" \/><p id=\"caption-attachment-7617\" class=\"wp-caption-text\"><em>Aloe 99% Soothing Gel \u017cel aloesowy 250ml<\/em><\/p><\/div>\n<h3 style=\"text-align: justify;\"><strong>Pasta modeluj\u0105ca czy siemi\u0119 lniane?\u00a0<\/strong><\/h3>\n<p style=\"text-align: justify;\"><span style=\"font-weight: 400;\">Podobne dzia\u0142anie wykazuje tak\u017ce <strong>pasta modeluj\u0105ca<\/strong> dostosowana do rodzaju w\u0142os\u00f3w, ale jednocze\u015bnie nadaje pasmom odpowiedni\u0105 tekstur\u0119 i efektownie je nab\u0142yszcza. Wystarczy, \u017ce nabierzesz male\u0144k\u0105 ilo\u015b\u0107 tego produktu i <strong>rozgrzejesz go w d\u0142oniach<\/strong>, a nast\u0119pnie p\u0142ynnymi ruchami rozprowadzisz po tych pasmach,\u00a0kt\u00f3rym\u00a0towarzyszy najwi\u0119cej niepokornych baby hair.\u00a0<\/span><\/p>\n<div id=\"attachment_7618\" style=\"width: 310px\" class=\"wp-caption aligncenter\"><img loading=\"lazy\" decoding=\"async\" aria-describedby=\"caption-attachment-7618\" class=\"size-medium wp-image-7618\" src=\"http:\/\/ranking-kosmetykow.pl\/wp-content\/uploads\/2020\/09\/19281_0_K-300x300.jpg\" alt=\"\" width=\"300\" height=\"300\" srcset=\"https:\/\/neness.pl\/blog\/wp-content\/uploads\/2020\/09\/19281_0_K-300x300.jpg 300w, https:\/\/neness.pl\/blog\/wp-content\/uploads\/2020\/09\/19281_0_K-150x150.jpg 150w, https:\/\/neness.pl\/blog\/wp-content\/uploads\/2020\/09\/19281_0_K-440x440.jpg 440w, https:\/\/neness.pl\/blog\/wp-content\/uploads\/2020\/09\/19281_0_K.jpg 600w\" sizes=\"auto, (max-width: 300px) 100vw, 300px\" \/><p id=\"caption-attachment-7618\" class=\"wp-caption-text\"><em>Styling Effect pasta modeluj\u0105ca do w\u0142os\u00f3w Ekstramocna 90g<\/em><\/p><\/div>\n<p style=\"text-align: justify;\">\n<p style=\"text-align: justify;\"><span style=\"font-weight: 400;\">Uwielbiasz domowe sposoby na rozwi\u0105zywanie w\u0142osowych problem\u00f3w? Je\u015bli masz woln\u0105 chwil\u0119, przygotuj <strong>\u017cel lniany<\/strong> i niewielk\u0105 ilo\u015b\u0107 rozetrzyj w d\u0142oniach, a nast\u0119pnie z ich pomoc\u0105 przyg\u0142ad\u017a odstaj\u0105ce w\u0142oski. Pozosta\u0142\u0105 ilo\u015b\u0107 \u017celu umie\u015b\u0107 w lod\u00f3wce i wykorzystaj przy okazji kolejnego mycia g\u0142owy. Nie wiesz, jak uzyska\u0107 taki \u017cel? Oto dwie <strong>popularne metody<\/strong>:<\/span><\/p>\n<ul style=\"text-align: justify;\">\n<li style=\"font-weight: 400;\"><span style=\"font-weight: 400;\">Do zaparzacza do herbaty wsyp \u0142y\u017ck\u0119 siemienia lnianego (ziarenek), w\u0142\u00f3\u017c do garnka i zalej wrz\u0105c\u0105 wod\u0105. Gotuj na wolnym ogniu przez oko\u0142o kwadrans. Gdy powstanie g\u0119sty \u017cel, zdejmij garnek z palnika i pozostaw do wystygni\u0119cia.\u00a0\u00a0<\/span><\/li>\n<li style=\"font-weight: 400;\"><span style=\"font-weight: 400;\">Wieczorem wsyp do miseczki niewielk\u0105 ilo\u015b\u0107 siemienia lnianego. Zalej ziarenka letni\u0105 wod\u0105. Odstaw na ca\u0142\u0105 noc, a rano \u017cel b\u0119dzie gotowy. Im wi\u0119cej wody wlejesz, tym \u017cel b\u0119dzie rzadszy.\u00a0<\/span><\/li>\n<\/ul>\n<p style=\"text-align: justify;\"><span style=\"font-weight: 400;\">\u2665 \u017bel lniany mo\u017cesz przechowywa\u0107 w lod\u00f3wce przez kilka dni. Je\u015bli dodasz\u00a0<strong>mi\u00f3d lub olejek<\/strong>, uzyskasz mieszank\u0119 o mocnym dzia\u0142aniu nawil\u017caj\u0105cym, kt\u00f3ra pozwoli efektywnie zadba\u0107 o w\u0142osy.\u00a0<\/span><\/p>\n<p>&nbsp;<\/p>\n","protected":false},"excerpt":{"rendered":"<p>Z jednej strony kochamy baby hair, poniewa\u017c s\u0105 oznak\u0105 zdrowia, a z drugiej potrafimy si\u0119 na nie zez\u0142o\u015bci\u0107, bo utrudniaj\u0105 uzyskanie idealnej fryzury. Jak wi\u0119c radzi\u0107 sobie z tymi niesfornymi w\u0142oskami? Czy istnieje skuteczny spos\u00f3b na ich ujarzmienie?\u00a0<\/p>\n","protected":false},"author":2,"featured_media":7619,"comment_status":"open","ping_status":"open","sticky":false,"template":"","format":"standard","meta":{"_et_pb_use_builder":"","_et_pb_old_content":"","_et_gb_content_width":"","footnotes":""},"categories":[48],"tags":[],"class_list":["post-7615","post","type-post","status-publish","format-standard","has-post-thumbnail","hentry","category-wlosy-idealne","et-has-post-format-content","et_post_format-et-post-format-standard"],"_links":{"self":[{"href":"https:\/\/neness.pl\/blog\/wp-json\/wp\/v2\/posts\/7615","targetHints":{"allow":["GET"]}}],"collection":[{"href":"https:\/\/neness.pl\/blog\/wp-json\/wp\/v2\/posts"}],"about":[{"href":"https:\/\/neness.pl\/blog\/wp-json\/wp\/v2\/types\/post"}],"author":[{"embeddable":true,"href":"https:\/\/neness.pl\/blog\/wp-json\/wp\/v2\/users\/2"}],"replies":[{"embeddable":true,"href":"https:\/\/neness.pl\/blog\/wp-json\/wp\/v2\/comments?post=7615"}],"version-history":[{"count":0,"href":"https:\/\/neness.pl\/blog\/wp-json\/wp\/v2\/posts\/7615\/revisions"}],"wp:featuredmedia":[{"embeddable":true,"href":"https:\/\/neness.pl\/blog\/wp-json\/wp\/v2\/media\/7619"}],"wp:attachment":[{"href":"https:\/\/neness.pl\/blog\/wp-json\/wp\/v2\/media?parent=7615"}],"wp:term":[{"taxonomy":"category","embeddable":true,"href":"https:\/\/neness.pl\/blog\/wp-json\/wp\/v2\/categories?post=7615"},{"taxonomy":"post_tag","embeddable":true,"href":"https:\/\/neness.pl\/blog\/wp-json\/wp\/v2\/tags?post=7615"}],"curies":[{"name":"wp","href":"https:\/\/api.w.org\/{rel}","templated":true}]}}