{"id":7588,"date":"2020-09-18T16:45:50","date_gmt":"2020-09-18T14:45:50","guid":{"rendered":"http:\/\/ranking-kosmetykow.pl\/?p=7588"},"modified":"2020-09-18T16:45:50","modified_gmt":"2020-09-18T14:45:50","slug":"kosmetyki-anti-pollution-dlaczego-warto-po-nie-siegac","status":"publish","type":"post","link":"https:\/\/neness.pl\/blog\/kosmetyki-anti-pollution-dlaczego-warto-po-nie-siegac\/","title":{"rendered":"Kosmetyki anti-pollution \u2013 dlaczego warto po nie si\u0119ga\u0107?"},"content":{"rendered":"<p style=\"text-align: justify;\"><strong>Dlaczego warto uzupe\u0142ni\u0107 rutyn\u0119 piel\u0119gnacyjn\u0105 o aplikacj\u0119 kosmetyk\u00f3w anti-pollution? Czym one r\u00f3\u017cni\u0105 si\u0119 od tradycyjnych preparat\u00f3w? Czytaj dalej i poznaj odpowiedzi na te pytania.\u00a0<\/strong><\/p>\n<p style=\"text-align: justify;\"><!--more--><\/p>\n<h3 style=\"text-align: justify;\"><strong>Kosmetyki anti-pollution \u2013\u00a0jak dzia\u0142aj\u0105?\u00a0<\/strong><\/h3>\n<p style=\"text-align: justify;\"><span style=\"font-weight: 400;\">Zanieczyszczenia powietrza w negatywny spos\u00f3b wp\u0142ywaj\u0105 na <strong>zdrowie i samopoczucie<\/strong>. Nie pozostaje na nie oboj\u0119tna tak\u017ce sk\u00f3ra \u2013 niekorzystne czynniki zewn\u0119trzne powoduj\u0105 alergie i choroby sk\u00f3ry oraz przyspieszaj\u0105 procesy starzeniowe. Aby ochroni\u0107 i zabezpieczy\u0107 sk\u00f3r\u0119 przed tym szkodliwym dzia\u0142aniem, opracowano produkty do zada\u0144 specjalnych \u2013 <strong>kosmetyki anti-pollution<\/strong>, nazywane te\u017c antysmogowymi.\u00a0<\/span><\/p>\n<div id=\"attachment_7589\" style=\"width: 210px\" class=\"wp-caption aligncenter\"><img loading=\"lazy\" decoding=\"async\" aria-describedby=\"caption-attachment-7589\" class=\"size-medium wp-image-7589\" src=\"http:\/\/ranking-kosmetykow.pl\/wp-content\/uploads\/2020\/09\/19860_0_K-200x300.jpg\" alt=\"\" width=\"200\" height=\"300\" srcset=\"https:\/\/neness.pl\/blog\/wp-content\/uploads\/2020\/09\/19860_0_K-200x300.jpg 200w, https:\/\/neness.pl\/blog\/wp-content\/uploads\/2020\/09\/19860_0_K-610x916.jpg 610w, https:\/\/neness.pl\/blog\/wp-content\/uploads\/2020\/09\/19860_0_K.jpg 636w\" sizes=\"auto, (max-width: 200px) 100vw, 200px\" \/><p id=\"caption-attachment-7589\" class=\"wp-caption-text\"><em>Anti-Pollution Protect baza wyg\u0142adzaj\u0105co-od\u017cywcza pod makija\u017c 30ml<\/em><\/p><\/div>\n<p style=\"text-align: justify;\">\n<p style=\"text-align: justify;\"><span style=\"font-weight: 400;\">Czym r\u00f3\u017cni\u0105 si\u0119 od tradycyjnych produkt\u00f3w do piel\u0119gnacji? Maj\u0105 bogaty sk\u0142ad jako\u015bciowy i zawieraj\u0105 sk\u0142adniki o wszechstronnym dzia\u0142aniu. Dzi\u0119ki temu nie tylko pomagaj\u0105 zachowa\u0107<strong> optymalny poziom nawil\u017cenia<\/strong> sk\u00f3ry, j\u0119drno\u015b\u0107 czy <strong>m\u0142ody wygl\u0105d<\/strong>. Chroni\u0105 przed szkodliwymi czynnikami oraz zabezpieczaj\u0105 przed reakcjami, takimi jak podra\u017cnienie, zaczerwienie b\u0105d\u017a przesuszenie.\u00a0<\/span><\/p>\n<h3 style=\"text-align: justify;\"><strong>Stosowanie i dodatkowa ochrona\u00a0<\/strong><\/h3>\n<p style=\"text-align: justify;\"><span style=\"font-weight: 400;\">Mimo \u017ce kosmetyki anti-pollution pojawi\u0142y si\u0119 na rynku dopiero kilka lat temu, szybko podbi\u0142y serca mi\u0142o\u015bniczek <strong>\u015bwiadomej piel\u0119gnacji<\/strong> z r\u00f3\u017cnych stron \u015bwiata. Warto jednak pami\u0119ta\u0107, \u017ce aby dzia\u0142anie tych produkt\u00f3w by\u0142o naprawd\u0119 skuteczne, nale\u017cy stosowa\u0107 je tak, jak zalecaj\u0105 producenci. W\u0142\u0105czaj\u0105c je do piel\u0119gnacyjnej rutyny, nie mo\u017cna zapomina\u0107 o podstawowych etapach piel\u0119gnacji, czyli dok\u0142adnym <strong>demakija\u017cu i oczyszczaniu<\/strong>.\u00a0<\/span><\/p>\n<div id=\"attachment_7590\" style=\"width: 310px\" class=\"wp-caption aligncenter\"><img loading=\"lazy\" decoding=\"async\" aria-describedby=\"caption-attachment-7590\" class=\"size-medium wp-image-7590\" src=\"http:\/\/ranking-kosmetykow.pl\/wp-content\/uploads\/2020\/09\/36818_0_K-300x261.jpg\" alt=\"\" width=\"300\" height=\"261\" srcset=\"https:\/\/neness.pl\/blog\/wp-content\/uploads\/2020\/09\/36818_0_K-300x261.jpg 300w, https:\/\/neness.pl\/blog\/wp-content\/uploads\/2020\/09\/36818_0_K.jpg 600w\" sizes=\"auto, (max-width: 300px) 100vw, 300px\" \/><p id=\"caption-attachment-7590\" class=\"wp-caption-text\"><em>Jagody Acai antyoksydacja tonik z kwasem hialuronowym 200ml<\/em><\/p><\/div>\n<p style=\"text-align: justify;\">\n<p style=\"text-align: justify;\"><span style=\"font-weight: 400;\">Regularne stosowanie kosmetyk\u00f3w antysmogowych pozwala wi\u0119c na zabezpieczenie sk\u00f3ry przed szkodliwym wp\u0142ywem zanieczyszcze\u0144, a tak\u017ce popraw\u0119 jej <strong>wygl\u0105du i kondycji<\/strong>. \u017beby wzmocni\u0107 te efekty,\u00a0postaraj si\u0119\u00a0pi\u0107 wi\u0119cej wody i popracowa\u0107 nad jako\u015bci\u0105 spo\u017cywanych posi\u0142k\u00f3w. Dobrym pomys\u0142em jest w\u0142\u0105czenie do diety produkt\u00f3w <strong>bogatych w przeciwutleniacze<\/strong>. Wi\u0119cej na ten temat przeczytasz <\/span><a href=\"http:\/\/ranking-kosmetykow.pl\/2020\/08\/04\/czym-jest-skala-orac\/\"><span style=\"font-weight: 400;\">tutaj<\/span><\/a><span style=\"font-weight: 400;\">.\u00a0<\/span><\/p>\n","protected":false},"excerpt":{"rendered":"<p>Dlaczego warto uzupe\u0142ni\u0107 rutyn\u0119 piel\u0119gnacyjn\u0105 o aplikacj\u0119 kosmetyk\u00f3w anti-pollution? Czym one r\u00f3\u017cni\u0105 si\u0119 od tradycyjnych preparat\u00f3w? Czytaj dalej i poznaj odpowiedzi na te pytania.\u00a0<\/p>\n","protected":false},"author":2,"featured_media":7592,"comment_status":"open","ping_status":"open","sticky":false,"template":"","format":"standard","meta":{"_et_pb_use_builder":"","_et_pb_old_content":"","_et_gb_content_width":"","footnotes":""},"categories":[185],"tags":[],"class_list":["post-7588","post","type-post","status-publish","format-standard","has-post-thumbnail","hentry","category-codzienna-pielegnacja","et-has-post-format-content","et_post_format-et-post-format-standard"],"_links":{"self":[{"href":"https:\/\/neness.pl\/blog\/wp-json\/wp\/v2\/posts\/7588","targetHints":{"allow":["GET"]}}],"collection":[{"href":"https:\/\/neness.pl\/blog\/wp-json\/wp\/v2\/posts"}],"about":[{"href":"https:\/\/neness.pl\/blog\/wp-json\/wp\/v2\/types\/post"}],"author":[{"embeddable":true,"href":"https:\/\/neness.pl\/blog\/wp-json\/wp\/v2\/users\/2"}],"replies":[{"embeddable":true,"href":"https:\/\/neness.pl\/blog\/wp-json\/wp\/v2\/comments?post=7588"}],"version-history":[{"count":0,"href":"https:\/\/neness.pl\/blog\/wp-json\/wp\/v2\/posts\/7588\/revisions"}],"wp:featuredmedia":[{"embeddable":true,"href":"https:\/\/neness.pl\/blog\/wp-json\/wp\/v2\/media\/7592"}],"wp:attachment":[{"href":"https:\/\/neness.pl\/blog\/wp-json\/wp\/v2\/media?parent=7588"}],"wp:term":[{"taxonomy":"category","embeddable":true,"href":"https:\/\/neness.pl\/blog\/wp-json\/wp\/v2\/categories?post=7588"},{"taxonomy":"post_tag","embeddable":true,"href":"https:\/\/neness.pl\/blog\/wp-json\/wp\/v2\/tags?post=7588"}],"curies":[{"name":"wp","href":"https:\/\/api.w.org\/{rel}","templated":true}]}}