{"id":7494,"date":"2020-09-04T15:30:14","date_gmt":"2020-09-04T13:30:14","guid":{"rendered":"http:\/\/ranking-kosmetykow.pl\/?p=7494"},"modified":"2020-09-04T15:30:14","modified_gmt":"2020-09-04T13:30:14","slug":"akcent-na-oczy-czy-usta-jaki-make-up-bedzie-modny-jesienia","status":"publish","type":"post","link":"https:\/\/neness.pl\/blog\/akcent-na-oczy-czy-usta-jaki-make-up-bedzie-modny-jesienia\/","title":{"rendered":"Akcent na oczy czy usta? Jaki make-up b\u0119dzie modny jesieni\u0105?"},"content":{"rendered":"<p style=\"text-align: justify;\"><strong>Szukasz inspiracji na jesienny make-up? Zapoznaj si\u0119 z tym tekstem. Prezentujemy w nim najwa\u017cniejsze trendy w makija\u017cu oczu i ust na jesie\u0144 2020.\u00a0<\/strong><\/p>\n<p style=\"text-align: justify;\"><!--more--><\/p>\n<h3 style=\"text-align: justify;\"><strong>Trendy w makija\u017cu oczu<\/strong><\/h3>\n<p style=\"text-align: justify;\"><span style=\"font-weight: 400;\">Podczas tej jesieni kr\u00f3lowa\u0107 b\u0119dzie <strong>oryginalny i nieoczywisty<\/strong> makija\u017c oczu. Skupimy si\u0119 na ich podkre\u015bleniu i wykorzystamy ten akcent do optycznego wysmuklenia twarzy. Klasyczne kreski na g\u00f3rnej powiece stan\u0105 si\u0119 wi\u0119c bardziej wyraziste, d\u0142u\u017csze i ostre. Czasami ust\u0105pi\u0105 miejsca nowoczesnym wariacjom i b\u0119d\u0105 przybiera\u0142y odwa\u017cne kszta\u0142ty. Na powiece zago\u015bci <strong>metaliczny cie\u0144<\/strong> i brokat. Ca\u0142o\u015b\u0107 zwie\u0144cz\u0105 g\u0119ste, grube i efektownie podkr\u0119cone rz\u0119sy.\u00a0<\/span><\/p>\n<div id=\"attachment_7498\" style=\"width: 310px\" class=\"wp-caption aligncenter\"><img loading=\"lazy\" decoding=\"async\" aria-describedby=\"caption-attachment-7498\" class=\"size-medium wp-image-7498\" src=\"http:\/\/ranking-kosmetykow.pl\/wp-content\/uploads\/2020\/09\/19176_0_K-300x271.jpg\" alt=\"\" width=\"300\" height=\"271\" srcset=\"https:\/\/neness.pl\/blog\/wp-content\/uploads\/2020\/09\/19176_0_K-300x271.jpg 300w, https:\/\/neness.pl\/blog\/wp-content\/uploads\/2020\/09\/19176_0_K-610x551.jpg 610w, https:\/\/neness.pl\/blog\/wp-content\/uploads\/2020\/09\/19176_0_K.jpg 673w\" sizes=\"auto, (max-width: 300px) 100vw, 300px\" \/><p id=\"caption-attachment-7498\" class=\"wp-caption-text\"><em>ColorStay Creme Eye Shadow cie\u0144 do powiek w kremie 755 Licorice 5.2g<\/em><\/p><\/div>\n<h3 style=\"text-align: justify;\"><strong>Jak\u0105 pomadk\u0105 malowa\u0107 usta?\u00a0<\/strong><\/h3>\n<p style=\"text-align: justify;\"><span style=\"font-weight: 400;\">Uwielbiasz makija\u017c, w kt\u00f3rym pierwsze skrzypce graj\u0105 <strong>wyraziste, ciemne usta<\/strong>? \u015awietnie si\u0119 sk\u0142ada, poniewa\u017c w tym sezonie w\u0142a\u015bnie na taki make-up stawiaj\u0105 znani makija\u017cy\u015bci. \u017beby ca\u0142o\u015b\u0107 prezentowa\u0142a si\u0119 tajemniczo, ale zarazem elegancko, warto zrezygnowa\u0107 z mocnego podkre\u015blania oczu czy konturowania. Pomadki w <strong>kolorze \u015bliwkowym<\/strong> mo\u017cna zast\u0105pi\u0107 r\u00f3wnie efektownymi odcieniami czerwieni o \u015bwietlistym wyko\u0144czeniu.\u00a0<\/span><\/p>\n<div id=\"attachment_7496\" style=\"width: 249px\" class=\"wp-caption aligncenter\"><img loading=\"lazy\" decoding=\"async\" aria-describedby=\"caption-attachment-7496\" class=\"size-medium wp-image-7496\" src=\"http:\/\/ranking-kosmetykow.pl\/wp-content\/uploads\/2020\/09\/27311_0_K-239x300.jpg\" alt=\"\" width=\"239\" height=\"300\" srcset=\"https:\/\/neness.pl\/blog\/wp-content\/uploads\/2020\/09\/27311_0_K-239x300.jpg 239w, https:\/\/neness.pl\/blog\/wp-content\/uploads\/2020\/09\/27311_0_K-610x764.jpg 610w, https:\/\/neness.pl\/blog\/wp-content\/uploads\/2020\/09\/27311_0_K.jpg 657w\" sizes=\"auto, (max-width: 239px) 100vw, 239px\" \/><p id=\"caption-attachment-7496\" class=\"wp-caption-text\"><em>Lasting Finish Lipstick pomadka do ust 077 Asia 4g<\/em><\/p><\/div>\n<h3 style=\"text-align: justify;\"><strong>Podsumowanie<\/strong><\/h3>\n<p style=\"text-align: justify;\">W tym sezonie w<strong> makija\u017cu oczu<\/strong> modne s\u0105 zatem:<\/p>\n<ul style=\"text-align: justify;\">\n<li>maksymalnie wyci\u0105gni\u0119te kreski<\/li>\n<li>kreski o ciekawych kszta\u0142tach<\/li>\n<li>metaliczne cienie i brokaty<\/li>\n<li>rz\u0119sy w rozmiarze XXL<\/li>\n<\/ul>\n<p>&nbsp;<\/p>\n<div id=\"attachment_7499\" style=\"width: 297px\" class=\"wp-caption aligncenter\"><img loading=\"lazy\" decoding=\"async\" aria-describedby=\"caption-attachment-7499\" class=\"size-medium wp-image-7499\" src=\"http:\/\/ranking-kosmetykow.pl\/wp-content\/uploads\/2020\/09\/18006_0_K-287x300.jpg\" alt=\"\" width=\"287\" height=\"300\" srcset=\"https:\/\/neness.pl\/blog\/wp-content\/uploads\/2020\/09\/18006_0_K-287x300.jpg 287w, https:\/\/neness.pl\/blog\/wp-content\/uploads\/2020\/09\/18006_0_K.jpg 500w\" sizes=\"auto, (max-width: 287px) 100vw, 287px\" \/><p id=\"caption-attachment-7499\" class=\"wp-caption-text\"><em>Galaxy Glitter sypki brokat do powiek 104 3g<\/em><\/p><\/div>\n<p style=\"text-align: justify;\">\n<p style=\"text-align: justify;\"><span style=\"font-weight: 400;\">Natomiast w <strong>makija\u017cu ust<\/strong>:<\/span><\/p>\n<ul style=\"text-align: justify;\">\n<li style=\"font-weight: 400;\"><span style=\"font-weight: 400;\">wykorzystujemy intensywne, ciemne odcienie fioletu i czerwieni<\/span><\/li>\n<li style=\"font-weight: 400;\"><span style=\"font-weight: 400;\">pomadki matowe zast\u0119pujemy tymi o \u015bwietlistym wyko\u0144czeniu<\/span><\/li>\n<li style=\"font-weight: 400;\"><span style=\"font-weight: 400;\">nie si\u0119gamy po kontur\u00f3wk\u0119, lecz delikatnie rozcieramy granice<\/span><\/li>\n<li style=\"font-weight: 400;\"><span style=\"font-weight: 400;\">je\u015bli stawiamy akcent na usta, rezygnujemy z podkre\u015blania oczu\u00a0<\/span><\/li>\n<\/ul>\n<p>&nbsp;<\/p>\n<div id=\"attachment_7500\" style=\"width: 248px\" class=\"wp-caption aligncenter\"><img loading=\"lazy\" decoding=\"async\" aria-describedby=\"caption-attachment-7500\" class=\"size-medium wp-image-7500\" src=\"http:\/\/ranking-kosmetykow.pl\/wp-content\/uploads\/2020\/09\/18870_0_K-238x300.jpg\" alt=\"\" width=\"238\" height=\"300\" srcset=\"https:\/\/neness.pl\/blog\/wp-content\/uploads\/2020\/09\/18870_0_K-238x300.jpg 238w, https:\/\/neness.pl\/blog\/wp-content\/uploads\/2020\/09\/18870_0_K.jpg 560w\" sizes=\"auto, (max-width: 238px) 100vw, 238px\" \/><p id=\"caption-attachment-7500\" class=\"wp-caption-text\"><em>Gloss Magic Lip Lacquer pomadka do ust w p\u0142ynie 10 Glamour Rose 4.5ml<\/em><\/p><\/div>\n<p style=\"text-align: justify;\">\n<p style=\"text-align: justify;\"><span style=\"font-weight: 400;\">\u2665 Kt\u00f3ry trend w makija\u017cu oczu i ust najbardziej przypad\u0142 Ci do gustu? Masz ju\u017c pomys\u0142y na w\u0142asn\u0105 wariacj\u0119 na jego temat? Napisz w komentarzu.\u00a0<\/span><\/p>\n","protected":false},"excerpt":{"rendered":"<p>Szukasz inspiracji na jesienny make-up? Zapoznaj si\u0119 z tym tekstem. Prezentujemy w nim najwa\u017cniejsze trendy w makija\u017cu oczu i ust na jesie\u0144 2020.\u00a0<\/p>\n","protected":false},"author":2,"featured_media":7501,"comment_status":"open","ping_status":"open","sticky":false,"template":"","format":"standard","meta":{"_et_pb_use_builder":"","_et_pb_old_content":"","_et_gb_content_width":"","footnotes":""},"categories":[41],"tags":[],"class_list":["post-7494","post","type-post","status-publish","format-standard","has-post-thumbnail","hentry","category-olsniewaj-makijazem","et-has-post-format-content","et_post_format-et-post-format-standard"],"_links":{"self":[{"href":"https:\/\/neness.pl\/blog\/wp-json\/wp\/v2\/posts\/7494","targetHints":{"allow":["GET"]}}],"collection":[{"href":"https:\/\/neness.pl\/blog\/wp-json\/wp\/v2\/posts"}],"about":[{"href":"https:\/\/neness.pl\/blog\/wp-json\/wp\/v2\/types\/post"}],"author":[{"embeddable":true,"href":"https:\/\/neness.pl\/blog\/wp-json\/wp\/v2\/users\/2"}],"replies":[{"embeddable":true,"href":"https:\/\/neness.pl\/blog\/wp-json\/wp\/v2\/comments?post=7494"}],"version-history":[{"count":0,"href":"https:\/\/neness.pl\/blog\/wp-json\/wp\/v2\/posts\/7494\/revisions"}],"wp:featuredmedia":[{"embeddable":true,"href":"https:\/\/neness.pl\/blog\/wp-json\/wp\/v2\/media\/7501"}],"wp:attachment":[{"href":"https:\/\/neness.pl\/blog\/wp-json\/wp\/v2\/media?parent=7494"}],"wp:term":[{"taxonomy":"category","embeddable":true,"href":"https:\/\/neness.pl\/blog\/wp-json\/wp\/v2\/categories?post=7494"},{"taxonomy":"post_tag","embeddable":true,"href":"https:\/\/neness.pl\/blog\/wp-json\/wp\/v2\/tags?post=7494"}],"curies":[{"name":"wp","href":"https:\/\/api.w.org\/{rel}","templated":true}]}}