{"id":7482,"date":"2020-09-03T14:31:40","date_gmt":"2020-09-03T12:31:40","guid":{"rendered":"http:\/\/ranking-kosmetykow.pl\/?p=7482"},"modified":"2020-09-03T14:31:40","modified_gmt":"2020-09-03T12:31:40","slug":"intrygujace-zapachy-na-dzien-chlopaka-2020","status":"publish","type":"post","link":"https:\/\/neness.pl\/blog\/intrygujace-zapachy-na-dzien-chlopaka-2020\/","title":{"rendered":"Intryguj\u0105ce zapachy na Dzie\u0144 Ch\u0142opaka 2020"},"content":{"rendered":"<p style=\"text-align: justify;\"><strong>Im bardziej spersonalizowany prezent, tym wi\u0119ksza rado\u015b\u0107 obdarowanego. Dlatego ju\u017c teraz warto rozpocz\u0105\u0107 poszukiwanie prezentu na Dzie\u0144 Ch\u0142opaka, kt\u00f3ry b\u0119dzie pasowa\u0142 do stylu \u017cycia i osobowo\u015bci ukochanego. \u017beby u\u0142atwi\u0107 Ci to zadanie, przygotowali\u015bmy ma\u0142y poradnik prezentowy wype\u0142niony intryguj\u0105cymi aromatami. Czytaj dalej i pozw\u00f3l si\u0119 zainspirowa\u0107.\u00a0<\/strong><\/p>\n<p style=\"text-align: justify;\"><!--more--><\/p>\n<h3 style=\"text-align: justify;\"><strong>Dlaczego perfumetki?\u00a0<\/strong><\/h3>\n<p style=\"text-align: justify;\"><span style=\"font-weight: 400;\">Co warto podarowa\u0107 ch\u0142opakowi z okazji jego \u015bwi\u0119ta? Naszym zdaniem, w tej roli doskonale sprawdzaj\u0105 si\u0119 perfumetki inspirowane kultowymi zapachami m\u0119skimi. Spe\u0142niaj\u0105 wszelkie oczekiwania dotycz\u0105ce trwa\u0142o\u015bci i intensywno\u015bci. S\u0105 zamkni\u0119te w <strong>estetycznych flakonikach<\/strong>, kt\u00f3re mog\u0105 sta\u0107 si\u0119 ciekawymi ozdobami \u0142azienkowego blatu. Ich ceny s\u0105 bardzo atrakcyjne. Szeroki wyb\u00f3r wariant\u00f3w sprawia, \u017ce na pewno znajdziesz w\u015br\u00f3d nich\u00a0produkt\u00a0dopasowany do preferencji ukochanego. A je\u015bli nie b\u0119dziesz mog\u0142a zdecydowa\u0107 si\u0119 na konkretny zapach, stw\u00f3rz prywatny zestaw z\u0142o\u017cony <strong>z poni\u017cszych propozycji<\/strong>.\u00a0<\/span><\/p>\n<h3 style=\"text-align: justify;\"><strong>N146. Essentiale<\/strong><\/h3>\n<p style=\"text-align: justify;\"><span style=\"font-weight: 400;\">Perfumetka N146. Essentiale to idealny wyb\u00f3r dla aktywnych i kochaj\u0105cych \u017cycie m\u0119\u017cczyzn. Dodaje energii do dzia\u0142ania, <strong>wzmacnia<\/strong> <strong>pewno\u015b\u0107 siebie i poprawia nastr\u00f3j<\/strong>. Zawiera nuty mandarynki, bergamotki, li\u015bci czarnej porzeczki, paczuli, drzewa sanda\u0142owego oraz aromat r\u00f3\u017cy i pieprzu. Wymienione sk\u0142adniki tworz\u0105 fenomenalne po\u0142\u0105czenie, kt\u00f3re na d\u0142ugo zapada w pami\u0119\u0107.\u00a0<\/span><\/p>\n<div id=\"attachment_7483\" style=\"width: 210px\" class=\"wp-caption aligncenter\"><img loading=\"lazy\" decoding=\"async\" aria-describedby=\"caption-attachment-7483\" class=\"size-medium wp-image-7483\" src=\"http:\/\/ranking-kosmetykow.pl\/wp-content\/uploads\/2020\/09\/86c019f1c93da579e2f88eff4c54adba-200x300.jpg\" alt=\"\" width=\"200\" height=\"300\" srcset=\"https:\/\/neness.pl\/blog\/wp-content\/uploads\/2020\/09\/86c019f1c93da579e2f88eff4c54adba-200x300.jpg 200w, https:\/\/neness.pl\/blog\/wp-content\/uploads\/2020\/09\/86c019f1c93da579e2f88eff4c54adba.jpg 540w\" sizes=\"auto, (max-width: 200px) 100vw, 200px\" \/><p id=\"caption-attachment-7483\" class=\"wp-caption-text\"><em>N146. Essentiale &#8211; 33 ml &#8211; zapach m\u0119ski<\/em><\/p><\/div>\n<h3 style=\"text-align: justify;\"><strong>N028. I&#8217;m Orange Man<\/strong><\/h3>\n<p style=\"text-align: justify;\"><span style=\"font-weight: 400;\">Kolejna perfumetka \u2013 N028. I\u2019m Orange Man bazuje na mocnych kontrastach. Jest delikatna i \u015bwie\u017ca, a zarazem nami\u0119tna i g\u0142\u0119boka. Spe\u0142nia wi\u0119c oczekiwania m\u0119\u017cczyzn uwielbiaj\u0105cych klasyczne rozwi\u0105zania oraz pan\u00f3w, kt\u00f3rzy najch\u0119tniej si\u0119gaj\u0105 po <strong>zaskakuj\u0105ce, nowoczesne propozycje<\/strong>. Doskonale sprawdza si\u0119 aplikowana w ci\u0105gu dnia, np. do pracy czy swobodne spotkania towarzyskie.<\/span><\/p>\n<div id=\"attachment_7484\" style=\"width: 210px\" class=\"wp-caption aligncenter\"><img loading=\"lazy\" decoding=\"async\" aria-describedby=\"caption-attachment-7484\" class=\"size-medium wp-image-7484\" src=\"http:\/\/ranking-kosmetykow.pl\/wp-content\/uploads\/2020\/09\/6a5e2e7927e1697716a176ff47f5586e-200x300.jpg\" alt=\"\" width=\"200\" height=\"300\" srcset=\"https:\/\/neness.pl\/blog\/wp-content\/uploads\/2020\/09\/6a5e2e7927e1697716a176ff47f5586e-200x300.jpg 200w, https:\/\/neness.pl\/blog\/wp-content\/uploads\/2020\/09\/6a5e2e7927e1697716a176ff47f5586e.jpg 540w\" sizes=\"auto, (max-width: 200px) 100vw, 200px\" \/><p id=\"caption-attachment-7484\" class=\"wp-caption-text\"><em>N028. I&#8217;m Orange Man &#8211; 33 ml &#8211; zapach m\u0119ski<\/em><\/p><\/div>\n<h3 style=\"text-align: justify;\"><strong>N138. La Male<\/strong><\/h3>\n<p style=\"text-align: justify;\"><span style=\"font-weight: 400;\">W zestawie perfumetek na Dzie\u0144 Ch\u0142opaka nie mog\u0142o zabrakn\u0105\u0107 uwodzicielskiego akcentu idealnego na ch\u0142odne wieczory. Te wymagania wzorowo spe\u0142nia N138. La Male, niezwyk\u0142a wariacja na temat perfum marki Jean Paul Gaultier. Dzi\u0119ki niej Tw\u00f3j ukochany b\u0119dzie m\u00f3g\u0142 <strong>podkre\u015bli\u0107 atrakcyjno\u015b\u0107 i czu\u0107 si\u0119 pewnie<\/strong> w ka\u017cdych okoliczno\u015bciach. A gdy tylko pojawi si\u0119 taka potrzeba \u2013 uciec od rzeczywisto\u015bci.\u00a0<\/span><\/p>\n<div id=\"attachment_7485\" style=\"width: 210px\" class=\"wp-caption aligncenter\"><img loading=\"lazy\" decoding=\"async\" aria-describedby=\"caption-attachment-7485\" class=\"size-medium wp-image-7485\" src=\"http:\/\/ranking-kosmetykow.pl\/wp-content\/uploads\/2020\/09\/8886abdd99321c01972e7b2bbacce465-200x300.jpg\" alt=\"\" width=\"200\" height=\"300\" srcset=\"https:\/\/neness.pl\/blog\/wp-content\/uploads\/2020\/09\/8886abdd99321c01972e7b2bbacce465-200x300.jpg 200w, https:\/\/neness.pl\/blog\/wp-content\/uploads\/2020\/09\/8886abdd99321c01972e7b2bbacce465.jpg 540w\" sizes=\"auto, (max-width: 200px) 100vw, 200px\" \/><p id=\"caption-attachment-7485\" class=\"wp-caption-text\"><em>N138. La Male &#8211; 33 ml &#8211; zapach m\u0119ski<\/em><\/p><\/div>\n","protected":false},"excerpt":{"rendered":"<p>Im bardziej spersonalizowany prezent, tym wi\u0119ksza rado\u015b\u0107 obdarowanego. Dlatego ju\u017c teraz warto rozpocz\u0105\u0107 poszukiwanie prezentu na Dzie\u0144 Ch\u0142opaka, kt\u00f3ry b\u0119dzie pasowa\u0142 do stylu \u017cycia i osobowo\u015bci ukochanego. \u017beby u\u0142atwi\u0107 Ci to zadanie, przygotowali\u015bmy ma\u0142y poradnik prezentowy wype\u0142niony intryguj\u0105cymi aromatami. Czytaj dalej i pozw\u00f3l si\u0119 zainspirowa\u0107.\u00a0<\/p>\n","protected":false},"author":2,"featured_media":7486,"comment_status":"open","ping_status":"open","sticky":false,"template":"","format":"standard","meta":{"_et_pb_use_builder":"","_et_pb_old_content":"","_et_gb_content_width":"","footnotes":""},"categories":[146,19],"tags":[],"class_list":["post-7482","post","type-post","status-publish","format-standard","has-post-thumbnail","hentry","category-z-mysla-o-mezczyznach","category-zachwycaj-zapachem","et-has-post-format-content","et_post_format-et-post-format-standard"],"_links":{"self":[{"href":"https:\/\/neness.pl\/blog\/wp-json\/wp\/v2\/posts\/7482","targetHints":{"allow":["GET"]}}],"collection":[{"href":"https:\/\/neness.pl\/blog\/wp-json\/wp\/v2\/posts"}],"about":[{"href":"https:\/\/neness.pl\/blog\/wp-json\/wp\/v2\/types\/post"}],"author":[{"embeddable":true,"href":"https:\/\/neness.pl\/blog\/wp-json\/wp\/v2\/users\/2"}],"replies":[{"embeddable":true,"href":"https:\/\/neness.pl\/blog\/wp-json\/wp\/v2\/comments?post=7482"}],"version-history":[{"count":0,"href":"https:\/\/neness.pl\/blog\/wp-json\/wp\/v2\/posts\/7482\/revisions"}],"wp:featuredmedia":[{"embeddable":true,"href":"https:\/\/neness.pl\/blog\/wp-json\/wp\/v2\/media\/7486"}],"wp:attachment":[{"href":"https:\/\/neness.pl\/blog\/wp-json\/wp\/v2\/media?parent=7482"}],"wp:term":[{"taxonomy":"category","embeddable":true,"href":"https:\/\/neness.pl\/blog\/wp-json\/wp\/v2\/categories?post=7482"},{"taxonomy":"post_tag","embeddable":true,"href":"https:\/\/neness.pl\/blog\/wp-json\/wp\/v2\/tags?post=7482"}],"curies":[{"name":"wp","href":"https:\/\/api.w.org\/{rel}","templated":true}]}}