{"id":7346,"date":"2020-08-07T14:38:44","date_gmt":"2020-08-07T12:38:44","guid":{"rendered":"http:\/\/ranking-kosmetykow.pl\/?p=7346"},"modified":"2020-08-07T14:38:44","modified_gmt":"2020-08-07T12:38:44","slug":"dlaczego-warto-umowic-sie-na-probny-makijaz-slubny","status":"publish","type":"post","link":"https:\/\/neness.pl\/blog\/dlaczego-warto-umowic-sie-na-probny-makijaz-slubny\/","title":{"rendered":"Dlaczego warto um\u00f3wi\u0107 si\u0119 na pr\u00f3bny makija\u017c \u015blubny?"},"content":{"rendered":"<p style=\"text-align: justify;\"><strong>W dniu \u015blubu\u00a0ka\u017cdy element stylizacji panny m\u0142odej musi by\u0107 perfekcyjnie dopracowany. Nie inaczej jest z makija\u017cem. O tym, dlaczego warto\u00a0um\u00f3wi\u0107 si\u0119 na profesjonalny, pr\u00f3bny make-up, przeczytasz poni\u017cej.\u00a0<\/strong><\/p>\n<p style=\"text-align: justify;\"><!--more--><\/p>\n<h3 style=\"text-align: justify;\"><strong>Konfrontacja oczekiwa\u0144 z rzeczywisto\u015bci\u0105<\/strong><\/h3>\n<p style=\"text-align: justify;\"><span style=\"font-weight: 400;\">Je\u015bli ju\u017c um\u00f3wi\u0142a\u015b si\u0119 na wizyt\u0119 w profesjonalnym salonie urody, rozpocznij poszukiwania <strong>makija\u017cowych inspiracji<\/strong>. W wolnych chwilach przegl\u0105daj magazyny oraz portale internetowe po\u015bwi\u0119cone tematyce \u015blubnej. Obserwuj profile ulubionych blogerek urodowych i wiza\u017cystek. Popro\u015b przyjaci\u00f3\u0142ki o nadsy\u0142anie pi\u0119knych make-up\u00f3w, kt\u00f3re wpadn\u0105 im w r\u0119ce. Wszystkie pomys\u0142y umie\u015b\u0107 w jednym miejscu, a nast\u0119pnie wybierz z nich te, kt\u00f3re skrad\u0142y Twoje serce.\u00a0<\/span><\/p>\n<p style=\"text-align: justify;\"><span style=\"font-weight: 400;\">Podczas spotkania z wiza\u017cystk\u0105 opowiedz o wizji \u015blubnego make-upu i przedstaw j\u0105 przy pomocy wybranych zdj\u0119\u0107. Profesjonalistka powie Ci, jakie pomys\u0142y s\u0105 <strong>warte przetestowania<\/strong>, a kt\u00f3re z nich (ze wzgl\u0119du na odmienn\u0105 urod\u0119 modelek) nie b\u0119d\u0105 dobrym rozwi\u0105zaniem. W ten spos\u00f3b zyskasz mo\u017cliwo\u015b\u0107 skonfrontowania oczekiwa\u0144 z rzeczywisto\u015bci\u0105 i pewno\u015b\u0107, \u017ce wykonany make-up b\u0119dzie idealnie do Ciebie pasowa\u0142.\u00a0<\/span><\/p>\n<h3 style=\"text-align: justify;\"><strong>Wielki test trwa\u0142o\u015bci make-upu<\/strong><\/h3>\n<p style=\"text-align: justify;\"><span style=\"font-weight: 400;\">Pr\u00f3bny makija\u017c \u015blubny warto wykona\u0107 tu\u017c przed wieczorem panie\u0144skim, sesj\u0105 narzecze\u0144sk\u0105 czy innym, pe\u0142nym wra\u017ce\u0144 wydarzeniem. Dzi\u0119ki temu b\u0119dziesz mog\u0142a przetestowa\u0107 trwa\u0142o\u015b\u0107 make-upu, sprawdzi\u0107, jak kosmetyki wygl\u0105daj\u0105 na sk\u00f3rze po up\u0142ywie kilkunastu godzin i jak <strong>cera na nie reaguje<\/strong>. Je\u015bli zaobserwujesz jakiekolwiek niepokoj\u0105ce sygna\u0142y, zanotuj swoje spostrze\u017cenia i opowiedz o nich wiza\u017cystce przy kolejnym spotkaniu.\u00a0<\/span><\/p>\n<p style=\"text-align: justify;\"><span style=\"font-weight: 400;\">Kiedy warto um\u00f3wi\u0107 si\u0119 na\u00a0taki make-up? Najlepiej wybra\u0107 termin, w kt\u00f3rym b\u0119dziesz ju\u017c mia\u0142a za sob\u0105 pr\u00f3bn\u0105 fryzur\u0119 oraz skompletowane wszystkie ozdoby jubilerskie. Dzi\u0119ki temu wiza\u017cystka b\u0119dzie wiedzia\u0142a, na jak\u0105 kolorystyk\u0119\u00a0i wyrazisto\u015b\u0107 makija\u017cu postawi\u0107, \u017ceby sta\u0142 si\u0119 <strong>efektownym dope\u0142nieniem ca\u0142o\u015bci<\/strong>. Je\u015bli zale\u017cy Ci, aby to w\u0142a\u015bnie make-up sta\u0142 si\u0119 punktem wyj\u015bcia do tworzenia stylizacji, mo\u017cesz odwr\u00f3ci\u0107 t\u0119 kolejno\u015b\u0107.\u00a0<\/span><\/p>\n<h3 style=\"text-align: justify;\"><strong>Podsumowanie\u00a0<\/strong><\/h3>\n<p style=\"text-align: justify;\"><span style=\"font-weight: 400;\">Pr\u00f3bny makija\u017c \u015blubny to zatem doskona\u0142a okazja do <strong>odkrycia swojej urody<\/strong> na nowo. Dzi\u0119ki spotkaniu z profesjonaln\u0105 wiza\u017cystk\u0105 dowiesz si\u0119, jaki typ makija\u017cu jest dla Ciebie idealny, a tak\u017ce co powinna\u015b podkre\u015bla\u0107. Przetestujesz trwa\u0142o\u015b\u0107 kosmetyk\u00f3w i sprawdzisz, jak makija\u017c wygl\u0105da w \u015bwietle naturalnym, sztucznym, na \u017cywo i fotografiach. Zyskasz wi\u0119c pewno\u015b\u0107 i spok\u00f3j, \u017ce podczas tego wyj\u0105tkowego dnia nic Ci\u0119 nie zaskoczy.<\/span><\/p>\n","protected":false},"excerpt":{"rendered":"<p>W dniu \u015blubu\u00a0ka\u017cdy element stylizacji panny m\u0142odej musi by\u0107 perfekcyjnie dopracowany. Nie inaczej jest z makija\u017cem. O tym, dlaczego warto\u00a0um\u00f3wi\u0107 si\u0119 na profesjonalny, pr\u00f3bny make-up, przeczytasz poni\u017cej.\u00a0<\/p>\n","protected":false},"author":2,"featured_media":7347,"comment_status":"open","ping_status":"open","sticky":false,"template":"","format":"standard","meta":{"_et_pb_use_builder":"","_et_pb_old_content":"","_et_gb_content_width":"","footnotes":""},"categories":[41],"tags":[],"class_list":["post-7346","post","type-post","status-publish","format-standard","has-post-thumbnail","hentry","category-olsniewaj-makijazem","et-has-post-format-content","et_post_format-et-post-format-standard"],"_links":{"self":[{"href":"https:\/\/neness.pl\/blog\/wp-json\/wp\/v2\/posts\/7346","targetHints":{"allow":["GET"]}}],"collection":[{"href":"https:\/\/neness.pl\/blog\/wp-json\/wp\/v2\/posts"}],"about":[{"href":"https:\/\/neness.pl\/blog\/wp-json\/wp\/v2\/types\/post"}],"author":[{"embeddable":true,"href":"https:\/\/neness.pl\/blog\/wp-json\/wp\/v2\/users\/2"}],"replies":[{"embeddable":true,"href":"https:\/\/neness.pl\/blog\/wp-json\/wp\/v2\/comments?post=7346"}],"version-history":[{"count":0,"href":"https:\/\/neness.pl\/blog\/wp-json\/wp\/v2\/posts\/7346\/revisions"}],"wp:featuredmedia":[{"embeddable":true,"href":"https:\/\/neness.pl\/blog\/wp-json\/wp\/v2\/media\/7347"}],"wp:attachment":[{"href":"https:\/\/neness.pl\/blog\/wp-json\/wp\/v2\/media?parent=7346"}],"wp:term":[{"taxonomy":"category","embeddable":true,"href":"https:\/\/neness.pl\/blog\/wp-json\/wp\/v2\/categories?post=7346"},{"taxonomy":"post_tag","embeddable":true,"href":"https:\/\/neness.pl\/blog\/wp-json\/wp\/v2\/tags?post=7346"}],"curies":[{"name":"wp","href":"https:\/\/api.w.org\/{rel}","templated":true}]}}