{"id":7316,"date":"2020-08-05T11:02:03","date_gmt":"2020-08-05T09:02:03","guid":{"rendered":"http:\/\/ranking-kosmetykow.pl\/?p=7316"},"modified":"2020-08-05T11:02:03","modified_gmt":"2020-08-05T09:02:03","slug":"wszystko-co-trzeba-wiedziec-o-goleniu-meszku-na-twarzy","status":"publish","type":"post","link":"https:\/\/neness.pl\/blog\/wszystko-co-trzeba-wiedziec-o-goleniu-meszku-na-twarzy\/","title":{"rendered":"Wszystko, co trzeba wiedzie\u0107 o goleniu meszku na twarzy"},"content":{"rendered":"<p style=\"text-align: justify;\"><strong>Czy golenie meszku na twarzy to rzeczywi\u015bcie idealny spos\u00f3b na uzyskanie nieskazitelnie g\u0142adkiej sk\u00f3ry? Jakie narz\u0119dzia s\u0105 najlepsze dla pocz\u0105tkuj\u0105cych? Przeczytaj nasz wpis i poznaj podstawowe informacje o tej metodzie.\u00a0<\/strong><\/p>\n<p style=\"text-align: justify;\"><!--more--><\/p>\n<h3 style=\"text-align: justify;\"><strong>Czym mo\u017cna goli\u0107 twarz?<\/strong><\/h3>\n<p style=\"text-align: justify;\"><span style=\"font-weight: 400;\">Pojawianie si\u0119 delikatnych w\u0142osk\u00f3w na twarzy (np. w okolicy \u017cuchwy czy skroni) jest naturalnym i powszechnie akceptowalnym zjawiskiem. Niekt\u00f3re panie uwa\u017caj\u0105 jednak, \u017ce meszek pokrywaj\u0105cy wybrane partie twarzy wygl\u0105da niekorzystnie. Decyduj\u0105 si\u0119 wi\u0119c na jego regularne <strong>usuwanie w domowym zaciszu<\/strong>, np. przy pomocy no\u017cyka b\u0105d\u017a trymera.\u00a0<\/span><\/p>\n<div id=\"attachment_7317\" style=\"width: 293px\" class=\"wp-caption aligncenter\"><img loading=\"lazy\" decoding=\"async\" aria-describedby=\"caption-attachment-7317\" class=\"size-medium wp-image-7317\" src=\"http:\/\/ranking-kosmetykow.pl\/wp-content\/uploads\/2020\/08\/33744_0_K-283x300.jpg\" alt=\"\" width=\"283\" height=\"300\" srcset=\"https:\/\/neness.pl\/blog\/wp-content\/uploads\/2020\/08\/33744_0_K-283x300.jpg 283w, https:\/\/neness.pl\/blog\/wp-content\/uploads\/2020\/08\/33744_0_K-610x647.jpg 610w, https:\/\/neness.pl\/blog\/wp-content\/uploads\/2020\/08\/33744_0_K.jpg 651w\" sizes=\"auto, (max-width: 283px) 100vw, 283px\" \/><p id=\"caption-attachment-7317\" class=\"wp-caption-text\"><em>Exfoliaton Face Program Antibacterial Make-up Removal Gel antybakteryjny \u017cel do demakija\u017cu twarzy 200g<\/em><\/p><\/div>\n<p style=\"text-align: justify;\">\n<p style=\"text-align: justify;\"><span style=\"font-weight: 400;\">Wymienione narz\u0119dzia, czyli <strong>no\u017cyk do golenia twarzy i trymer<\/strong>, s\u0105 polecane pocz\u0105tkuj\u0105cym. Pozwalaj\u0105 na sprawne usuni\u0119cie w\u0142osk\u00f3w oraz minimalizuj\u0105 ryzyko zaci\u0119cia. Je\u015bli masz za sob\u0105 dopiero kilka sesji golenia, nie si\u0119gaj po skalpel chirurgiczny. To akcesorium jest przeznaczone wy\u0142\u0105cznie dla profesjonalist\u00f3w. Pos\u0142ugiwanie si\u0119 nim wymaga naprawd\u0119 du\u017cej precyzji, pewno\u015bci i do\u015bwiadczenia.\u00a0<\/span><\/p>\n<h3 style=\"text-align: justify;\"><strong>Efekty po usuni\u0119ciu meszku<\/strong><\/h3>\n<p style=\"text-align: justify;\"><span style=\"font-weight: 400;\">Jakich efekt\u00f3w mo\u017cna spodziewa\u0107 si\u0119 zaraz po usuni\u0119ciu w\u0142osk\u00f3w? Partie twarzy, z kt\u00f3rych znikn\u0105\u0142 meszek, s\u0105 przyjemne w dotyku. Sk\u00f3ra staje si\u0119 <strong>nieskazitelnie g\u0142adka<\/strong>, a na\u0142o\u017cony na ni\u0105 podk\u0142ad, bronzer czy roz\u015bwietlacz wygl\u0105da idealnie. W trakcie golenia twarzy no\u017cykiem nast\u0119puje te\u017c delikatne z\u0142uszczanie martwego nask\u00f3rka. Cera mo\u017ce wi\u0119c sprawia\u0107 wra\u017cenie od\u015bwie\u017conej i oczyszczonej.\u00a0<\/span><\/p>\n<p style=\"text-align: justify;\"><span style=\"font-weight: 400;\">Korzy\u015bci wynikaj\u0105ce z regularnego golenia twarzy odczuj\u0105 panie, kt\u00f3rych sk\u00f3ra jest zdrowa, normalna i niesk\u0142onna do podra\u017cnie\u0144. W przypadku kobiet zmagaj\u0105cych si\u0119 z wra\u017cliwo\u015bci\u0105, chorobami sk\u00f3ry (np. tr\u0105dzikiem) lub kt\u00f3rych cera wymaga specjalnej piel\u0119gnacji, ta metoda mo\u017ce okaza\u0107 si\u0119 zbyt agresywna. Je\u015bli wi\u0119c chcesz j\u0105 przetestowa\u0107, ale masz w\u0105tpliwo\u015bci, najpierw <strong>skonsultuj si\u0119 ze specjalist\u0105<\/strong>.\u00a0<\/span><\/p>\n<h3 style=\"text-align: justify;\"><span style=\"font-weight: 400;\"><strong>Goli\u0107 czy nie goli\u0107?\u00a0<\/strong>\u00a0<\/span><\/h3>\n<p style=\"text-align: justify;\"><span style=\"font-weight: 400;\">Zanim zdecydujesz si\u0119 na wykonanie pierwszego zabiegu, zastan\u00f3w si\u0119, czy naprawd\u0119 tego potrzebujesz. Przemy\u015bl, czy golenie twarzy przy pomocy no\u017cyka lub trymera jest dla Ciebie. Nie ulegaj trendom \u2013 podejmij decyzj\u0119 <strong>samodzielnie i w zgodzie z sam\u0105 sob\u0105<\/strong>. Pozbywanie si\u0119 meszku z twarzy jest zupe\u0142nie dobrowolne. To od Ciebie zale\u017cy, czy potraktujesz t\u0119 metod\u0119 wy\u0142\u0105cznie jako ciekawostk\u0119, czy w\u0142\u0105czysz j\u0105 do piel\u0119gnacyjnej rutyny.\u00a0<\/span><\/p>\n<div id=\"attachment_7326\" style=\"width: 310px\" class=\"wp-caption aligncenter\"><img loading=\"lazy\" decoding=\"async\" aria-describedby=\"caption-attachment-7326\" class=\"size-medium wp-image-7326\" src=\"http:\/\/ranking-kosmetykow.pl\/wp-content\/uploads\/2020\/08\/33204_0_K-300x298.jpg\" alt=\"\" width=\"300\" height=\"298\" srcset=\"https:\/\/neness.pl\/blog\/wp-content\/uploads\/2020\/08\/33204_0_K-300x298.jpg 300w, https:\/\/neness.pl\/blog\/wp-content\/uploads\/2020\/08\/33204_0_K-150x150.jpg 150w, https:\/\/neness.pl\/blog\/wp-content\/uploads\/2020\/08\/33204_0_K.jpg 600w\" sizes=\"auto, (max-width: 300px) 100vw, 300px\" \/><p id=\"caption-attachment-7326\" class=\"wp-caption-text\"><em>Botanical Cream nawil\u017caj\u0105cy krem dla sk\u00f3ry normalnej i mieszanej Ekstrakt z Winogron 50ml<\/em><\/p><\/div>\n<p style=\"text-align: justify;\">\n<p style=\"text-align: justify;\"><span style=\"font-weight: 400;\">Je\u015bli zaczniesz goli\u0107 twarz, pami\u0119taj, \u017ceby robi\u0107 to dopiero po wykonaniu demakija\u017cu. <strong>B\u0105d\u017a dla siebie delikatna<\/strong> \u2013 unikaj mocnego dociskania no\u017cyka. Obserwuj, jak zachowuje si\u0119 sk\u00f3ra i odpowiedzialnie reaguj na ewentualne zmiany. Po goleniu na\u0142\u00f3\u017c na sk\u00f3r\u0119 ulubiony kosmetyk nawil\u017caj\u0105cy oraz pozw\u00f3l jej odpocz\u0105\u0107. Pami\u0119taj o regularnym dezynfekowaniu i utrzymaniu w czysto\u015bci narz\u0119dzia, z kt\u00f3rego korzystasz.\u00a0<\/span><\/p>\n","protected":false},"excerpt":{"rendered":"<p>Czy golenie meszku na twarzy to rzeczywi\u015bcie idealny spos\u00f3b na uzyskanie nieskazitelnie g\u0142adkiej sk\u00f3ry? Jakie narz\u0119dzia s\u0105 najlepsze dla pocz\u0105tkuj\u0105cych? Przeczytaj nasz wpis i poznaj podstawowe informacje o tej metodzie.\u00a0<\/p>\n","protected":false},"author":2,"featured_media":7320,"comment_status":"open","ping_status":"open","sticky":false,"template":"","format":"standard","meta":{"_et_pb_use_builder":"","_et_pb_old_content":"","_et_gb_content_width":"","footnotes":""},"categories":[6],"tags":[],"class_list":["post-7316","post","type-post","status-publish","format-standard","has-post-thumbnail","hentry","category-trendy","et-has-post-format-content","et_post_format-et-post-format-standard"],"_links":{"self":[{"href":"https:\/\/neness.pl\/blog\/wp-json\/wp\/v2\/posts\/7316","targetHints":{"allow":["GET"]}}],"collection":[{"href":"https:\/\/neness.pl\/blog\/wp-json\/wp\/v2\/posts"}],"about":[{"href":"https:\/\/neness.pl\/blog\/wp-json\/wp\/v2\/types\/post"}],"author":[{"embeddable":true,"href":"https:\/\/neness.pl\/blog\/wp-json\/wp\/v2\/users\/2"}],"replies":[{"embeddable":true,"href":"https:\/\/neness.pl\/blog\/wp-json\/wp\/v2\/comments?post=7316"}],"version-history":[{"count":0,"href":"https:\/\/neness.pl\/blog\/wp-json\/wp\/v2\/posts\/7316\/revisions"}],"wp:featuredmedia":[{"embeddable":true,"href":"https:\/\/neness.pl\/blog\/wp-json\/wp\/v2\/media\/7320"}],"wp:attachment":[{"href":"https:\/\/neness.pl\/blog\/wp-json\/wp\/v2\/media?parent=7316"}],"wp:term":[{"taxonomy":"category","embeddable":true,"href":"https:\/\/neness.pl\/blog\/wp-json\/wp\/v2\/categories?post=7316"},{"taxonomy":"post_tag","embeddable":true,"href":"https:\/\/neness.pl\/blog\/wp-json\/wp\/v2\/tags?post=7316"}],"curies":[{"name":"wp","href":"https:\/\/api.w.org\/{rel}","templated":true}]}}