{"id":7259,"date":"2020-07-29T12:19:58","date_gmt":"2020-07-29T10:19:58","guid":{"rendered":"http:\/\/ranking-kosmetykow.pl\/?p=7259"},"modified":"2020-07-29T12:19:58","modified_gmt":"2020-07-29T10:19:58","slug":"idealny-makijaz-do-zdjec-biznesowych","status":"publish","type":"post","link":"https:\/\/neness.pl\/blog\/idealny-makijaz-do-zdjec-biznesowych\/","title":{"rendered":"Idealny makija\u017c do zdj\u0119\u0107 biznesowych"},"content":{"rendered":"<p style=\"text-align: justify;\"><strong>Zdj\u0119cia wykonane podczas sesji biznesowej pomagaj\u0105 wzmacnia\u0107 profesjonalny wizerunek, budowa\u0107 zaufanie w\u015br\u00f3d potencjalnych klient\u00f3w i wyr\u00f3\u017cnia\u0107 si\u0119 na tle konkurencji. Dlatego te\u017c warto dobrze si\u0119 do nich przygotowa\u0107, w tym zadba\u0107 o odpowiedni makija\u017c. Jak wi\u0119c powinien wygl\u0105da\u0107 idealny make-up fotograficzny?\u00a0<\/strong><\/p>\n<h3 style=\"text-align: justify;\"><strong>Najwa\u017cniejsze cechy makija\u017cu fotograficznego\u00a0<\/strong><\/h3>\n<p style=\"text-align: justify;\"><span style=\"font-weight: 400;\">Osoba stoj\u0105ca przed obiektywem podczas sesji biznesowej powinna wygl\u0105da\u0107 <strong>naturalnie<\/strong>, a zarazem atrakcyjnie. \u017beby osi\u0105gn\u0105\u0107 takie efekty, warto wykorzysta\u0107 moc, kt\u00f3ra drzemie w make-upie fotograficznym. Je\u015bli zostanie dobrze wykonany, pozwoli podkre\u015bli\u0107 <strong>atuty urody<\/strong> i zamaskowa\u0107 drobne niedoskona\u0142o\u015bci.\u00a0<\/span><\/p>\n<div id=\"attachment_7261\" style=\"width: 240px\" class=\"wp-caption aligncenter\"><img loading=\"lazy\" decoding=\"async\" aria-describedby=\"caption-attachment-7261\" class=\"size-medium wp-image-7261\" src=\"http:\/\/ranking-kosmetykow.pl\/wp-content\/uploads\/2020\/07\/9400_0_K-230x300.jpg\" alt=\"\" width=\"230\" height=\"300\" srcset=\"https:\/\/neness.pl\/blog\/wp-content\/uploads\/2020\/07\/9400_0_K-230x300.jpg 230w, https:\/\/neness.pl\/blog\/wp-content\/uploads\/2020\/07\/9400_0_K.jpg 523w\" sizes=\"auto, (max-width: 230px) 100vw, 230px\" \/><p id=\"caption-attachment-7261\" class=\"wp-caption-text\"><em>Double Wear Nude Water Fresh Makeup lekki podk\u0142ad SPF30 3W3 Fawn 30ml<\/em><\/p><\/div>\n<p style=\"text-align: justify;\">\n<p style=\"text-align: justify;\"><span style=\"font-weight: 400;\">Jak wi\u0119c powinien wygl\u0105da\u0107 idealny makija\u017c fotograficzny? Jego najwa\u017cniejsze cechy to:<\/span><\/p>\n<ul style=\"text-align: justify;\">\n<li style=\"font-weight: 400;\"><strong>dok\u0142adno\u015b\u0107<\/strong><\/li>\n<li style=\"font-weight: 400;\"><strong>wyrazisto\u015b\u0107\u00a0<\/strong><\/li>\n<li style=\"font-weight: 400;\"><strong>\u015bwie\u017co\u015b\u0107<\/strong><\/li>\n<\/ul>\n<p style=\"text-align: justify;\"><span style=\"font-weight: 400;\">Podczas wykonywania tego typu make-upu nie ma miejsca na niedoci\u0105gni\u0119cia. Wszystkie kosmetyki powinny by\u0107 <strong>precyzyjnie rozprowadzone<\/strong>, a podk\u0142ad\u00a0na\u0142o\u017cony tak\u017ce na dekolt, uszy, szyj\u0119 czy ramiona (dok\u0142adno\u015b\u0107). Warto podkre\u015bli\u0107 oczy i usta, wykorzystuj\u0105c odcienie <strong>pasuj\u0105ce do typu urody<\/strong> (wyrazisto\u015b\u0107), a tak\u017ce wymodelowa\u0107 twarz i doda\u0107 jej blaku przy u\u017cyciu bronzera, r\u00f3\u017cu oraz roz\u015bwietlacza (\u015bwie\u017co\u015b\u0107).\u00a0<\/span><\/p>\n<div id=\"attachment_7262\" style=\"width: 310px\" class=\"wp-caption aligncenter\"><img loading=\"lazy\" decoding=\"async\" aria-describedby=\"caption-attachment-7262\" class=\"size-medium wp-image-7262\" src=\"http:\/\/ranking-kosmetykow.pl\/wp-content\/uploads\/2020\/07\/6793_0_K-300x300.jpg\" alt=\"\" width=\"300\" height=\"300\" srcset=\"https:\/\/neness.pl\/blog\/wp-content\/uploads\/2020\/07\/6793_0_K-300x300.jpg 300w, https:\/\/neness.pl\/blog\/wp-content\/uploads\/2020\/07\/6793_0_K-150x150.jpg 150w, https:\/\/neness.pl\/blog\/wp-content\/uploads\/2020\/07\/6793_0_K-440x440.jpg 440w, https:\/\/neness.pl\/blog\/wp-content\/uploads\/2020\/07\/6793_0_K.jpg 500w\" sizes=\"auto, (max-width: 300px) 100vw, 300px\" \/><p id=\"caption-attachment-7262\" class=\"wp-caption-text\">Le Petit Strober Hlighlighter roz\u015bwietlacz do twarzy Universal Glow 2.3g<\/p><\/div>\n<h3 style=\"text-align: justify;\"><strong>Czy warto skorzysta\u0107 z\u00a0pomocy wiza\u017cystki?\u00a0<\/strong><\/h3>\n<p style=\"text-align: justify;\"><span style=\"font-weight: 400;\">Gdy termin sesji b\u0119dzie coraz bli\u017cszy, sprawd\u017a, czy w studiu fotograficznym b\u0119dziesz mog\u0142a skorzysta\u0107 z\u00a0pomocy profesjonalnej wiza\u017cystki. Powierzaj\u0105c sw\u00f3j wizerunek do\u015bwiadczonej, kompetentnej osobie, zyskasz pewno\u015b\u0107, \u017ce makija\u017c zostanie wykonany bezb\u0142\u0119dnie oraz <strong>przetrwa ca\u0142y dzie\u0144<\/strong> w nienaruszonym stanie. Make-up stworzony przez profesjonalistk\u0119 doda Ci te\u017c pewno\u015bci siebie i sprawi, \u017ce przed obiektywem b\u0119dziesz czu\u0142a si\u0119 naprawd\u0119 dobrze.\u00a0<\/span><\/p>\n<div id=\"attachment_7265\" style=\"width: 238px\" class=\"wp-caption aligncenter\"><img loading=\"lazy\" decoding=\"async\" aria-describedby=\"caption-attachment-7265\" class=\"size-medium wp-image-7265\" src=\"http:\/\/ranking-kosmetykow.pl\/wp-content\/uploads\/2020\/07\/18843_0_K-228x300.jpg\" alt=\"\" width=\"228\" height=\"300\" srcset=\"https:\/\/neness.pl\/blog\/wp-content\/uploads\/2020\/07\/18843_0_K-228x300.jpg 228w, https:\/\/neness.pl\/blog\/wp-content\/uploads\/2020\/07\/18843_0_K.jpg 511w\" sizes=\"auto, (max-width: 228px) 100vw, 228px\" \/><p id=\"caption-attachment-7265\" class=\"wp-caption-text\"><em>Matt Magic Lip Cream pomadka do ust w p\u0142ynie 02 Cashmere Nude 4.5ml<\/em><\/p><\/div>\n<p style=\"text-align: justify;\">\n<p style=\"text-align: justify;\"><span style=\"font-weight: 400;\">Przed rozpocz\u0119ciem wykonania make-upu ustal z wiza\u017cystk\u0105 wszystkie szczeg\u00f3\u0142y. Podziel si\u0119 swoj\u0105 wizj\u0105 makija\u017cu i powiedz, na czym najbardziej Ci zale\u017cy. Postaraj si\u0119 by\u0107<strong> otwarta na jej propozycje<\/strong>, ufaj\u0105c jej\u00a0do\u015bwiadczeniu. Je\u015bli sesja ma przenie\u015b\u0107 si\u0119 poza studio, koniecznie zwr\u00f3\u0107 na to uwag\u0119. Dzi\u0119ki tej sugestii osoba odpowiedzialna za Tw\u00f3j wizerunek dobierze kosmetyki, kt\u00f3re \u015bwietnie b\u0119d\u0105 prezentowa\u0142y si\u0119 zar\u00f3wno w <strong>\u015bwietle sztucznym<\/strong>, jak i naturalnym.\u00a0<\/span><\/p>\n<div id=\"attachment_7266\" style=\"width: 162px\" class=\"wp-caption aligncenter\"><img loading=\"lazy\" decoding=\"async\" aria-describedby=\"caption-attachment-7266\" class=\"size-medium wp-image-7266\" src=\"http:\/\/ranking-kosmetykow.pl\/wp-content\/uploads\/2020\/07\/43978_0_K-152x300.jpg\" alt=\"\" width=\"152\" height=\"300\" srcset=\"https:\/\/neness.pl\/blog\/wp-content\/uploads\/2020\/07\/43978_0_K-152x300.jpg 152w, https:\/\/neness.pl\/blog\/wp-content\/uploads\/2020\/07\/43978_0_K-520x1024.jpg 520w, https:\/\/neness.pl\/blog\/wp-content\/uploads\/2020\/07\/43978_0_K.jpg 609w\" sizes=\"auto, (max-width: 152px) 100vw, 152px\" \/><p id=\"caption-attachment-7266\" class=\"wp-caption-text\"><em>ColorStay Liquid Liner trwaly eyeliner w p\u0142ynie Black 2,5ml<\/em><\/p><\/div>\n<p style=\"text-align: justify;\">\n<p style=\"text-align: justify;\"><span style=\"font-weight: 400;\">Dok\u0142adny, wyra\u017any, \u015bwie\u017cy \u2013 w\u0142a\u015bnie taki powinien by\u0107 <strong>idealny makija\u017c fotograficzny<\/strong>. Jakie jeszcze cechy doda\u0142aby\u015b do tego zestawu?\u00a0<\/span><\/p>\n","protected":false},"excerpt":{"rendered":"<p>Zdj\u0119cia wykonane podczas sesji biznesowej pomagaj\u0105 wzmacnia\u0107 profesjonalny wizerunek, budowa\u0107 zaufanie w\u015br\u00f3d potencjalnych klient\u00f3w i wyr\u00f3\u017cnia\u0107 si\u0119 na tle konkurencji. Dlatego te\u017c warto dobrze si\u0119 do nich przygotowa\u0107, w tym zadba\u0107 o odpowiedni makija\u017c. Jak wi\u0119c powinien wygl\u0105da\u0107 idealny make-up fotograficzny?\u00a0 Najwa\u017cniejsze cechy makija\u017cu fotograficznego\u00a0 Osoba stoj\u0105ca przed obiektywem podczas sesji biznesowej powinna wygl\u0105da\u0107 naturalnie, [&hellip;]<\/p>\n","protected":false},"author":2,"featured_media":7260,"comment_status":"open","ping_status":"open","sticky":false,"template":"","format":"standard","meta":{"_et_pb_use_builder":"","_et_pb_old_content":"","_et_gb_content_width":"","footnotes":""},"categories":[41],"tags":[],"class_list":["post-7259","post","type-post","status-publish","format-standard","has-post-thumbnail","hentry","category-olsniewaj-makijazem","et-has-post-format-content","et_post_format-et-post-format-standard"],"_links":{"self":[{"href":"https:\/\/neness.pl\/blog\/wp-json\/wp\/v2\/posts\/7259","targetHints":{"allow":["GET"]}}],"collection":[{"href":"https:\/\/neness.pl\/blog\/wp-json\/wp\/v2\/posts"}],"about":[{"href":"https:\/\/neness.pl\/blog\/wp-json\/wp\/v2\/types\/post"}],"author":[{"embeddable":true,"href":"https:\/\/neness.pl\/blog\/wp-json\/wp\/v2\/users\/2"}],"replies":[{"embeddable":true,"href":"https:\/\/neness.pl\/blog\/wp-json\/wp\/v2\/comments?post=7259"}],"version-history":[{"count":0,"href":"https:\/\/neness.pl\/blog\/wp-json\/wp\/v2\/posts\/7259\/revisions"}],"wp:featuredmedia":[{"embeddable":true,"href":"https:\/\/neness.pl\/blog\/wp-json\/wp\/v2\/media\/7260"}],"wp:attachment":[{"href":"https:\/\/neness.pl\/blog\/wp-json\/wp\/v2\/media?parent=7259"}],"wp:term":[{"taxonomy":"category","embeddable":true,"href":"https:\/\/neness.pl\/blog\/wp-json\/wp\/v2\/categories?post=7259"},{"taxonomy":"post_tag","embeddable":true,"href":"https:\/\/neness.pl\/blog\/wp-json\/wp\/v2\/tags?post=7259"}],"curies":[{"name":"wp","href":"https:\/\/api.w.org\/{rel}","templated":true}]}}