{"id":7144,"date":"2020-07-15T14:30:18","date_gmt":"2020-07-15T12:30:18","guid":{"rendered":"http:\/\/ranking-kosmetykow.pl\/?p=7144"},"modified":"2020-07-15T14:30:18","modified_gmt":"2020-07-15T12:30:18","slug":"czy-farbowanie-wlosow-latem-ma-sens","status":"publish","type":"post","link":"https:\/\/neness.pl\/blog\/czy-farbowanie-wlosow-latem-ma-sens\/","title":{"rendered":"Czy farbowanie w\u0142os\u00f3w latem ma sens?"},"content":{"rendered":"<p style=\"text-align: justify;\"><strong>Promienie s\u0142oneczne i s\u0142ona woda os\u0142abiaj\u0105 intensywno\u015b\u0107 koloru oraz kondycj\u0119 pasm. Czy w takim razie w okresie wakacyjnym lepiej unika\u0107 farbowania w\u0142os\u00f3w?\u00a0<\/strong><\/p>\n<h3 style=\"text-align: justify;\"><strong>Wakacyjna piel\u0119gnacja\u00a0w\u0142os\u00f3w farbowanych\u00a0<\/strong><\/h3>\n<p style=\"text-align: justify;\"><span style=\"font-weight: 400;\">Intensywna <strong>ekspozycja na s\u0142o\u0144ce<\/strong> oraz kontakt z wod\u0105 morsk\u0105 i letnim wiatrem to czynniki, kt\u00f3re w negatywny spos\u00f3b oddzia\u0142uj\u0105 zar\u00f3wno na w\u0142osy farbowane na br\u0105zy, jak i chemicznie rozja\u015bniane. Ciemne pasma\u00a0<strong>szybciej p\u0142owiej\u0105<\/strong>, natomiast rozja\u015bniane \u2013 trac\u0105 blask, staj\u0105 si\u0119 matowe i suche.\u00a0<\/span><\/p>\n<div id=\"attachment_7145\" style=\"width: 310px\" class=\"wp-caption aligncenter\"><img loading=\"lazy\" decoding=\"async\" aria-describedby=\"caption-attachment-7145\" class=\"size-medium wp-image-7145\" src=\"http:\/\/ranking-kosmetykow.pl\/wp-content\/uploads\/2020\/07\/37322_0_K-300x300.png\" alt=\"\" width=\"300\" height=\"300\" srcset=\"https:\/\/neness.pl\/blog\/wp-content\/uploads\/2020\/07\/37322_0_K-300x300.png 300w, https:\/\/neness.pl\/blog\/wp-content\/uploads\/2020\/07\/37322_0_K-150x150.png 150w, https:\/\/neness.pl\/blog\/wp-content\/uploads\/2020\/07\/37322_0_K-440x440.png 440w, https:\/\/neness.pl\/blog\/wp-content\/uploads\/2020\/07\/37322_0_K.png 600w\" sizes=\"auto, (max-width: 300px) 100vw, 300px\" \/><p id=\"caption-attachment-7145\" class=\"wp-caption-text\"><em>Botanic Therapy olejek nadaje mi\u0119kko\u015b\u0107 i blask Olejek Arganowy i Kamelia 150ml<\/em><\/p><\/div>\n<p style=\"text-align: justify;\">\n<p style=\"text-align: justify;\"><span style=\"font-weight: 400;\">Czy powinna\u015b wi\u0119c odwo\u0142a\u0107 wizyt\u0119 u fryzjera, rezygnuj\u0105c z koloryzacji? Nie, je\u015bli tu\u017c przed zabiegiem oraz zaraz po nim b\u0119dziesz<strong>\u00a0w\u0142a\u015bciwie dba\u0107<\/strong>\u00a0o w\u0142osy i sk\u00f3r\u0119 g\u0142owy. Oto kilka zasad u\u0142atwiaj\u0105cych wakacyjn\u0105 piel\u0119gnacj\u0119 w\u0142os\u00f3w farbowanych:\u00a0<\/span><\/p>\n<p style=\"text-align: justify;\"><strong>\u2192 przed farbowaniem:<\/strong><\/p>\n<ul style=\"text-align: justify;\">\n<li style=\"font-weight: 400;\"><span style=\"font-weight: 400;\">Regularnie nawil\u017caj i od\u017cywiaj w\u0142osy.\u00a0<\/span><\/li>\n<li style=\"font-weight: 400;\"><span style=\"font-weight: 400;\">Do olejowania wybieraj olejki niewnikaj\u0105ce lub p\u00f3\u0142wnikaj\u0105ce.<\/span><\/li>\n<li style=\"font-weight: 400;\"><span style=\"font-weight: 400;\">Unikaj mycia w\u0142os\u00f3w i sk\u00f3ry g\u0142owy gor\u0105c\u0105 wod\u0105.<\/span><\/li>\n<li style=\"font-weight: 400;\"><span style=\"font-weight: 400;\">Zrezygnuj z prostowania, kr\u0119cenia i suszenia w\u0142os\u00f3w.\u00a0<\/span><\/li>\n<\/ul>\n<p><strong>\u2192 po farbowaniu:\u00a0<\/strong><\/p>\n<ul style=\"text-align: justify;\">\n<li style=\"font-weight: 400;\"><span style=\"font-weight: 400;\">Regularnie podcinaj ko\u0144c\u00f3wki.<\/span><\/li>\n<li style=\"font-weight: 400;\"><span style=\"font-weight: 400;\">Do codziennej piel\u0119gnacji w\u0142\u0105cz produkty ze sk\u0142adnikami wyg\u0142adzaj\u0105cymi.<\/span><\/li>\n<li style=\"font-weight: 400;\"><span style=\"font-weight: 400;\">Stosuj kosmetyki z filtrami UV i przed\u0142u\u017caj\u0105ce trwa\u0142o\u015b\u0107 koloru.<\/span><\/li>\n<li style=\"font-weight: 400;\"><span style=\"font-weight: 400;\">Nie myj sk\u00f3ry g\u0142owy i w\u0142os\u00f3w szamponami z silnymi detergentami.<\/span><\/li>\n<\/ul>\n<div id=\"attachment_7146\" style=\"width: 284px\" class=\"wp-caption aligncenter\"><img loading=\"lazy\" decoding=\"async\" aria-describedby=\"caption-attachment-7146\" class=\"size-medium wp-image-7146\" src=\"http:\/\/ranking-kosmetykow.pl\/wp-content\/uploads\/2020\/07\/19513_0_K-274x300.jpg\" alt=\"\" width=\"274\" height=\"300\" srcset=\"https:\/\/neness.pl\/blog\/wp-content\/uploads\/2020\/07\/19513_0_K-274x300.jpg 274w, https:\/\/neness.pl\/blog\/wp-content\/uploads\/2020\/07\/19513_0_K.jpg 500w\" sizes=\"auto, (max-width: 274px) 100vw, 274px\" \/><p id=\"caption-attachment-7146\" class=\"wp-caption-text\"><em>Argan Oil Regenerating Silky Leave-In Conditioner regeneruj\u0105cy eliksir do w\u0142os\u00f3w suchych i zniszczonych 30ml<\/em><\/p><\/div>\n<h3 style=\"text-align: justify;\"><strong>Naturalne rozja\u015bnianie w\u0142os\u00f3w na s\u0142o\u0144cu\u00a0<\/strong><\/h3>\n<p style=\"text-align: justify;\"><span style=\"font-weight: 400;\">Je\u015bli jeste\u015b ciemn\u0105 blondynk\u0105 i chcia\u0142aby\u015b delikatnie rozja\u015bni\u0107 pasma, latem\u00a0uzyskasz taki efekt bez wizyty w salonie. Jak to mo\u017cliwe? Wystarczy, \u017ce skorzystasz z pi\u0119knej, s\u0142onecznej aury oraz dar\u00f3w natury. Po wyp\u0142ukaniu w\u0142os\u00f3w <strong>p\u0142ukank\u0105 z cytryny<\/strong> lub<strong> rumianku<\/strong> pozw\u00f3l im wyschn\u0105\u0107 naturalnie, na s\u0142o\u0144cu. Wykonuj\u0105c ten zabieg systematycznie, wkr\u00f3tce zauwa\u017cysz, \u017ce pasma\u00a0s\u0105 ja\u015bniejsze i wzbogacone o <strong>pi\u0119kne refleksy<\/strong>.\u00a0<\/span><\/p>\n<div id=\"attachment_7147\" style=\"width: 222px\" class=\"wp-caption aligncenter\"><img loading=\"lazy\" decoding=\"async\" aria-describedby=\"caption-attachment-7147\" class=\"size-medium wp-image-7147\" src=\"http:\/\/ranking-kosmetykow.pl\/wp-content\/uploads\/2020\/07\/11085_0_K-212x300.jpg\" alt=\"\" width=\"212\" height=\"300\" srcset=\"https:\/\/neness.pl\/blog\/wp-content\/uploads\/2020\/07\/11085_0_K-212x300.jpg 212w, https:\/\/neness.pl\/blog\/wp-content\/uploads\/2020\/07\/11085_0_K-610x864.jpg 610w, https:\/\/neness.pl\/blog\/wp-content\/uploads\/2020\/07\/11085_0_K.jpg 698w\" sizes=\"auto, (max-width: 212px) 100vw, 212px\" \/><p id=\"caption-attachment-7147\" class=\"wp-caption-text\"><em>Three Chamomile organiczna herbatka rumiankowa 20 torebek<\/em><\/p><\/div>\n<p style=\"text-align: justify;\">\n<p style=\"text-align: justify;\"><span style=\"font-weight: 400;\">Zdrowe, <strong>rozja\u015bniane na s\u0142o\u0144cu<\/strong> w\u0142osy nie wymagaj\u0105 tak wiele troski jak farbowane w salonie. Nie oznacza to jednak, \u017ce latem mo\u017cesz pozwoli\u0107 sobie na chaotyczn\u0105 piel\u0119gnacj\u0119. Myj, nawil\u017caj i od\u017cywiaj pasma w spos\u00f3b, kt\u00f3ry jest dla Ciebie najlepszy, a <strong>dodatkowo<\/strong>:\u00a0<\/span><\/p>\n<ul>\n<li style=\"font-weight: 400; text-align: justify;\"><span style=\"font-weight: 400;\">Stosuj kosmetyki chroni\u0105ce w\u0142osy przed promieniowaniem UV.<\/span><\/li>\n<li style=\"font-weight: 400; text-align: justify;\"><span style=\"font-weight: 400;\">Na ko\u0144ce nak\u0142adaj ulubiony olejek lub serum.<\/span><\/li>\n<li style=\"font-weight: 400; text-align: justify;\"><span style=\"font-weight: 400;\">Wychodz\u0105c na zewn\u0105trz, zak\u0142adaj kapelusz, chustk\u0119 lub czapk\u0119.<\/span><\/li>\n<li style=\"font-weight: 400; text-align: justify;\"><span style=\"font-weight: 400;\">Je\u015bli mo\u017cesz, zrezygnuj z nadmiernej stylizacji w\u0142os\u00f3w.\u00a0<\/span><\/li>\n<\/ul>\n<div id=\"attachment_7148\" style=\"width: 310px\" class=\"wp-caption aligncenter\"><img loading=\"lazy\" decoding=\"async\" aria-describedby=\"caption-attachment-7148\" class=\"size-medium wp-image-7148\" src=\"http:\/\/ranking-kosmetykow.pl\/wp-content\/uploads\/2020\/07\/38622_0_K-300x300.jpg\" alt=\"\" width=\"300\" height=\"300\" srcset=\"https:\/\/neness.pl\/blog\/wp-content\/uploads\/2020\/07\/38622_0_K-300x300.jpg 300w, https:\/\/neness.pl\/blog\/wp-content\/uploads\/2020\/07\/38622_0_K-150x150.jpg 150w, https:\/\/neness.pl\/blog\/wp-content\/uploads\/2020\/07\/38622_0_K-768x768.jpg 768w, https:\/\/neness.pl\/blog\/wp-content\/uploads\/2020\/07\/38622_0_K-610x610.jpg 610w, https:\/\/neness.pl\/blog\/wp-content\/uploads\/2020\/07\/38622_0_K-440x440.jpg 440w, https:\/\/neness.pl\/blog\/wp-content\/uploads\/2020\/07\/38622_0_K.jpg 800w\" sizes=\"auto, (max-width: 300px) 100vw, 300px\" \/><p id=\"caption-attachment-7148\" class=\"wp-caption-text\"><em>Herbal Care Rumianek szampon do w\u0142os\u00f3w rozja\u015bnianych i blond 330ml<\/em><\/p><\/div>\n","protected":false},"excerpt":{"rendered":"<p>Promienie s\u0142oneczne i s\u0142ona woda os\u0142abiaj\u0105 intensywno\u015b\u0107 koloru oraz kondycj\u0119 pasm. Czy w takim razie w okresie wakacyjnym lepiej unika\u0107 farbowania w\u0142os\u00f3w?\u00a0 Wakacyjna piel\u0119gnacja\u00a0w\u0142os\u00f3w farbowanych\u00a0 Intensywna ekspozycja na s\u0142o\u0144ce oraz kontakt z wod\u0105 morsk\u0105 i letnim wiatrem to czynniki, kt\u00f3re w negatywny spos\u00f3b oddzia\u0142uj\u0105 zar\u00f3wno na w\u0142osy farbowane na br\u0105zy, jak i chemicznie rozja\u015bniane. Ciemne [&hellip;]<\/p>\n","protected":false},"author":2,"featured_media":7149,"comment_status":"open","ping_status":"open","sticky":false,"template":"","format":"standard","meta":{"_et_pb_use_builder":"","_et_pb_old_content":"","_et_gb_content_width":"","footnotes":""},"categories":[48],"tags":[],"class_list":["post-7144","post","type-post","status-publish","format-standard","has-post-thumbnail","hentry","category-wlosy-idealne","et-has-post-format-content","et_post_format-et-post-format-standard"],"_links":{"self":[{"href":"https:\/\/neness.pl\/blog\/wp-json\/wp\/v2\/posts\/7144","targetHints":{"allow":["GET"]}}],"collection":[{"href":"https:\/\/neness.pl\/blog\/wp-json\/wp\/v2\/posts"}],"about":[{"href":"https:\/\/neness.pl\/blog\/wp-json\/wp\/v2\/types\/post"}],"author":[{"embeddable":true,"href":"https:\/\/neness.pl\/blog\/wp-json\/wp\/v2\/users\/2"}],"replies":[{"embeddable":true,"href":"https:\/\/neness.pl\/blog\/wp-json\/wp\/v2\/comments?post=7144"}],"version-history":[{"count":0,"href":"https:\/\/neness.pl\/blog\/wp-json\/wp\/v2\/posts\/7144\/revisions"}],"wp:featuredmedia":[{"embeddable":true,"href":"https:\/\/neness.pl\/blog\/wp-json\/wp\/v2\/media\/7149"}],"wp:attachment":[{"href":"https:\/\/neness.pl\/blog\/wp-json\/wp\/v2\/media?parent=7144"}],"wp:term":[{"taxonomy":"category","embeddable":true,"href":"https:\/\/neness.pl\/blog\/wp-json\/wp\/v2\/categories?post=7144"},{"taxonomy":"post_tag","embeddable":true,"href":"https:\/\/neness.pl\/blog\/wp-json\/wp\/v2\/tags?post=7144"}],"curies":[{"name":"wp","href":"https:\/\/api.w.org\/{rel}","templated":true}]}}