{"id":6982,"date":"2020-06-25T15:09:29","date_gmt":"2020-06-25T13:09:29","guid":{"rendered":"http:\/\/ranking-kosmetykow.pl\/?p=6982"},"modified":"2020-06-25T15:09:29","modified_gmt":"2020-06-25T13:09:29","slug":"czy-puder-do-makijazu-twarzy-to-kosmetyk-dla-wszystkich","status":"publish","type":"post","link":"https:\/\/neness.pl\/blog\/czy-puder-do-makijazu-twarzy-to-kosmetyk-dla-wszystkich\/","title":{"rendered":"Czy puder do makija\u017cu twarzy to kosmetyk dla wszystkich?"},"content":{"rendered":"<p style=\"text-align: justify;\"><strong>Puder do makija\u017cu twarzy to niezb\u0119dny element wyposa\u017cenia kosmetyczki. Czy jednak ten produkt mo\u017ce by\u0107 swobodnie u\u017cywany przez wszystkich? Sprawd\u017amy to.\u00a0<\/strong><\/p>\n<p style=\"text-align: justify;\"><!--more--><\/p>\n<h3 style=\"text-align: justify;\"><strong>Podzia\u0142 pudr\u00f3w ze wzgl\u0119du na wyko\u0144czenie<\/strong><\/h3>\n<p style=\"text-align: justify;\"><span style=\"font-weight: 400;\">W\u015br\u00f3d propozycji marek kosmetycznych znale\u017a\u0107 mo\u017cna naprawd\u0119 <strong>szeroki wyb\u00f3r<\/strong> pudr\u00f3w. W tym tek\u015bcie skupimy si\u0119 jednak wy\u0142\u0105cznie na <strong>wyko\u0144czeniu<\/strong>. Na podstawie tej w\u0142a\u015bciwo\u015bci wyr\u00f3\u017cni\u0107 mo\u017cna:\u00a0<\/span><\/p>\n<ul style=\"text-align: justify;\">\n<li style=\"font-weight: 400;\"><strong>pudry matowe<\/strong><\/li>\n<li style=\"font-weight: 400;\"><strong>pudry satynowe<\/strong><\/li>\n<li style=\"font-weight: 400;\"><strong>pudry roz\u015bwietlaj\u0105ce<\/strong><\/li>\n<\/ul>\n<p style=\"text-align: justify;\"><span style=\"font-weight: 400;\">Jakie efekty oferuj\u0105? Dla kogo b\u0119d\u0105 <strong>najlepszym rozwi\u0105zaniem<\/strong>?\u00a0<\/span><\/p>\n<div id=\"attachment_6985\" style=\"width: 310px\" class=\"wp-caption aligncenter\"><img loading=\"lazy\" decoding=\"async\" aria-describedby=\"caption-attachment-6985\" class=\"size-medium wp-image-6985\" src=\"http:\/\/ranking-kosmetykow.pl\/wp-content\/uploads\/2020\/06\/38162_0_K-300x300.jpg\" alt=\"\" width=\"300\" height=\"300\" srcset=\"https:\/\/neness.pl\/blog\/wp-content\/uploads\/2020\/06\/38162_0_K-300x300.jpg 300w, https:\/\/neness.pl\/blog\/wp-content\/uploads\/2020\/06\/38162_0_K-1024x1024.jpg 1024w, https:\/\/neness.pl\/blog\/wp-content\/uploads\/2020\/06\/38162_0_K-150x150.jpg 150w, https:\/\/neness.pl\/blog\/wp-content\/uploads\/2020\/06\/38162_0_K-768x768.jpg 768w, https:\/\/neness.pl\/blog\/wp-content\/uploads\/2020\/06\/38162_0_K-610x610.jpg 610w, https:\/\/neness.pl\/blog\/wp-content\/uploads\/2020\/06\/38162_0_K-440x440.jpg 440w, https:\/\/neness.pl\/blog\/wp-content\/uploads\/2020\/06\/38162_0_K.jpg 1058w\" sizes=\"auto, (max-width: 300px) 100vw, 300px\" \/><p id=\"caption-attachment-6985\" class=\"wp-caption-text\"><em>Fresh Glow Highlighter puder roz\u015bwietlaj\u0105cy White 01 5g<\/em><\/p><\/div>\n<p style=\"text-align: justify;\"><span style=\"font-weight: 400;\">Pudry matowe nie odbijaj\u0105 \u015bwiat\u0142a. Idealnie <strong>wyg\u0142adzaj\u0105 cer\u0119<\/strong> oraz eliminuj\u0105 b\u0142yszczenie. S\u0105 polecane do stosowania na problematyczne miejsca, np. stref\u0119 T. Pudry satynowe kryj\u0105ce w sobie pi\u0119kny, subtelny blask sprawiaj\u0105, \u017ce sk\u00f3ra wygl\u0105da <strong>\u015bwie\u017co i promiennie<\/strong>. Z kolei pudry roz\u015bwietlaj\u0105ce z drobinkami z\u0142ota podkre\u015blaj\u0105 <strong>doskona\u0142\u0105 kondycj\u0119 cery<\/strong>. Tak jak satynowe mog\u0105 by\u0107 aplikowane na ca\u0142\u0105 twarz lub wybrane partie.\u00a0<\/span><\/p>\n<h3 style=\"text-align: justify;\"><strong>Na czym polega metoda \u0142\u0105czenia wyko\u0144cze\u0144?\u00a0<\/strong><\/h3>\n<p style=\"text-align: justify;\"><span style=\"font-weight: 400;\">Przy wyborze pudru o konkretnym wyko\u0144czeniu nale\u017cy kierowa\u0107 si\u0119 <strong>typem sk\u00f3ry<\/strong>. Dlaczego jest to istotne? Wspominali\u015bmy, \u017ce pudry matowe cudnie wyg\u0142adzaj\u0105 cer\u0119, satynowe dodaj\u0105 jej \u015bwie\u017co\u015bci, natomiast roz\u015bwietlaj\u0105ce wydobywaj\u0105 zdrowy blask. Je\u015bli jednak zostan\u0105 zaaplikowane na cer\u0119, kt\u00f3rej potrzeby nie s\u0105 zgodne z w\u0142a\u015bciwo\u015bciami produkt\u00f3w, uzyskasz <strong>zupe\u0142nie inne efekty<\/strong>. Zamiast wyg\u0142adzenia i upi\u0119kszenia podkre\u015blisz drobne niedoskona\u0142o\u015bci i zwr\u00f3cisz uwag\u0119 na ewentualne problemy sk\u00f3rne.\u00a0<\/span><\/p>\n<div id=\"attachment_6986\" style=\"width: 310px\" class=\"wp-caption aligncenter\"><img loading=\"lazy\" decoding=\"async\" aria-describedby=\"caption-attachment-6986\" class=\"size-medium wp-image-6986\" src=\"http:\/\/ranking-kosmetykow.pl\/wp-content\/uploads\/2020\/06\/10866_0_K-300x280.jpg\" alt=\"\" width=\"300\" height=\"280\" srcset=\"https:\/\/neness.pl\/blog\/wp-content\/uploads\/2020\/06\/10866_0_K-300x280.jpg 300w, https:\/\/neness.pl\/blog\/wp-content\/uploads\/2020\/06\/10866_0_K-768x717.jpg 768w, https:\/\/neness.pl\/blog\/wp-content\/uploads\/2020\/06\/10866_0_K-610x569.jpg 610w, https:\/\/neness.pl\/blog\/wp-content\/uploads\/2020\/06\/10866_0_K.jpg 1000w\" sizes=\"auto, (max-width: 300px) 100vw, 300px\" \/><p id=\"caption-attachment-6986\" class=\"wp-caption-text\">Fit Me Matte Poreless Pressed Powder puder matuj\u0105cy do twarzy w kompakcie 105 Natural Ivory 9g<\/p><\/div>\n<p style=\"text-align: justify;\"><span style=\"font-weight: 400;\">Czy w takim razie powinna\u015b zrezygnowa\u0107 ze stosowania pudru? Je\u015bli masz zdrow\u0105, wprost idealn\u0105 cer\u0119, mo\u017cesz <strong>swobodnie u\u017cywa\u0107<\/strong> produkt\u00f3w zapewniaj\u0105cych satynowe wyko\u0144czenie b\u0105d\u017a efekt mocnego roz\u015bwietlenia. Je\u015bli jednak borykasz si\u0119\u00a0z problemami sk\u00f3rnymi,\u00a0skorzystaj z <strong>metody \u0142\u0105czenia r\u00f3\u017cnych wyko\u0144cze\u0144<\/strong>. Na przet\u0142uszczaj\u0105ce si\u0119 czy b\u0142yszcz\u0105ce miejsca (np. stref\u0119 T) zaaplikuj niewielk\u0105 ilo\u015b\u0107 matowego pudru. Z kolei na zdrowe, pi\u0119kne partie (np. okolice ust czy policzki) na\u0142\u00f3\u017c odrobin\u0119 pudru satynowego albo roz\u015bwietlaj\u0105cego. W ten spos\u00f3b <strong>efektownie wyko\u0144czysz makija\u017c<\/strong> i sprawisz, \u017ce b\u0119dzie wygl\u0105da\u0142 naturalnie, a zarazem profesjonalnie.<\/span><\/p>\n<p style=\"text-align: justify;\"><strong>Podsumowuj\u0105c, pudry do twarzy mog\u0105 by\u0107 u\u017cywane przez wszystkich, jednak pod warunkiem, \u017ce zostan\u0105 w\u0142a\u015bciwie dobrane do typu sk\u00f3ry i jej potrzeb.\u00a0<\/strong><\/p>\n","protected":false},"excerpt":{"rendered":"<p>Puder do makija\u017cu twarzy to niezb\u0119dny element wyposa\u017cenia kosmetyczki. Czy jednak ten produkt mo\u017ce by\u0107 swobodnie u\u017cywany przez wszystkich? Sprawd\u017amy to.\u00a0<\/p>\n","protected":false},"author":2,"featured_media":6984,"comment_status":"open","ping_status":"open","sticky":false,"template":"","format":"standard","meta":{"_et_pb_use_builder":"","_et_pb_old_content":"","_et_gb_content_width":"","footnotes":""},"categories":[185,41],"tags":[],"class_list":["post-6982","post","type-post","status-publish","format-standard","has-post-thumbnail","hentry","category-codzienna-pielegnacja","category-olsniewaj-makijazem","et-has-post-format-content","et_post_format-et-post-format-standard"],"_links":{"self":[{"href":"https:\/\/neness.pl\/blog\/wp-json\/wp\/v2\/posts\/6982","targetHints":{"allow":["GET"]}}],"collection":[{"href":"https:\/\/neness.pl\/blog\/wp-json\/wp\/v2\/posts"}],"about":[{"href":"https:\/\/neness.pl\/blog\/wp-json\/wp\/v2\/types\/post"}],"author":[{"embeddable":true,"href":"https:\/\/neness.pl\/blog\/wp-json\/wp\/v2\/users\/2"}],"replies":[{"embeddable":true,"href":"https:\/\/neness.pl\/blog\/wp-json\/wp\/v2\/comments?post=6982"}],"version-history":[{"count":0,"href":"https:\/\/neness.pl\/blog\/wp-json\/wp\/v2\/posts\/6982\/revisions"}],"wp:featuredmedia":[{"embeddable":true,"href":"https:\/\/neness.pl\/blog\/wp-json\/wp\/v2\/media\/6984"}],"wp:attachment":[{"href":"https:\/\/neness.pl\/blog\/wp-json\/wp\/v2\/media?parent=6982"}],"wp:term":[{"taxonomy":"category","embeddable":true,"href":"https:\/\/neness.pl\/blog\/wp-json\/wp\/v2\/categories?post=6982"},{"taxonomy":"post_tag","embeddable":true,"href":"https:\/\/neness.pl\/blog\/wp-json\/wp\/v2\/tags?post=6982"}],"curies":[{"name":"wp","href":"https:\/\/api.w.org\/{rel}","templated":true}]}}