{"id":6971,"date":"2020-06-24T17:28:09","date_gmt":"2020-06-24T15:28:09","guid":{"rendered":"http:\/\/ranking-kosmetykow.pl\/?p=6971"},"modified":"2020-06-24T17:28:09","modified_gmt":"2020-06-24T15:28:09","slug":"szampon-i-odzywka-2w1-czy-warto","status":"publish","type":"post","link":"https:\/\/neness.pl\/blog\/szampon-i-odzywka-2w1-czy-warto\/","title":{"rendered":"Szampon i od\u017cywka 2w1 \u2013 czy warto?"},"content":{"rendered":"<p style=\"text-align: justify;\"><strong>Zastanawiasz si\u0119, czy szampon i od\u017cywka 2w1 to produkt dla Ciebie? Pomo\u017cemy Ci podj\u0105\u0107 \u015bwiadom\u0105 decyzj\u0119 zakupow\u0105. Podpowiemy, jak nale\u017cy stosowa\u0107 ten kosmetyk oraz w jakich sytuacjach sprawdza si\u0119 najlepiej. Zaczynamy?\u00a0<\/strong><\/p>\n<p style=\"text-align: justify;\"><!--more--><\/p>\n<h3 style=\"text-align: justify;\"><strong>Jak dzia\u0142a szampon i od\u017cywka 2w1?\u00a0<\/strong><\/h3>\n<p style=\"text-align: justify;\"><span style=\"font-weight: 400;\">Szampon i od\u017cywka 2w1 to <strong>po\u0142\u0105czenie w\u0142a\u015bciwo\u015bci<\/strong> dw\u00f3ch produkt\u00f3w \u2013 szamponu i od\u017cywki. Pozwala dok\u0142adnie oczy\u015bci\u0107 i wypiel\u0119gnowa\u0107 sk\u00f3r\u0119 g\u0142owy, a tak\u017ce poprawi\u0107 wygl\u0105d pasm. \u015awietnie sprawdza si\u0119 podczas wyjazd\u00f3w, a tak\u017ce w tych wszystkich sytuacjach, gdy potrzebujesz <strong>b\u0142yskawicznie od\u015bwie\u017cy\u0107 w\u0142osy<\/strong> oraz sprawi\u0107, \u017ceby\u00a0wygl\u0105da\u0142y zjawiskowo.\u00a0<\/span><\/p>\n<div id=\"attachment_6973\" style=\"width: 310px\" class=\"wp-caption aligncenter\"><img loading=\"lazy\" decoding=\"async\" aria-describedby=\"caption-attachment-6973\" class=\"size-medium wp-image-6973\" src=\"http:\/\/ranking-kosmetykow.pl\/wp-content\/uploads\/2020\/06\/7485_0_K-300x300.jpg\" alt=\"\" width=\"300\" height=\"300\" srcset=\"https:\/\/neness.pl\/blog\/wp-content\/uploads\/2020\/06\/7485_0_K-300x300.jpg 300w, https:\/\/neness.pl\/blog\/wp-content\/uploads\/2020\/06\/7485_0_K-150x150.jpg 150w, https:\/\/neness.pl\/blog\/wp-content\/uploads\/2020\/06\/7485_0_K-440x440.jpg 440w, https:\/\/neness.pl\/blog\/wp-content\/uploads\/2020\/06\/7485_0_K.jpg 600w\" sizes=\"auto, (max-width: 300px) 100vw, 300px\" \/><p id=\"caption-attachment-6973\" class=\"wp-caption-text\"><em>Men Control 2in1 Shampoo + Conditioner szampon 2w1 do w\u0142os\u00f3w normalnych i suchych 500ml<\/em><\/p><\/div>\n<p style=\"text-align: justify;\"><span style=\"font-weight: 400;\">Wyst\u0119puje w wariantach dostosowanych do rodzaju w\u0142os\u00f3w czy <strong>problem\u00f3w sk\u00f3ry g\u0142owy<\/strong>.<strong>\u00a0<\/strong>W\u015br\u00f3d propozycji producent\u00f3w znale\u017a\u0107 mo\u017cna np.\u00a0<\/span><\/p>\n<ul style=\"text-align: justify;\">\n<li style=\"font-weight: 400;\"><span style=\"font-weight: 400;\">szampon przeciw\u0142upie\u017cowy 2w1<\/span><\/li>\n<li style=\"font-weight: 400;\"><span style=\"font-weight: 400;\">szampon do w\u0142os\u00f3w suchych i zniszczonych 2w1\u00a0<\/span><\/li>\n<li style=\"font-weight: 400;\"><span style=\"font-weight: 400;\">szampon wzmacniaj\u0105cy 2w1<\/span><\/li>\n<\/ul>\n<p style=\"text-align: justify;\"><span style=\"font-weight: 400;\">Je\u015bli nie borykasz si\u0119 z w\u0142osowymi problemami, wybierz szampon 2w1 przeznaczony do <strong>w\u0142os\u00f3w normalnych<\/strong>.\u00a0<\/span><\/p>\n<h3 style=\"text-align: justify;\"><strong>Kto powinien zainteresowa\u0107 si\u0119 tym produktem?<\/strong><\/h3>\n<p style=\"text-align: justify;\"><span style=\"font-weight: 400;\">Pozytywne efekty stosowania tego produktu najszybciej zaobserwuj\u0105 te osoby, kt\u00f3rych sk\u00f3ra g\u0142owy i w\u0142osy s\u0105 w dobrej kondycji. Doskonale sprawdzi si\u0119 r\u00f3wnie\u017c w przypadku <strong>kr\u00f3tkich, zdrowych w\u0142os\u00f3w.<\/strong> Je\u015bli jednak pasma i skalp wymagaj\u0105 specjalnej piel\u0119gnacji, stosuj ten kosmetyk w po\u0142\u0105czeniu z mask\u0105 regeneruj\u0105c\u0105 czy olejkiem. Mo\u017cesz te\u017c\u00a0u\u017cywa\u0107 co kilka my\u0107 (zamiennie z innym szamponem), w podr\u00f3\u017cy lub\u00a0<strong>niespodziewanych sytuacjach<\/strong> (np. zaproszenie na spontaniczne spotkanie).\u00a0\u00a0<\/span><\/p>\n<div id=\"attachment_6974\" style=\"width: 310px\" class=\"wp-caption aligncenter\"><img loading=\"lazy\" decoding=\"async\" aria-describedby=\"caption-attachment-6974\" class=\"size-medium wp-image-6974\" src=\"http:\/\/ranking-kosmetykow.pl\/wp-content\/uploads\/2020\/06\/29024_0_K-300x300.jpg\" alt=\"\" width=\"300\" height=\"300\" srcset=\"https:\/\/neness.pl\/blog\/wp-content\/uploads\/2020\/06\/29024_0_K-300x300.jpg 300w, https:\/\/neness.pl\/blog\/wp-content\/uploads\/2020\/06\/29024_0_K-150x150.jpg 150w, https:\/\/neness.pl\/blog\/wp-content\/uploads\/2020\/06\/29024_0_K-440x440.jpg 440w, https:\/\/neness.pl\/blog\/wp-content\/uploads\/2020\/06\/29024_0_K.jpg 500w\" sizes=\"auto, (max-width: 300px) 100vw, 300px\" \/><p id=\"caption-attachment-6974\" class=\"wp-caption-text\"><em>Men+Care Fresh Clean 2in1 Shampoo + Conditioner 2w1 szampon + od\u017cywka 400ml<\/em><\/p><\/div>\n<p style=\"text-align: justify;\"><span style=\"font-weight: 400;\">Co ciekawe, z produkt\u00f3w wielofunkcyjnych takich jak szampon i od\u017cywka 2w1 najch\u0119tniej korzystaj\u0105 m\u0119\u017cczy\u017ani. Stosuj\u0105 je nie tylko podczas wyjazd\u00f3w czy urlop\u00f3w, ale tak\u017ce ch\u0119tnie w\u0142\u0105czaj\u0105 do codziennej piel\u0119gnacji. Je\u015bli nie masz pomys\u0142u na <strong>drobny, kosmetyczny prezent<\/strong> dla przyjaciela, partnera czy brata, pomy\u015bl o zakupie w\u0142a\u015bnie takiego produktu. Z pewno\u015bci\u0105 sprawisz mu mi\u0142\u0105 niespodziank\u0119.\u00a0<\/span><\/p>\n<h3 style=\"text-align: justify;\"><strong>Jakich b\u0142\u0119d\u00f3w nie pope\u0142nia\u0107 podczas aplikacji?\u00a0<\/strong><\/h3>\n<p style=\"text-align: justify;\"><span style=\"font-weight: 400;\">Podczas aplikacji szamponu i od\u017cywki 2w1\u00a0<strong>przestrzegaj\u00a0nast\u0119puj\u0105cych zasad<\/strong>:<\/span><\/p>\n<ul style=\"text-align: justify;\">\n<li style=\"font-weight: 400;\"><span style=\"font-weight: 400;\">Nak\u0142adaj tylko tak\u0105 ilo\u015b\u0107 produktu, jaka jest Ci potrzebna.\u00a0<\/span><\/li>\n<li style=\"font-weight: 400;\"><span style=\"font-weight: 400;\">Myj sk\u00f3r\u0119 g\u0142owy delikatnie i precyzyjnie, a w trakcie mycia wykonuj masa\u017c od czo\u0142a w kierunku karku.<\/span><\/li>\n<li style=\"font-weight: 400;\"><span style=\"font-weight: 400;\">Sp\u0142ukuj produkt bardzo dok\u0142adnie i chwil\u0119 d\u0142u\u017cej ni\u017c tradycyjny szampon do mycia.\u00a0<\/span><\/li>\n<\/ul>\n<p style=\"text-align: justify;\"><span style=\"font-weight: 400;\">Unikaj wi\u0119c szybkiego i chaotycznego mycia, stosowania nadmiernej ilo\u015bci produktu oraz niedok\u0142adnego sp\u0142ukiwania. Pope\u0142niaj\u0105c te b\u0142\u0119dy, mo\u017cesz sprawi\u0107, \u017ce sk\u00f3ra g\u0142owy i w\u0142osy zostan\u0105 niew\u0142a\u015bciwie oczyszczone oraz <strong>nadmiernie obci\u0105\u017cone<\/strong>.\u00a0<\/span><\/p>\n","protected":false},"excerpt":{"rendered":"<p>Zastanawiasz si\u0119, czy szampon i od\u017cywka 2w1 to produkt dla Ciebie? Pomo\u017cemy Ci podj\u0105\u0107 \u015bwiadom\u0105 decyzj\u0119 zakupow\u0105. Podpowiemy, jak nale\u017cy stosowa\u0107 ten kosmetyk oraz w jakich sytuacjach sprawdza si\u0119 najlepiej. Zaczynamy?\u00a0<\/p>\n","protected":false},"author":2,"featured_media":6972,"comment_status":"open","ping_status":"open","sticky":false,"template":"","format":"standard","meta":{"_et_pb_use_builder":"","_et_pb_old_content":"","_et_gb_content_width":"","footnotes":""},"categories":[185,48,146],"tags":[],"class_list":["post-6971","post","type-post","status-publish","format-standard","has-post-thumbnail","hentry","category-codzienna-pielegnacja","category-wlosy-idealne","category-z-mysla-o-mezczyznach","et-has-post-format-content","et_post_format-et-post-format-standard"],"_links":{"self":[{"href":"https:\/\/neness.pl\/blog\/wp-json\/wp\/v2\/posts\/6971","targetHints":{"allow":["GET"]}}],"collection":[{"href":"https:\/\/neness.pl\/blog\/wp-json\/wp\/v2\/posts"}],"about":[{"href":"https:\/\/neness.pl\/blog\/wp-json\/wp\/v2\/types\/post"}],"author":[{"embeddable":true,"href":"https:\/\/neness.pl\/blog\/wp-json\/wp\/v2\/users\/2"}],"replies":[{"embeddable":true,"href":"https:\/\/neness.pl\/blog\/wp-json\/wp\/v2\/comments?post=6971"}],"version-history":[{"count":0,"href":"https:\/\/neness.pl\/blog\/wp-json\/wp\/v2\/posts\/6971\/revisions"}],"wp:featuredmedia":[{"embeddable":true,"href":"https:\/\/neness.pl\/blog\/wp-json\/wp\/v2\/media\/6972"}],"wp:attachment":[{"href":"https:\/\/neness.pl\/blog\/wp-json\/wp\/v2\/media?parent=6971"}],"wp:term":[{"taxonomy":"category","embeddable":true,"href":"https:\/\/neness.pl\/blog\/wp-json\/wp\/v2\/categories?post=6971"},{"taxonomy":"post_tag","embeddable":true,"href":"https:\/\/neness.pl\/blog\/wp-json\/wp\/v2\/tags?post=6971"}],"curies":[{"name":"wp","href":"https:\/\/api.w.org\/{rel}","templated":true}]}}