{"id":6926,"date":"2020-06-17T15:00:26","date_gmt":"2020-06-17T13:00:26","guid":{"rendered":"http:\/\/ranking-kosmetykow.pl\/?p=6926"},"modified":"2020-06-17T15:00:26","modified_gmt":"2020-06-17T13:00:26","slug":"czy-warto-robic-makijaz-w-upaly","status":"publish","type":"post","link":"https:\/\/neness.pl\/blog\/czy-warto-robic-makijaz-w-upaly\/","title":{"rendered":"Czy warto robi\u0107 makija\u017c w upa\u0142y?"},"content":{"rendered":"<p style=\"text-align: justify;\"><strong>Nie chcesz rezygnowa\u0107 z noszenia makija\u017cu nawet podczas upa\u0142u? Jakie triki mo\u017cesz wykorzysta\u0107, \u017ceby prezentowa\u0142 si\u0119 \u015bwietnie przez ca\u0142y dzie\u0144? W jakich sytuacjach powinna\u015b zrobi\u0107 sobie makija\u017cowy detoks? Odpowiedzi na te pytania znajdziesz poni\u017cej.\u00a0<\/strong><\/p>\n<p style=\"text-align: justify;\"><!--more--><\/p>\n<h3 style=\"text-align: justify;\"><strong>Oczyszczanie, nawil\u017canie i zabezpieczanie\u00a0cery<\/strong><\/h3>\n<p style=\"text-align: justify;\"><span style=\"font-weight: 400;\">Niezale\u017cnie od tego, czy\u00a0w upalne dni chcesz nosi\u0107 makija\u017c, czy wolisz z niego zrezygnowa\u0107,\u00a0<strong>dbaj o<\/strong>\u00a0<strong>kondycj\u0119 i wygl\u0105d<\/strong>\u00a0<strong>cery<\/strong>. Rozpocznij dzie\u0144 od delikatnego oczyszczenia i stonizowania sk\u00f3ry twarzy. Nast\u0119pnie zaaplikuj krem nawil\u017caj\u0105cy, kt\u00f3ry zabezpieczy j\u0105 r\u00f3wnie\u017c przed szkodliwym wp\u0142ywem promieniowania UVA\/UVB.\u00a0<\/span><\/p>\n<div id=\"attachment_6928\" style=\"width: 210px\" class=\"wp-caption aligncenter\"><img loading=\"lazy\" decoding=\"async\" aria-describedby=\"caption-attachment-6928\" class=\"size-medium wp-image-6928\" src=\"http:\/\/ranking-kosmetykow.pl\/wp-content\/uploads\/2020\/06\/18580_0_K-200x300.jpg\" alt=\"\" width=\"200\" height=\"300\" srcset=\"https:\/\/neness.pl\/blog\/wp-content\/uploads\/2020\/06\/18580_0_K-200x300.jpg 200w, https:\/\/neness.pl\/blog\/wp-content\/uploads\/2020\/06\/18580_0_K.jpg 600w\" sizes=\"auto, (max-width: 200px) 100vw, 200px\" \/><p id=\"caption-attachment-6928\" class=\"wp-caption-text\"><em>Aloe Sun Cream SPF30 aloesowy krem przeciws\u0142oneczny 75ml<\/em><\/p><\/div>\n<p style=\"text-align: justify;\"><span style=\"font-weight: 400;\">Jak zadba\u0107 o twarz przed po\u0142o\u017ceniem si\u0119 do \u0142\u00f3\u017cka? Je\u015bli tego dnia si\u0119 malowa\u0142a\u015b, wykonaj demakija\u017c oczu i ust. *Drugi krok to <strong>oczyszczenie sk\u00f3ry<\/strong> przy pomocy szczoteczki i kosmetyku o silniejszym dzia\u0142aniu. 1-2 razy w tygodniu wykonaj r\u00f3wnie\u017c delikatny peeling. Spryskaj sk\u00f3r\u0119 tonikiem lub hydrolatem, a po chwili na\u0142\u00f3\u017c ulubiony krem na noc.\u00a0<\/span><\/p>\n<p style=\"text-align: justify;\"><strong>* Je\u015bli nie mia\u0142a\u015b na sobie makija\u017cu, zacznij od\u00a0tego kroku.\u00a0<\/strong><\/p>\n<h3 style=\"text-align: justify;\"><strong>Proste triki makija\u017cowe<\/strong><\/h3>\n<p style=\"text-align: justify;\"><span style=\"font-weight: 400;\">\u015awietnie przygotowana sk\u00f3ra twarzy to podstawa ka\u017cdego makija\u017cu. Czysta, od\u015bwie\u017cona i odpowiednio zabezpieczona cera obroni si\u0119 tak\u017ce wtedy, je\u015bli postanowisz zrezygnowa\u0107 z make-upu. Pami\u0119taj, \u017ce decyzja o malowaniu si\u0119 nale\u017cy <strong>wy\u0142\u0105cznie do Ciebie<\/strong>. Czujesz, \u017ce potrzebujesz makija\u017cowego detoksu? Pozw\u00f3l sobie na tak\u0105 form\u0119 odpoczynku od makija\u017cu i sprawd\u017a, jak wp\u0142ynie to na wygl\u0105d i kondycj\u0119 cery.\u00a0<\/span><\/p>\n<div id=\"attachment_6927\" style=\"width: 223px\" class=\"wp-caption aligncenter\"><img loading=\"lazy\" decoding=\"async\" aria-describedby=\"caption-attachment-6927\" class=\"size-medium wp-image-6927\" src=\"http:\/\/ranking-kosmetykow.pl\/wp-content\/uploads\/2020\/06\/34620_0_K-213x300.jpg\" alt=\"\" width=\"213\" height=\"300\" srcset=\"https:\/\/neness.pl\/blog\/wp-content\/uploads\/2020\/06\/34620_0_K-213x300.jpg 213w, https:\/\/neness.pl\/blog\/wp-content\/uploads\/2020\/06\/34620_0_K.jpg 500w\" sizes=\"auto, (max-width: 213px) 100vw, 213px\" \/><p id=\"caption-attachment-6927\" class=\"wp-caption-text\"><em>Bonjour Nudista BB Cream krem BB do twarzy 01 Clair 30ml<\/em><\/p><\/div>\n<p style=\"text-align: justify;\"><span style=\"font-weight: 400;\">Je\u015bli jednak czujesz si\u0119 naprawd\u0119 pewnie i pi\u0119knie tylko wtedy, gdy masz na sobie makija\u017c, podczas upalnych dni\u00a0sprawd\u017a\u00a0kilka <strong>prostych trik\u00f3w<\/strong>. Oto nasz mini poradnik:<\/span><\/p>\n<ul style=\"text-align: justify;\">\n<li style=\"font-weight: 400;\">Zamiast mocno kryj\u0105cego podk\u0142adu stosuj lekki krem BB w naturalnym odcieniu.<\/li>\n<li style=\"font-weight: 400;\">Korzystaj z wodoodpornego tuszu do rz\u0119s i trwa\u0142ej pomady do brwi.<\/li>\n<li style=\"font-weight: 400;\">Wykonuj konturowanie na mokro, u\u017cywaj\u0105c produkt\u00f3w o neutralnych kolorach.<\/li>\n<li style=\"font-weight: 400;\">Puder nak\u0142adaj wy\u0142\u0105cznie na najbardziej problematyczne miejsca.<\/li>\n<li style=\"font-weight: 400;\">Produkty aplikuj naprawd\u0119 oszcz\u0119dnie \u2013 w tym przypadku to mniej znaczy wi\u0119cej.<\/li>\n<\/ul>\n<h3 style=\"text-align: justify;\"><strong>Jak poprawi\u0107 makija\u017c w ci\u0105gu dnia?\u00a0<\/strong><\/h3>\n<p style=\"text-align: justify;\"><span style=\"font-weight: 400;\">Co zrobi\u0107, gdy makija\u017c w trakcie upa\u0142u b\u0119dzie wymaga\u0142 drobnej korekty? Oto kilka <strong>sprawdzonych sposob\u00f3w<\/strong>:<\/span><\/p>\n<ul style=\"text-align: justify;\">\n<li style=\"font-weight: 400;\"><span style=\"font-weight: 400;\">Do miejsc wymagaj\u0105cych zmatowienia najpierw delikatnie przy\u0142\u00f3\u017c bibu\u0142k\u0119 matuj\u0105c\u0105, a nast\u0119pnie zastosuj niewielk\u0105 ilo\u015b\u0107 pudru.\u00a0<\/span><\/li>\n<li style=\"font-weight: 400;\"><span style=\"font-weight: 400;\">Efekt b\u0142yskawicznego\u00a0od\u015bwie\u017cenia uzyskasz wtedy, gdy spryskasz\u00a0sk\u00f3r\u0119 twarzy hydrolatem lub mgie\u0142k\u0105 nawil\u017caj\u0105c\u0105.<\/span><\/li>\n<li style=\"font-weight: 400;\"><span style=\"font-weight: 400;\">Aby unikn\u0105\u0107 powstawania \u015blad\u00f3w od okular\u00f3w, na te miejsca zaaplikuj baz\u0119 pod makija\u017c, a na koniec utrwal pudrem.\u00a0<\/span><\/li>\n<li style=\"font-weight: 400;\"><span style=\"font-weight: 400;\">W trakcie dnia postaraj si\u0119 unika\u0107 dotykania, pocierania oraz podpierania\u00a0twarzy r\u0119k\u0105.\u00a0<\/span><\/li>\n<\/ul>\n<p style=\"text-align: justify;\"><strong>A Ty, malujesz si\u0119 podczas upa\u0142u? Kiedy rezygnujesz z noszenia makija\u017cu? <\/strong><\/p>\n","protected":false},"excerpt":{"rendered":"<p>Nie chcesz rezygnowa\u0107 z noszenia makija\u017cu nawet podczas upa\u0142u? Jakie triki mo\u017cesz wykorzysta\u0107, \u017ceby prezentowa\u0142 si\u0119 \u015bwietnie przez ca\u0142y dzie\u0144? W jakich sytuacjach powinna\u015b zrobi\u0107 sobie makija\u017cowy detoks? Odpowiedzi na te pytania znajdziesz poni\u017cej.\u00a0<\/p>\n","protected":false},"author":2,"featured_media":6929,"comment_status":"open","ping_status":"open","sticky":false,"template":"","format":"standard","meta":{"_et_pb_use_builder":"","_et_pb_old_content":"","_et_gb_content_width":"","footnotes":""},"categories":[185,41],"tags":[],"class_list":["post-6926","post","type-post","status-publish","format-standard","has-post-thumbnail","hentry","category-codzienna-pielegnacja","category-olsniewaj-makijazem","et-has-post-format-content","et_post_format-et-post-format-standard"],"_links":{"self":[{"href":"https:\/\/neness.pl\/blog\/wp-json\/wp\/v2\/posts\/6926","targetHints":{"allow":["GET"]}}],"collection":[{"href":"https:\/\/neness.pl\/blog\/wp-json\/wp\/v2\/posts"}],"about":[{"href":"https:\/\/neness.pl\/blog\/wp-json\/wp\/v2\/types\/post"}],"author":[{"embeddable":true,"href":"https:\/\/neness.pl\/blog\/wp-json\/wp\/v2\/users\/2"}],"replies":[{"embeddable":true,"href":"https:\/\/neness.pl\/blog\/wp-json\/wp\/v2\/comments?post=6926"}],"version-history":[{"count":0,"href":"https:\/\/neness.pl\/blog\/wp-json\/wp\/v2\/posts\/6926\/revisions"}],"wp:featuredmedia":[{"embeddable":true,"href":"https:\/\/neness.pl\/blog\/wp-json\/wp\/v2\/media\/6929"}],"wp:attachment":[{"href":"https:\/\/neness.pl\/blog\/wp-json\/wp\/v2\/media?parent=6926"}],"wp:term":[{"taxonomy":"category","embeddable":true,"href":"https:\/\/neness.pl\/blog\/wp-json\/wp\/v2\/categories?post=6926"},{"taxonomy":"post_tag","embeddable":true,"href":"https:\/\/neness.pl\/blog\/wp-json\/wp\/v2\/tags?post=6926"}],"curies":[{"name":"wp","href":"https:\/\/api.w.org\/{rel}","templated":true}]}}