{"id":6913,"date":"2020-06-15T16:15:27","date_gmt":"2020-06-15T14:15:27","guid":{"rendered":"http:\/\/ranking-kosmetykow.pl\/?p=6913"},"modified":"2020-06-15T16:15:27","modified_gmt":"2020-06-15T14:15:27","slug":"najlepsze-kolory-szminki-na-lato","status":"publish","type":"post","link":"https:\/\/neness.pl\/blog\/najlepsze-kolory-szminki-na-lato\/","title":{"rendered":"Najlepsze kolory szminki na lato"},"content":{"rendered":"<p style=\"text-align: justify;\"><strong>Pocz\u0105tek sezonu wakacyjnego to najlepszy moment na eksperymentowanie z make-upem i prawdziw\u0105 zabaw\u0119 palet\u0105 barw. Dzi\u015b skupimy si\u0119 jednak wy\u0142\u0105cznie na ustach i wsp\u00f3lnie wybierzemy najlepsze kolory szminki na lato. Zaczynamy?\u00a0<\/strong><\/p>\n<p style=\"text-align: justify;\"><!--more--><\/p>\n<h3 style=\"text-align: justify;\"><strong>Subtelny, dziewcz\u0119cy r\u00f3\u017c<\/strong><\/h3>\n<p style=\"text-align: justify;\"><span style=\"font-weight: 400;\">Make-up no make-up to najgor\u0119tszy trend tego sezonu. Czy decyduj\u0105c si\u0119 na taki <strong>naturalny, niemal niewidoczny makija\u017c<\/strong>, mo\u017cesz pozwoli\u0107 sobie na podkre\u015blenie ust? \u017beby ca\u0142o\u015b\u0107 prezentowa\u0142a si\u0119 harmonijnie, si\u0119gnij po szmink\u0119 w subtelnym, dziewcz\u0119cym odcieniu. Doskonale sprawdz\u0105 si\u0119 np. romantyczny, pudrowy r\u00f3\u017c oraz modny nudziak.\u00a0<\/span><\/p>\n<div id=\"attachment_6914\" style=\"width: 310px\" class=\"wp-caption aligncenter\"><img loading=\"lazy\" decoding=\"async\" aria-describedby=\"caption-attachment-6914\" class=\"size-medium wp-image-6914\" src=\"http:\/\/ranking-kosmetykow.pl\/wp-content\/uploads\/2020\/06\/11914_0_K-300x300.jpg\" alt=\"\" width=\"300\" height=\"300\" srcset=\"https:\/\/neness.pl\/blog\/wp-content\/uploads\/2020\/06\/11914_0_K-300x300.jpg 300w, https:\/\/neness.pl\/blog\/wp-content\/uploads\/2020\/06\/11914_0_K-150x150.jpg 150w, https:\/\/neness.pl\/blog\/wp-content\/uploads\/2020\/06\/11914_0_K-440x440.jpg 440w, https:\/\/neness.pl\/blog\/wp-content\/uploads\/2020\/06\/11914_0_K.jpg 500w\" sizes=\"auto, (max-width: 300px) 100vw, 300px\" \/><p id=\"caption-attachment-6914\" class=\"wp-caption-text\"><em>Color Riche Lip pomadka do ust 226 Rose Glace 4.8g<\/em><\/p><\/div>\n<p style=\"text-align: justify;\">\n<p style=\"text-align: justify;\"><span style=\"font-weight: 400;\">Zamiast szminki mo\u017cesz wykorzysta\u0107 r\u00f3\u017cowy b\u0142yszczyk, kt\u00f3ry nada ustom delikatny kolor, a dzi\u0119ki zawarto\u015bci po\u0142yskuj\u0105cych drobinek optycznie je powi\u0119kszy. Je\u015bli wybierzesz produkt\u00a0z\u00a0<strong>cennymi olejkami i witamin\u0105 E<\/strong>, dodatkowo przywr\u00f3cisz ustom optymalny poziom nawil\u017cenia.\u00a0<\/span><\/p>\n<p style=\"text-align: justify;\"><strong>W jakich sytuacjach b\u0142yszczyk mo\u017ce sprawdzi\u0107 si\u0119 lepiej ni\u017c pomadka?<\/strong> Sprawd\u017a <a href=\"http:\/\/ranking-kosmetykow.pl\/2019\/11\/08\/na-jaka-okazje-wybrac-blyszczyk-zamiast-pomadki\/\">tutaj<\/a>.<\/p>\n<h3 style=\"text-align: justify;\"><strong>Intensywna, wyrazista czerwie\u0144<\/strong><\/h3>\n<p style=\"text-align: justify;\"><span style=\"font-weight: 400;\">Mu\u015bni\u0119ta s\u0142o\u0144cem, wypocz\u0119ta cera doskonale komponuje si\u0119 z intensywn\u0105 czerwieni\u0105 na ustach. Szminki w odcieniu wi\u015bniowym czy koralowym nie s\u0105 zarezerwowane tylko na wielkie wyj\u015bcia wieczorow\u0105 por\u0105. W trakcie ciep\u0142ych miesi\u0119cy <strong>mo\u017cesz nosi\u0107 je dowolnie<\/strong> \u2013 zar\u00f3wno na co dzie\u0144, jak i od \u015bwi\u0119ta.<\/span><\/p>\n<div id=\"attachment_6915\" style=\"width: 232px\" class=\"wp-caption aligncenter\"><img loading=\"lazy\" decoding=\"async\" aria-describedby=\"caption-attachment-6915\" class=\"size-medium wp-image-6915\" src=\"http:\/\/ranking-kosmetykow.pl\/wp-content\/uploads\/2020\/06\/29873_0_K-222x300.jpg\" alt=\"\" width=\"222\" height=\"300\" srcset=\"https:\/\/neness.pl\/blog\/wp-content\/uploads\/2020\/06\/29873_0_K-222x300.jpg 222w, https:\/\/neness.pl\/blog\/wp-content\/uploads\/2020\/06\/29873_0_K.jpg 540w\" sizes=\"auto, (max-width: 222px) 100vw, 222px\" \/><p id=\"caption-attachment-6915\" class=\"wp-caption-text\"><em>Colour Elixir Cushion b\u0142yszczyk do ust 035 Baby Star Coral 9ml<\/em><\/p><\/div>\n<p style=\"text-align: justify;\">\n<p style=\"text-align: justify;\"><span style=\"font-weight: 400;\">Czerwona szminka w ciep\u0142ym lub ch\u0142odnym odcieniu \u015bwietnie prezentuje si\u0119 w towarzystwie precyzyjnej, czarnej kreski i g\u0119stego wachlarza rz\u0119s. W tym sezonie wiza\u017cy\u015bci zach\u0119caj\u0105 jednak do minimalizmu i noszenia czerwonych ust w <strong>wersji solo<\/strong>. Je\u015bli zdecydujesz si\u0119 na to rozwi\u0105zanie, zapomnij o makija\u017cu twarzy i oczu \u2013 skup si\u0119 tylko na ustach.\u00a0<\/span><\/p>\n<p style=\"text-align: justify;\"><strong>Czym powinna\u015b kierowa\u0107 si\u0119 podczas poszukiwania idealnego odcienia czerwieni?<\/strong> Odpowied\u017a znajdziesz <a href=\"http:\/\/ranking-kosmetykow.pl\/2019\/11\/22\/czerwien-czerwieni-nierowna-jakie-jej-odcienie-pasuja-do-roznych-typow-urody\/\">tutaj<\/a>.<\/p>\n<h3 style=\"text-align: justify;\"><strong>Energetyzuj\u0105cy, efektowny b\u0142\u0119kit<\/strong><\/h3>\n<p style=\"text-align: justify;\"><span style=\"font-weight: 400;\">Uwielbiasz bra\u0107 udzia\u0142 w tematycznych imprezach w stylu garden party? \u017beby <strong>efektownie zwie\u0144czy\u0107 makija\u017c<\/strong> przygotowywany na takie okazje, zastosuj szmink\u0119 w energetyzuj\u0105cym, b\u0142\u0119kitnym odcieniu. Ten efektowny dodatek doskonale sprawdzi si\u0119 w po\u0142\u0105czeniu ze s\u0142oneczn\u0105 aur\u0105 oraz beztroskim, wakacyjnym nastrojem.\u00a0<\/span><\/p>\n<div id=\"attachment_6916\" style=\"width: 210px\" class=\"wp-caption aligncenter\"><img loading=\"lazy\" decoding=\"async\" aria-describedby=\"caption-attachment-6916\" class=\"size-medium wp-image-6916\" src=\"http:\/\/ranking-kosmetykow.pl\/wp-content\/uploads\/2020\/06\/20390_0_K-200x300.jpg\" alt=\"\" width=\"200\" height=\"300\" srcset=\"https:\/\/neness.pl\/blog\/wp-content\/uploads\/2020\/06\/20390_0_K-200x300.jpg 200w, https:\/\/neness.pl\/blog\/wp-content\/uploads\/2020\/06\/20390_0_K.jpg 600w\" sizes=\"auto, (max-width: 200px) 100vw, 200px\" \/><p id=\"caption-attachment-6916\" class=\"wp-caption-text\"><em>Pomadka do ust utlenialna 04 Niebieska 4g<\/em><\/p><\/div>\n<p style=\"text-align: justify;\">\n<p style=\"text-align: justify;\"><span style=\"font-weight: 400;\">Pami\u0119taj, \u017ce maluj\u0105c usta niebiesk\u0105 szmink\u0105 w dowolnym odcieniu, skutecznie przyci\u0105gasz uwag\u0119 innych. \u017beby Tw\u00f3j wizerunek by\u0142 sp\u00f3jny, pod\u0105\u017caj wi\u0119c przed siebie <strong>zdecydowanym, pewnym krokiem.<\/strong> Nie unikaj kontaktu wzrokowego z osobami, kt\u00f3re na Ciebie spogl\u0105daj\u0105. Trzymaj g\u0142ow\u0119 wysoko i promiennie si\u0119 u\u015bmiechaj.\u00a0<\/span><\/p>\n<p style=\"text-align: justify;\"><strong>Jaki kolor szminki wybierzesz na tegoroczny sezon letni<\/strong> <strong>\u2013 dziewcz\u0119cy r\u00f3\u017c, intensywn\u0105 czerwie\u0144 czy energetyzuj\u0105cy b\u0142\u0119kit?\u00a0<\/strong><\/p>\n","protected":false},"excerpt":{"rendered":"<p>Pocz\u0105tek sezonu wakacyjnego to najlepszy moment na eksperymentowanie z make-upem i prawdziw\u0105 zabaw\u0119 palet\u0105 barw. Dzi\u015b skupimy si\u0119 jednak wy\u0142\u0105cznie na ustach i wsp\u00f3lnie wybierzemy najlepsze kolory szminki na lato. Zaczynamy?\u00a0<\/p>\n","protected":false},"author":2,"featured_media":6917,"comment_status":"open","ping_status":"open","sticky":false,"template":"","format":"standard","meta":{"_et_pb_use_builder":"","_et_pb_old_content":"","_et_gb_content_width":"","footnotes":""},"categories":[41,6],"tags":[],"class_list":["post-6913","post","type-post","status-publish","format-standard","has-post-thumbnail","hentry","category-olsniewaj-makijazem","category-trendy","et-has-post-format-content","et_post_format-et-post-format-standard"],"_links":{"self":[{"href":"https:\/\/neness.pl\/blog\/wp-json\/wp\/v2\/posts\/6913","targetHints":{"allow":["GET"]}}],"collection":[{"href":"https:\/\/neness.pl\/blog\/wp-json\/wp\/v2\/posts"}],"about":[{"href":"https:\/\/neness.pl\/blog\/wp-json\/wp\/v2\/types\/post"}],"author":[{"embeddable":true,"href":"https:\/\/neness.pl\/blog\/wp-json\/wp\/v2\/users\/2"}],"replies":[{"embeddable":true,"href":"https:\/\/neness.pl\/blog\/wp-json\/wp\/v2\/comments?post=6913"}],"version-history":[{"count":0,"href":"https:\/\/neness.pl\/blog\/wp-json\/wp\/v2\/posts\/6913\/revisions"}],"wp:featuredmedia":[{"embeddable":true,"href":"https:\/\/neness.pl\/blog\/wp-json\/wp\/v2\/media\/6917"}],"wp:attachment":[{"href":"https:\/\/neness.pl\/blog\/wp-json\/wp\/v2\/media?parent=6913"}],"wp:term":[{"taxonomy":"category","embeddable":true,"href":"https:\/\/neness.pl\/blog\/wp-json\/wp\/v2\/categories?post=6913"},{"taxonomy":"post_tag","embeddable":true,"href":"https:\/\/neness.pl\/blog\/wp-json\/wp\/v2\/tags?post=6913"}],"curies":[{"name":"wp","href":"https:\/\/api.w.org\/{rel}","templated":true}]}}