{"id":6857,"date":"2020-06-03T12:37:36","date_gmt":"2020-06-03T10:37:36","guid":{"rendered":"http:\/\/ranking-kosmetykow.pl\/?p=6857"},"modified":"2020-06-03T12:37:36","modified_gmt":"2020-06-03T10:37:36","slug":"manicure-na-lato-ciekawe-pomysly","status":"publish","type":"post","link":"https:\/\/neness.pl\/blog\/manicure-na-lato-ciekawe-pomysly\/","title":{"rendered":"Manicure na lato \u2013 ciekawe pomys\u0142y"},"content":{"rendered":"<p style=\"text-align: justify;\"><strong>Jaki kolor paznokci b\u0119dzie kr\u00f3lowa\u0142 w tegorocznym sezonie wakacyjnym? Na jak\u0105 d\u0142ugo\u015b\u0107 warto si\u0119 zdecydowa\u0107? Kt\u00f3re zdobienia wybra\u0107? Przeczytaj ten wpis i dowiedz si\u0119 wi\u0119cej o paznokciowych trendach na lato 2020.\u00a0<\/strong><\/p>\n<p style=\"text-align: justify;\"><!--more--><\/p>\n<h3 style=\"text-align: justify;\"><strong>Intensywne, przyci\u0105gaj\u0105ce uwag\u0119 kolory<\/strong><\/h3>\n<p style=\"text-align: justify;\"><span style=\"font-weight: 400;\">Sezon wakacyjny to idealna okazja, \u017ceby zdecydowa\u0107 si\u0119 na <strong>kolorowy, przyci\u0105gaj\u0105cy uwag\u0119 manicure<\/strong>. Taka stylizacja paznokci b\u0119dzie \u015bwietnie komponowa\u0142a si\u0119 z letnimi, zwiewnymi sukienkami, szortami i bawe\u0142nian\u0105 koszul\u0105, eleganckim kombinezonem czy oryginalnymi strojami wybieranymi na imprezy w stylu garden party. Na jakie warianty kolorystyczne warto zatem postawi\u0107?<\/span><\/p>\n<div id=\"attachment_6858\" style=\"width: 310px\" class=\"wp-caption aligncenter\"><img loading=\"lazy\" decoding=\"async\" aria-describedby=\"caption-attachment-6858\" class=\"size-medium wp-image-6858\" src=\"http:\/\/ranking-kosmetykow.pl\/wp-content\/uploads\/2020\/06\/10072_0_K-300x300.jpg\" alt=\"\" width=\"300\" height=\"300\" srcset=\"https:\/\/neness.pl\/blog\/wp-content\/uploads\/2020\/06\/10072_0_K-300x300.jpg 300w, https:\/\/neness.pl\/blog\/wp-content\/uploads\/2020\/06\/10072_0_K-150x150.jpg 150w, https:\/\/neness.pl\/blog\/wp-content\/uploads\/2020\/06\/10072_0_K-768x768.jpg 768w, https:\/\/neness.pl\/blog\/wp-content\/uploads\/2020\/06\/10072_0_K-610x610.jpg 610w, https:\/\/neness.pl\/blog\/wp-content\/uploads\/2020\/06\/10072_0_K-440x440.jpg 440w, https:\/\/neness.pl\/blog\/wp-content\/uploads\/2020\/06\/10072_0_K.jpg 1000w\" sizes=\"auto, (max-width: 300px) 100vw, 300px\" \/><p id=\"caption-attachment-6858\" class=\"wp-caption-text\"><em>Flexy Hybrid Gel lakier hybrydowy 10 4.5g<\/em><\/p><\/div>\n<p style=\"text-align: justify;\">\n<p style=\"text-align: justify;\"><span style=\"font-weight: 400;\">Szczeg\u00f3lnie polecane s\u0105 intensywne, neonowe odcienie, kt\u00f3re mog\u0105 wyst\u0119powa\u0107 w r\u00f3\u017cnych konfiguracjach. Tylko od Ciebie zale\u017cy, czy zdecydujesz si\u0119 na <strong>neonowy french<\/strong>, neonowe ombre czy paznokcie pomalowane w ca\u0142o\u015bci na jeden neonowy kolor. Pami\u0119taj, \u017ce latem mo\u017cesz pozwoli\u0107 sobie na zabaw\u0119 palet\u0105 barw. Nie b\u00f3j si\u0119 eksperymentowa\u0107 i testuj do woli nawet najbardziej szalone po\u0142\u0105czenia.\u00a0<\/span><\/p>\n<h3 style=\"text-align: justify;\"><strong>Oryginalne wzory i zdobienia<\/strong><\/h3>\n<p style=\"text-align: justify;\"><span style=\"font-weight: 400;\">Podczas tegorocznych wakacji niezwykle modne b\u0119d\u0105 nowoczesne, geometryczne kszta\u0142ty, a tak\u017ce <strong>motywy inspirowane natur\u0105<\/strong>. Je\u015bli Twoje mieszkanie zamienia si\u0119 w prawdziw\u0105 d\u017cungl\u0119, a Twoj\u0105 garderob\u0119 wype\u0142niaj\u0105 ubrania z botanicznymi printami, w tym sezonie pozw\u00f3l sobie r\u00f3wnie\u017c na manicure z takimi zdobieniami. Zastosuj wyraziste, \u017cywe kolory i uruchom wyobra\u017ani\u0119.\u00a0<\/span><\/p>\n<div id=\"attachment_6859\" style=\"width: 310px\" class=\"wp-caption aligncenter\"><img loading=\"lazy\" decoding=\"async\" aria-describedby=\"caption-attachment-6859\" class=\"size-medium wp-image-6859\" src=\"http:\/\/ranking-kosmetykow.pl\/wp-content\/uploads\/2020\/06\/10268_0_K-300x280.jpg\" alt=\"\" width=\"300\" height=\"280\" srcset=\"https:\/\/neness.pl\/blog\/wp-content\/uploads\/2020\/06\/10268_0_K-300x280.jpg 300w, https:\/\/neness.pl\/blog\/wp-content\/uploads\/2020\/06\/10268_0_K-768x717.jpg 768w, https:\/\/neness.pl\/blog\/wp-content\/uploads\/2020\/06\/10268_0_K-610x569.jpg 610w, https:\/\/neness.pl\/blog\/wp-content\/uploads\/2020\/06\/10268_0_K.jpg 1000w\" sizes=\"auto, (max-width: 300px) 100vw, 300px\" \/><p id=\"caption-attachment-6859\" class=\"wp-caption-text\"><em>Care Base Coat piel\u0119gnuj\u0105ca baza pod lakier 9g<\/em><\/p><\/div>\n<h3 style=\"text-align: justify;\"><strong>Manicure, kt\u00f3rego nie wida\u0107\u00a0<\/strong><\/h3>\n<p style=\"text-align: justify;\"><span style=\"font-weight: 400;\">Lubisz ubiera\u0107 si\u0119 klasycznie i najlepiej czujesz w towarzystwie delikatnych, stonowanych barw? Z pewno\u015bci\u0105 zainteresuje Ci\u0119 <strong>manicure no manicure<\/strong>. Na czym polega? Ten rodzaj stylizacji ma sprawia\u0107 wra\u017cenie bardzo naturalnego, a tak\u017ce subtelnie podkre\u015bla\u0107 pi\u0119kno d\u0142oni. Dlatego te\u017c do jego wykonania mo\u017cesz zastosowa\u0107 dowolny odcie\u0144 nude lub zgaszone pastele.\u00a0<\/span><\/p>\n<div id=\"attachment_6860\" style=\"width: 241px\" class=\"wp-caption aligncenter\"><img loading=\"lazy\" decoding=\"async\" aria-describedby=\"caption-attachment-6860\" class=\"size-medium wp-image-6860\" src=\"http:\/\/ranking-kosmetykow.pl\/wp-content\/uploads\/2020\/06\/22433_0_K-231x300.jpg\" alt=\"\" width=\"231\" height=\"300\" srcset=\"https:\/\/neness.pl\/blog\/wp-content\/uploads\/2020\/06\/22433_0_K-231x300.jpg 231w, https:\/\/neness.pl\/blog\/wp-content\/uploads\/2020\/06\/22433_0_K-610x791.jpg 610w, https:\/\/neness.pl\/blog\/wp-content\/uploads\/2020\/06\/22433_0_K.jpg 750w\" sizes=\"auto, (max-width: 231px) 100vw, 231px\" \/><p id=\"caption-attachment-6860\" class=\"wp-caption-text\"><em>Cuticle Remover preparat zmi\u0119kczaj\u0105cy sk\u00f3rki w zakraplaczu 15ml<\/em><\/p><\/div>\n<p style=\"text-align: justify;\">\n<p style=\"text-align: justify;\"><span style=\"font-weight: 400;\">Podczas tegorocznych wakacji modne b\u0119d\u0105 zar\u00f3wno <strong>kr\u00f3tkie, zaokr\u0105glone paznokcie<\/strong>, jak i d\u0142ugie w kszta\u0142cie prostok\u0105ta. Na kr\u00f3tkich paznokciach efektownie prezentuj\u0105 si\u0119 delikatne, pastelowe kolory i klasyczne nudziaki, natomiast na d\u0142ugich \u2013 abstrakcyjne wzory oraz neonowe odcienie. Niezale\u017cnie od tego, na jaki manicure si\u0119 zdecydujesz,\u00a0pami\u0119taj o regularnym piel\u0119gnowaniu p\u0142ytki paznokcia i wyr\u00f3wnywaniu sk\u00f3rek.\u00a0<\/span><\/p>\n<p>&nbsp;<\/p>\n","protected":false},"excerpt":{"rendered":"<p>Jaki kolor paznokci b\u0119dzie kr\u00f3lowa\u0142 w tegorocznym sezonie wakacyjnym? Na jak\u0105 d\u0142ugo\u015b\u0107 warto si\u0119 zdecydowa\u0107? Kt\u00f3re zdobienia wybra\u0107? Przeczytaj ten wpis i dowiedz si\u0119 wi\u0119cej o paznokciowych trendach na lato 2020.\u00a0<\/p>\n","protected":false},"author":2,"featured_media":6861,"comment_status":"open","ping_status":"open","sticky":false,"template":"","format":"standard","meta":{"_et_pb_use_builder":"","_et_pb_old_content":"","_et_gb_content_width":"","footnotes":""},"categories":[185,6],"tags":[],"class_list":["post-6857","post","type-post","status-publish","format-standard","has-post-thumbnail","hentry","category-codzienna-pielegnacja","category-trendy","et-has-post-format-content","et_post_format-et-post-format-standard"],"_links":{"self":[{"href":"https:\/\/neness.pl\/blog\/wp-json\/wp\/v2\/posts\/6857","targetHints":{"allow":["GET"]}}],"collection":[{"href":"https:\/\/neness.pl\/blog\/wp-json\/wp\/v2\/posts"}],"about":[{"href":"https:\/\/neness.pl\/blog\/wp-json\/wp\/v2\/types\/post"}],"author":[{"embeddable":true,"href":"https:\/\/neness.pl\/blog\/wp-json\/wp\/v2\/users\/2"}],"replies":[{"embeddable":true,"href":"https:\/\/neness.pl\/blog\/wp-json\/wp\/v2\/comments?post=6857"}],"version-history":[{"count":0,"href":"https:\/\/neness.pl\/blog\/wp-json\/wp\/v2\/posts\/6857\/revisions"}],"wp:featuredmedia":[{"embeddable":true,"href":"https:\/\/neness.pl\/blog\/wp-json\/wp\/v2\/media\/6861"}],"wp:attachment":[{"href":"https:\/\/neness.pl\/blog\/wp-json\/wp\/v2\/media?parent=6857"}],"wp:term":[{"taxonomy":"category","embeddable":true,"href":"https:\/\/neness.pl\/blog\/wp-json\/wp\/v2\/categories?post=6857"},{"taxonomy":"post_tag","embeddable":true,"href":"https:\/\/neness.pl\/blog\/wp-json\/wp\/v2\/tags?post=6857"}],"curies":[{"name":"wp","href":"https:\/\/api.w.org\/{rel}","templated":true}]}}