{"id":6831,"date":"2020-05-28T11:01:22","date_gmt":"2020-05-28T09:01:22","guid":{"rendered":"http:\/\/ranking-kosmetykow.pl\/?p=6831"},"modified":"2020-05-28T11:01:22","modified_gmt":"2020-05-28T09:01:22","slug":"makijazowe-trendy-na-wiosne-i-lato-2020","status":"publish","type":"post","link":"https:\/\/neness.pl\/blog\/makijazowe-trendy-na-wiosne-i-lato-2020\/","title":{"rendered":"Makija\u017cowe trendy na wiosn\u0119 i lato 2020"},"content":{"rendered":"<p style=\"text-align: justify;\"><strong>Trendy w makija\u017cu, podobnie jak i w modzie, zmieniaj\u0105 si\u0119 z ka\u017cdym kolejnym sezonem. Co\u015b, co jeszcze do niedawna by\u0142o na topie, za jaki\u015b czas odchodzi w zapomnienie, aby zrobi\u0107 miejsce kolejnym make-upowym nowinkom. Dzi\u015b pod lup\u0119 bierzemy makija\u017cowe trendy na wiosn\u0119 i lato 2020. Jakie stylizacje b\u0119d\u0105 hitem w trakcie nadchodz\u0105cych miesi\u0119cy? Sprawdzamy!<\/strong><\/p>\n<p style=\"text-align: justify;\"><!--more--><\/p>\n<h3 style=\"text-align: justify;\"><strong>Makija\u017c z pastelami w roli g\u0142\u00f3wnej \u2013 hit wiosny i lata 2020<\/strong><\/h3>\n<p style=\"text-align: justify;\"><span style=\"font-weight: 400;\">Wiosn\u0105 i latem 2020 zdecydowanie nie b\u0119dziemy narzeka\u0107 na nud\u0119 i monotoni\u0119 w makija\u017cu. Trendy na nadchodz\u0105ce miesi\u0105ce obfituj\u0105 w pastele \u2013 <strong>subtelne, pi\u0119kne i niezwykle kobiece odcienie<\/strong>, kt\u00f3re dodadz\u0105 ka\u017cdej stylizacji delikatno\u015bci i rewelacyjnie podkre\u015bl\u0105 r\u00f3\u017cne typy damskiej urody. To w\u0142a\u015bnie takie barwy b\u0119d\u0105 jednym z najgor\u0119tszych hit\u00f3w, dlatego je\u015bli nie masz jeszcze w swojej kosmetyczce przynajmniej jednego pastelowego cienia, a najlepiej ca\u0142ej paletki w tych tonacjach, to najwy\u017cszy czas to zmieni\u0107. Znajdziesz j\u0105 na przyk\u0142ad w drogerii internetowej Neness, w kt\u00f3rej czekaj\u0105 na Ciebie kosmetyki Almay, Artfeco, Boutjois, Collistar, Eveline Cosmetics, L&#8217;Oreal Paris, Makeup Rebolution, Maybelline, Revlon, Rimmel, The Balm i wiele innych. Obowi\u0105zkowym dope\u0142nieniem make-upu na s\u0142oneczne dni s\u0105 powieki pokryte r\u00f3\u017cami, fioletami, zieleniami i b\u0142\u0119kitami.<\/span><\/p>\n<div id=\"attachment_6832\" style=\"width: 310px\" class=\"wp-caption aligncenter\"><img loading=\"lazy\" decoding=\"async\" aria-describedby=\"caption-attachment-6832\" class=\"size-medium wp-image-6832\" src=\"http:\/\/ranking-kosmetykow.pl\/wp-content\/uploads\/2020\/05\/rimmel03-300x108.jpg\" alt=\"\" width=\"300\" height=\"108\" srcset=\"https:\/\/neness.pl\/blog\/wp-content\/uploads\/2020\/05\/rimmel03-300x108.jpg 300w, https:\/\/neness.pl\/blog\/wp-content\/uploads\/2020\/05\/rimmel03-610x220.jpg 610w, https:\/\/neness.pl\/blog\/wp-content\/uploads\/2020\/05\/rimmel03.jpg 640w\" sizes=\"auto, (max-width: 300px) 100vw, 300px\" \/><p id=\"caption-attachment-6832\" class=\"wp-caption-text\"><em>Rimmel Magnif&#8217;eyes shadow Paletka do konturowania oczu 03 Grunge Glamour<\/em><\/p><\/div>\n<h3 style=\"text-align: justify;\"><strong>Usta? Na czerwono i ciemno!<\/strong><\/h3>\n<p style=\"text-align: justify;\"><span style=\"font-weight: 400;\">Czerwie\u0144 to prawdziwy klasyk zar\u00f3wno w \u015bwiecie make-upu, jak i kobiecej mody. <strong>Krwisty, zmys\u0142owy i niezwykle intensywny kolor<\/strong> nigdy nie wychodzi ze \u015bwiata trend\u00f3w. Nic wi\u0119c dziwnego, \u017ce przez najbli\u017csze miesi\u0105ce to w\u0142a\u015bnie on b\u0119dzie kr\u00f3lowa\u0107 na ustach! W tym sezonie czerwona szminka nie jest ju\u017c zarezerwowana wy\u0142\u0105cznie na wieczorowe wyj\u015bcia. Od teraz nak\u0142adaj j\u0105, kiedy tylko chcesz i gdzie chcesz. Decyduj\u0105c si\u0119 na podkre\u015blenie warg tak wyrazistym i przyci\u0105gaj\u0105cym wzrok kolorem, zrezygnuj z mocnego zaakcentowania oczu czy brwi. Zamiast tego po\u0142\u0105cz czerwon\u0105 pomadk\u0105 z tzw. make-up no make-up. Kolejny makija\u017cowy trend z pewno\u015bci\u0105 Ci\u0119 zaskoczy i przypadnie do gustu mi\u0142o\u015bniczkom ciemnych, nietuzinkowych i pe\u0142nych charakteru stylizacji. Mowa, oczywi\u015bcie, o ustach w odcieniach br\u0105zu, czerni i fioletu. Taki make-up to \u015bwietna propozycja dla odwa\u017cnych kobiet, kt\u00f3re nie boj\u0105 si\u0119 eksperymentowa\u0107 z makija\u017cem.<\/span><\/p>\n<div id=\"attachment_6833\" style=\"width: 235px\" class=\"wp-caption aligncenter\"><img loading=\"lazy\" decoding=\"async\" aria-describedby=\"caption-attachment-6833\" class=\"size-medium wp-image-6833\" src=\"http:\/\/ranking-kosmetykow.pl\/wp-content\/uploads\/2020\/05\/792563993d61b0dc720aa2fa3b6f1180-225x300.jpg\" alt=\"\" width=\"225\" height=\"300\" srcset=\"https:\/\/neness.pl\/blog\/wp-content\/uploads\/2020\/05\/792563993d61b0dc720aa2fa3b6f1180-225x300.jpg 225w, https:\/\/neness.pl\/blog\/wp-content\/uploads\/2020\/05\/792563993d61b0dc720aa2fa3b6f1180-610x813.jpg 610w, https:\/\/neness.pl\/blog\/wp-content\/uploads\/2020\/05\/792563993d61b0dc720aa2fa3b6f1180.jpg 750w\" sizes=\"auto, (max-width: 225px) 100vw, 225px\" \/><p id=\"caption-attachment-6833\" class=\"wp-caption-text\"><em>Dermacol Matte Mania Matowe Szminki Wysoko Napigmentowane<\/em><\/p><\/div>\n<h3 style=\"text-align: justify;\"><strong>Roz\u015bwietlenie i podkre\u015blone policzki<\/strong><\/h3>\n<p style=\"text-align: justify;\"><span style=\"font-weight: 400;\">Nie ma lepszego sposobu na podkre\u015blenie swojej urody ni\u017c <strong>naturalny, zdrowy blask<\/strong>. I to w\u0142a\u015bnie on jest jednym z najciekawszych makija\u017cowych trend\u00f3w na wiosn\u0119 i lato 2020. Delikatny make-up z nutk\u0105 blasku to doskona\u0142y wyb\u00f3r zar\u00f3wno na co dzie\u0144, jak i na weekendowe wypady za miasto czy spotkania z ukochanym. W tym sezonie mog\u0142o zabrakn\u0105\u0107 tak\u017ce pi\u0119knie podkre\u015blonych policzk\u00f3w, kt\u00f3re ponownie wracaj\u0105 do \u0142ask. W ci\u0105gu nadchodz\u0105cych miesi\u0119cy zamiast roz\u015bwietlacza aplikuj bronzer i r\u00f3\u017c.<\/span><\/p>\n<div id=\"attachment_6834\" style=\"width: 310px\" class=\"wp-caption aligncenter\"><img loading=\"lazy\" decoding=\"async\" aria-describedby=\"caption-attachment-6834\" class=\"size-medium wp-image-6834\" src=\"http:\/\/ranking-kosmetykow.pl\/wp-content\/uploads\/2020\/05\/37721_0_K-300x300.jpg\" alt=\"\" width=\"300\" height=\"300\" srcset=\"https:\/\/neness.pl\/blog\/wp-content\/uploads\/2020\/05\/37721_0_K-300x300.jpg 300w, https:\/\/neness.pl\/blog\/wp-content\/uploads\/2020\/05\/37721_0_K-1024x1024.jpg 1024w, https:\/\/neness.pl\/blog\/wp-content\/uploads\/2020\/05\/37721_0_K-150x150.jpg 150w, https:\/\/neness.pl\/blog\/wp-content\/uploads\/2020\/05\/37721_0_K-768x768.jpg 768w, https:\/\/neness.pl\/blog\/wp-content\/uploads\/2020\/05\/37721_0_K-1080x1080.jpg 1080w, https:\/\/neness.pl\/blog\/wp-content\/uploads\/2020\/05\/37721_0_K-610x610.jpg 610w, https:\/\/neness.pl\/blog\/wp-content\/uploads\/2020\/05\/37721_0_K-440x440.jpg 440w, https:\/\/neness.pl\/blog\/wp-content\/uploads\/2020\/05\/37721_0_K.jpg 1476w\" sizes=\"auto, (max-width: 300px) 100vw, 300px\" \/><p id=\"caption-attachment-6834\" class=\"wp-caption-text\"><em>Insta Glow Bronzer bronzer do twarzy 001 Sunkissed Blonde 5g<\/em><\/p><\/div>\n<h3 style=\"text-align: justify;\"><strong>Pozosta\u0142e makija\u017cowe trendy na wiosn\u0119 i lato 2020<\/strong><\/h3>\n<p style=\"text-align: justify;\"><span style=\"font-weight: 400;\">Do pozosta\u0142ych makija\u017cowych trend\u00f3w na wiosn\u0119 i lato 2020 mo\u017cna zaliczy\u0107 mi\u0119dzy innymi <strong>maksymalnie wyd\u0142u\u017cone i podkre\u015blone ciemnym tuszem rz\u0119sy<\/strong>. Mocno wytuszowane w\u0142oski sprawdz\u0105 si\u0119 znakomicie w roli make-upu na ostatni\u0105 chwil\u0119, kiedy zale\u017cy Ci na kobiecym, ale naturalnym wygl\u0105dzie. Mi\u0142o\u015bniczki subtelno\u015bci i nutki blasku na ustach z pewno\u015bci\u0105 uciesz\u0105 si\u0119, \u017ce w tym sezonie b\u0142yszczyki wracaj\u0105 do \u0142ask. Kosmetyk powinien by\u0107 koniecznie bezbarwny! Wiosn\u0105 i latem 2020 ponownie b\u0119dziemy tak\u017ce wykonywa\u0107 makija\u017c typu smoky eyes oraz, jak co roku, podkre\u015bla\u0107 oczy brokatem i odrobin\u0105 fluorescencyjnych kolor\u00f3w.<\/span><\/p>\n<div id=\"attachment_6835\" style=\"width: 310px\" class=\"wp-caption aligncenter\"><img loading=\"lazy\" decoding=\"async\" aria-describedby=\"caption-attachment-6835\" class=\"size-medium wp-image-6835\" src=\"http:\/\/ranking-kosmetykow.pl\/wp-content\/uploads\/2020\/05\/39944_0_K-300x300.jpg\" alt=\"\" width=\"300\" height=\"300\" srcset=\"https:\/\/neness.pl\/blog\/wp-content\/uploads\/2020\/05\/39944_0_K-300x300.jpg 300w, https:\/\/neness.pl\/blog\/wp-content\/uploads\/2020\/05\/39944_0_K-150x150.jpg 150w, https:\/\/neness.pl\/blog\/wp-content\/uploads\/2020\/05\/39944_0_K-440x440.jpg 440w, https:\/\/neness.pl\/blog\/wp-content\/uploads\/2020\/05\/39944_0_K.jpg 500w\" sizes=\"auto, (max-width: 300px) 100vw, 300px\" \/><p id=\"caption-attachment-6835\" class=\"wp-caption-text\"><em>False Lash Epic Mascara tusz do rz\u0119s Black 13,1ml<\/em><\/p><\/div>\n","protected":false},"excerpt":{"rendered":"<p>Trendy w makija\u017cu, podobnie jak i w modzie, zmieniaj\u0105 si\u0119 z ka\u017cdym kolejnym sezonem. Co\u015b, co jeszcze do niedawna by\u0142o na topie, za jaki\u015b czas odchodzi w zapomnienie, aby zrobi\u0107 miejsce kolejnym make-upowym nowinkom. Dzi\u015b pod lup\u0119 bierzemy makija\u017cowe trendy na wiosn\u0119 i lato 2020. Jakie stylizacje b\u0119d\u0105 hitem w trakcie nadchodz\u0105cych miesi\u0119cy? Sprawdzamy!<\/p>\n","protected":false},"author":2,"featured_media":6836,"comment_status":"open","ping_status":"open","sticky":false,"template":"","format":"standard","meta":{"_et_pb_use_builder":"","_et_pb_old_content":"","_et_gb_content_width":"","footnotes":""},"categories":[41,6],"tags":[],"class_list":["post-6831","post","type-post","status-publish","format-standard","has-post-thumbnail","hentry","category-olsniewaj-makijazem","category-trendy","et-has-post-format-content","et_post_format-et-post-format-standard"],"_links":{"self":[{"href":"https:\/\/neness.pl\/blog\/wp-json\/wp\/v2\/posts\/6831","targetHints":{"allow":["GET"]}}],"collection":[{"href":"https:\/\/neness.pl\/blog\/wp-json\/wp\/v2\/posts"}],"about":[{"href":"https:\/\/neness.pl\/blog\/wp-json\/wp\/v2\/types\/post"}],"author":[{"embeddable":true,"href":"https:\/\/neness.pl\/blog\/wp-json\/wp\/v2\/users\/2"}],"replies":[{"embeddable":true,"href":"https:\/\/neness.pl\/blog\/wp-json\/wp\/v2\/comments?post=6831"}],"version-history":[{"count":0,"href":"https:\/\/neness.pl\/blog\/wp-json\/wp\/v2\/posts\/6831\/revisions"}],"wp:featuredmedia":[{"embeddable":true,"href":"https:\/\/neness.pl\/blog\/wp-json\/wp\/v2\/media\/6836"}],"wp:attachment":[{"href":"https:\/\/neness.pl\/blog\/wp-json\/wp\/v2\/media?parent=6831"}],"wp:term":[{"taxonomy":"category","embeddable":true,"href":"https:\/\/neness.pl\/blog\/wp-json\/wp\/v2\/categories?post=6831"},{"taxonomy":"post_tag","embeddable":true,"href":"https:\/\/neness.pl\/blog\/wp-json\/wp\/v2\/tags?post=6831"}],"curies":[{"name":"wp","href":"https:\/\/api.w.org\/{rel}","templated":true}]}}