{"id":6810,"date":"2020-05-21T14:32:27","date_gmt":"2020-05-21T12:32:27","guid":{"rendered":"http:\/\/ranking-kosmetykow.pl\/?p=6810"},"modified":"2020-05-21T14:32:27","modified_gmt":"2020-05-21T12:32:27","slug":"kremy-do-twarzy-dla-mezczyzn","status":"publish","type":"post","link":"https:\/\/neness.pl\/blog\/kremy-do-twarzy-dla-mezczyzn\/","title":{"rendered":"Kremy do twarzy dla m\u0119\u017cczyzn"},"content":{"rendered":"<p>Sk\u00f3ra m\u0119ska jest zupe\u0142nie inna ni\u017c cera u pa\u0144, dlatego potrzebuje przystosowanej do jej potrzeb <strong>specjalnej formu\u0142y kremu<\/strong>. Taki kosmetyk musi dobrze nawil\u017ca\u0107, ale nie przet\u0142uszcza\u0107, a przy tym pozostawia\u0107 wra\u017cenie komfortu i \u015bwie\u017co\u015bci. Oto kilka wskaz\u00f3wek, jak dobra\u0107 taki kosmetyk.<\/p>\n<h3>Jaki rodzaj kremu?<\/h3>\n<p>Sk\u00f3ra u m\u0119\u017cczyzn du\u017co rzadziej bywa przet\u0142uszczona ni\u017c u kobiet. Dzieje si\u0119 tak dlatego, \u017ce jest ona grubsza, przez co lepiej zatrzymuje wod\u0119, a do tego ma du\u017co wi\u0119cej gruczo\u0142\u00f3w \u0142ojowych. Dlatego w\u0142a\u015bnie w wi\u0119kszo\u015bci przypadk\u00f3w panowie nie potrzebuj\u0105 tak bogatych od\u017cywczych krem\u00f3w jak panie, lepiej sprawdzaj\u0105 si\u0119 u nich <strong>bardzo lekkie kosmetyki,<\/strong> kt\u00f3re zapewniaj\u0105 codzienn\u0105 dawk\u0119 nawil\u017cenia, ale <strong>szybko si\u0119 wch\u0142aniaj\u0105<\/strong> i nie pozostawiaj\u0105 t\u0142ustego filmu. Zamiast krem\u00f3w o dzia\u0142aniu od\u017cywczym czy regeneruj\u0105cym m\u0119\u017cczy\u017ani powinni wybiera\u0107 kosmetyki<strong> \u0142agodz\u0105ce i niweluj\u0105ce uczucie sw\u0119dzenia.<\/strong> Dlaczego w\u0142a\u015bnie takie produkty s\u0105 w tym przypadku wskazane? Pow\u00f3d jest bardzo prosty &#8211; m\u0119ska sk\u00f3ra cz\u0119sto ma do czynienia z maszynk\u0105 i wod\u0105 po goleniu zawieraj\u0105c\u0105 alkohol, co mo\u017ce dzia\u0142a\u0107 dra\u017cni\u0105co na sk\u00f3r\u0119.<\/p>\n<div id=\"attachment_6811\" style=\"width: 360px\" class=\"wp-caption aligncenter\"><a href=\"https:\/\/neness.pl\/pl\/p\/Men-Advanced-Care-Face-Cream-intensywnie-nawilzajacy-krem-do-twarzy-75ml\/21065\"><img loading=\"lazy\" decoding=\"async\" aria-describedby=\"caption-attachment-6811\" class=\"wp-image-6811\" src=\"http:\/\/ranking-kosmetykow.pl\/wp-content\/uploads\/2020\/05\/36994_0_K-545x1024.jpg\" alt=\"\" width=\"350\" height=\"657\" srcset=\"https:\/\/neness.pl\/blog\/wp-content\/uploads\/2020\/05\/36994_0_K-545x1024.jpg 545w, https:\/\/neness.pl\/blog\/wp-content\/uploads\/2020\/05\/36994_0_K-160x300.jpg 160w, https:\/\/neness.pl\/blog\/wp-content\/uploads\/2020\/05\/36994_0_K.jpg 600w\" sizes=\"auto, (max-width: 350px) 100vw, 350px\" \/><\/a><p id=\"caption-attachment-6811\" class=\"wp-caption-text\">Men Advanced Care Face Cream intensywnie nawil\u017caj\u0105cy krem do twarzy 75ml<\/p><\/div>\n<h3>Jakich sk\u0142adnik\u00f3w szuka\u0107 w kremie dla m\u0119\u017cczyzn?<\/h3>\n<p>Kremy dla m\u0119\u017cczyzn powinny przede wszystkim zawiera\u0107 substancje <strong>zwalczaj\u0105ce wolne rodniki,<\/strong> takie jak witaminy A i C. Opr\u00f3cz tego warto te\u017c szuka\u0107 w nich cynku, miedzi, a tak\u017ce witamin z grupy B. Nie mo\u017cna te\u017c zapomina\u0107 o sk\u0142adnikach o dzia\u0142aniu \u0142agodz\u0105cym i koj\u0105cym. Kosmetyk do piel\u0119gnacji twarzy dla pan\u00f3w powinien wi\u0119c r\u00f3wnie\u017c mie\u0107 w sk\u0142adzie takie substancje, jak <strong>aloes, pantenol czy wyci\u0105g z og\u00f3rka.<\/strong> Warto unika\u0107 za to wszystkich tych krem\u00f3w, kt\u00f3re zawieraj\u0105 parabeny oraz alkohol. Je\u015bli sk\u00f3ra jest wyj\u0105tkowo wra\u017cliwa lepiej tak\u017ce nie decydowa\u0107 si\u0119 na silnie perfumowane produkty.<\/p>\n<h3>Czy wybra\u0107 osobny krem na noc?<\/h3>\n<p>Oczywi\u015bcie mo\u017cna stosowa\u0107 ten sam kosmetyk na dzie\u0144 i na noc, ale je\u015bli chcemy kompleksowo zadba\u0107 o sk\u00f3r\u0119 i osi\u0105gn\u0105\u0107 spektakularny efekt, lepiej postawi\u0107 na dwa r\u00f3\u017cne produkty. Kremy na dzie\u0144 dzia\u0142aj\u0105 bowiem nieco inaczej ni\u017c te, kt\u00f3re nak\u0142adamy na twarz przed snem. Te pierwsze maj\u0105 pe\u0142ni\u0107 g\u0142\u00f3wnie <strong>funkcj\u0119 ochronn\u0105,<\/strong> a wi\u0119c zabezpiecza\u0107 sk\u00f3r\u0119 przed dzia\u0142aniem czynnik\u00f3w zewn\u0119trznych. Cz\u0119sto maj\u0105 <strong>filtry UV<\/strong>, a niekiedy maj\u0105 te\u017c dzia\u0142anie normalizuj\u0105ce wydzielanie sebum. Dzi\u0119ki nim sk\u00f3ra nie \u015bwieci si\u0119 w ci\u0105gu dnia i wolniej si\u0119 starzeje. Kosmetyki na noc s\u0105 z kolei bardziej nastawione na <strong>nawil\u017canie i uzupe\u0142nianie witamin i minera\u0142\u00f3w<\/strong> w sk\u00f3rze, co sprawia, \u017ce rano cera wygl\u0105da \u015bwie\u017co i zdrowo.<\/p>\n","protected":false},"excerpt":{"rendered":"<p>Sk\u00f3ra m\u0119ska jest zupe\u0142nie inna ni\u017c cera u pa\u0144, dlatego potrzebuje przystosowanej do jej potrzeb specjalnej formu\u0142y kremu. Taki kosmetyk musi dobrze nawil\u017ca\u0107, ale nie przet\u0142uszcza\u0107, a przy tym pozostawia\u0107 wra\u017cenie komfortu i \u015bwie\u017co\u015bci. Oto kilka wskaz\u00f3wek, jak dobra\u0107 taki kosmetyk. Jaki rodzaj kremu? Sk\u00f3ra u m\u0119\u017cczyzn du\u017co rzadziej bywa przet\u0142uszczona ni\u017c u kobiet. Dzieje [&hellip;]<\/p>\n","protected":false},"author":2,"featured_media":6812,"comment_status":"open","ping_status":"open","sticky":false,"template":"","format":"standard","meta":{"_et_pb_use_builder":"","_et_pb_old_content":"","_et_gb_content_width":"","footnotes":""},"categories":[146],"tags":[],"class_list":["post-6810","post","type-post","status-publish","format-standard","has-post-thumbnail","hentry","category-z-mysla-o-mezczyznach","et-has-post-format-content","et_post_format-et-post-format-standard"],"_links":{"self":[{"href":"https:\/\/neness.pl\/blog\/wp-json\/wp\/v2\/posts\/6810","targetHints":{"allow":["GET"]}}],"collection":[{"href":"https:\/\/neness.pl\/blog\/wp-json\/wp\/v2\/posts"}],"about":[{"href":"https:\/\/neness.pl\/blog\/wp-json\/wp\/v2\/types\/post"}],"author":[{"embeddable":true,"href":"https:\/\/neness.pl\/blog\/wp-json\/wp\/v2\/users\/2"}],"replies":[{"embeddable":true,"href":"https:\/\/neness.pl\/blog\/wp-json\/wp\/v2\/comments?post=6810"}],"version-history":[{"count":0,"href":"https:\/\/neness.pl\/blog\/wp-json\/wp\/v2\/posts\/6810\/revisions"}],"wp:featuredmedia":[{"embeddable":true,"href":"https:\/\/neness.pl\/blog\/wp-json\/wp\/v2\/media\/6812"}],"wp:attachment":[{"href":"https:\/\/neness.pl\/blog\/wp-json\/wp\/v2\/media?parent=6810"}],"wp:term":[{"taxonomy":"category","embeddable":true,"href":"https:\/\/neness.pl\/blog\/wp-json\/wp\/v2\/categories?post=6810"},{"taxonomy":"post_tag","embeddable":true,"href":"https:\/\/neness.pl\/blog\/wp-json\/wp\/v2\/tags?post=6810"}],"curies":[{"name":"wp","href":"https:\/\/api.w.org\/{rel}","templated":true}]}}