{"id":6789,"date":"2020-05-13T14:28:43","date_gmt":"2020-05-13T12:28:43","guid":{"rendered":"http:\/\/ranking-kosmetykow.pl\/?p=6789"},"modified":"2020-05-13T14:28:43","modified_gmt":"2020-05-13T12:28:43","slug":"krem-a-serum-do-twarzy-czym-sie-roznia","status":"publish","type":"post","link":"https:\/\/neness.pl\/blog\/krem-a-serum-do-twarzy-czym-sie-roznia\/","title":{"rendered":"Krem a serum do twarzy \u2013 czym si\u0119 r\u00f3\u017cni\u0105?"},"content":{"rendered":"<p>Krem i serum &#8211; oba te kosmetyki maj\u0105 dobroczynny wp\u0142yw na cer\u0119, ale czy mog\u0105 zast\u0119powa\u0107 siebie nawzajem? Ot\u00f3\u017c nie, s\u0105 mi\u0119dzy nimi istotne r\u00f3\u017cnice, powoduj\u0105ce, \u017ce ka\u017cdy z tych produkt\u00f3w charakteryzuje si\u0119 innym dzia\u0142aniem. Jakie s\u0105 te rozbie\u017cno\u015bci?<!--more--><\/p>\n<h3>Konsystencja kremu i serum<\/h3>\n<p>R\u00f3\u017cnic\u0105, kt\u00f3r\u0105 mo\u017cemy zauwa\u017cy\u0107 go\u0142ym okiem, jest odmienna konsystencja tych dw\u00f3ch preparat\u00f3w. Serum przewa\u017cnie tworzone jest na bazie oleju, wi\u0119c ma <strong>p\u0142ynn\u0105 posta\u0107<\/strong> i sprzedawane jest w buteleczkach z dozownikiem. Kremy z kolei maj\u0105 posta\u0107 sta\u0142\u0105, a ich g\u0119sto\u015b\u0107 zale\u017cy od przeznaczenia kosmetyku. Kremy na dzie\u0144, pod makija\u017c z regu\u0142y s\u0105 <strong>bardzo lekkie<\/strong>, natomiast te przeznaczone na noc mog\u0105 by\u0107 <strong>znacznie g\u0119stsze.<\/strong> Z tego powodu kremy spotykamy raczej w s\u0142oiczkach lub tubkach. Za t\u0105 czysto wizualn\u0105 r\u00f3\u017cnic\u0105 id\u0105 jednak tak\u017ce r\u00f3\u017cnice w dzia\u0142aniu.<\/p>\n<div id=\"attachment_6791\" style=\"width: 360px\" class=\"wp-caption aligncenter\"><a href=\"https:\/\/neness.pl\/pl\/p\/Liscie-Zielonej-Oliwki-skoncentrowany-krem-oliwkowy-kazdy-rodzaj-skory-SPF20-50ml\/20993\"><img loading=\"lazy\" decoding=\"async\" aria-describedby=\"caption-attachment-6791\" class=\"wp-image-6791\" src=\"http:\/\/ranking-kosmetykow.pl\/wp-content\/uploads\/2020\/05\/36744_0_K.jpg\" alt=\"\" width=\"350\" height=\"304\" srcset=\"https:\/\/neness.pl\/blog\/wp-content\/uploads\/2020\/05\/36744_0_K.jpg 600w, https:\/\/neness.pl\/blog\/wp-content\/uploads\/2020\/05\/36744_0_K-300x261.jpg 300w\" sizes=\"auto, (max-width: 350px) 100vw, 350px\" \/><\/a><p id=\"caption-attachment-6791\" class=\"wp-caption-text\">Li\u015bcie Zielonej Oliwki skoncentrowany krem oliwkowy ka\u017cdy rodzaj sk\u00f3ry SPF20 50ml<\/p><\/div>\n<h3>Kompleksowo czy na problem?<\/h3>\n<p>Serum charakteryzuje si\u0119 tym, \u017ce ma du\u017co wi\u0119cej witamin, minera\u0142\u00f3w i innych dobroczynnych dla sk\u00f3ry substancji. Ma dzia\u0142a\u0107 bardzo szybko, skutecznie i <strong>likwidowa\u0107 konkretny problem sk\u00f3ry<\/strong>. Je\u015bli przeznaczone jest do nawil\u017cania, jego zadaniem jest jedynie utrzyma\u0107 odpowiedni poziom wody w nask\u00f3rku, gdy dzia\u0142a normalizuj\u0105co, skupia si\u0119 wy\u0142\u0105cznie na kontroli produkcji sebum itd. Krem za to ma <strong>dzia\u0142anie kompleksowe.<\/strong> Ka\u017cdy taki kosmetyk do twarzy b\u0119dzie dzia\u0142a\u0142 nawil\u017caj\u0105co, od\u017cywczo, ochronnie i normalizuj\u0105co, utrzymuj\u0105c tym samym cer\u0119 w zdrowiu i w\u0142a\u015bciwej kondycji.<\/p>\n<h3>Kiedy stosowa\u0107 serum, a kiedy krem?<\/h3>\n<p>Z tych w\u0142a\u015bnie powod\u00f3w to krem jest przeznaczony do<strong> codziennego stosowania<\/strong>. U\u017cywa si\u0119 go regularnie, by unikn\u0105\u0107 k\u0142opot\u00f3w sk\u00f3rnych i na d\u0142u\u017cej zachowa\u0107 m\u0142odo\u015b\u0107. Jego sk\u0142ad jest tak dobrany, by dostarcza\u0142 cerze idealn\u0105 dzienn\u0105 dawk\u0119 witamin, ale jej nie przeci\u0105\u017ca\u0142. Serum, przez to, \u017ce dzia\u0142a jednokierunkowo, nie mo\u017ce zast\u0105pi\u0107 kremu, ale znakomicie uzupe\u0142nia jego dzia\u0142anie,<strong> gdy pojawiaj\u0105 si\u0119 k\u0142opoty.<\/strong> Powinni\u015bmy wi\u0119c stosowa\u0107 je wtedy, gdy mamy konkretny problem sk\u00f3rny, jako szybk\u0105 i skuteczn\u0105 kuracj\u0119. Nie nale\u017cy jednak stosowa\u0107 go przez ca\u0142y czas, gdy\u017c mo\u017ce to zaburzy\u0107 naturalne procesy regeneracji sk\u00f3ry. Czas i cz\u0119stotliwo\u015b\u0107 stosowania konkretnego serum znajdziemy na ulotce producenta.<\/p>\n","protected":false},"excerpt":{"rendered":"<p>Krem i serum &#8211; oba te kosmetyki maj\u0105 dobroczynny wp\u0142yw na cer\u0119, ale czy mog\u0105 zast\u0119powa\u0107 siebie nawzajem? Ot\u00f3\u017c nie, s\u0105 mi\u0119dzy nimi istotne r\u00f3\u017cnice, powoduj\u0105ce, \u017ce ka\u017cdy z tych produkt\u00f3w charakteryzuje si\u0119 innym dzia\u0142aniem. Jakie s\u0105 te rozbie\u017cno\u015bci?<\/p>\n","protected":false},"author":2,"featured_media":6790,"comment_status":"open","ping_status":"open","sticky":false,"template":"","format":"standard","meta":{"_et_pb_use_builder":"","_et_pb_old_content":"","_et_gb_content_width":"","footnotes":""},"categories":[185],"tags":[],"class_list":["post-6789","post","type-post","status-publish","format-standard","has-post-thumbnail","hentry","category-codzienna-pielegnacja","et-has-post-format-content","et_post_format-et-post-format-standard"],"_links":{"self":[{"href":"https:\/\/neness.pl\/blog\/wp-json\/wp\/v2\/posts\/6789","targetHints":{"allow":["GET"]}}],"collection":[{"href":"https:\/\/neness.pl\/blog\/wp-json\/wp\/v2\/posts"}],"about":[{"href":"https:\/\/neness.pl\/blog\/wp-json\/wp\/v2\/types\/post"}],"author":[{"embeddable":true,"href":"https:\/\/neness.pl\/blog\/wp-json\/wp\/v2\/users\/2"}],"replies":[{"embeddable":true,"href":"https:\/\/neness.pl\/blog\/wp-json\/wp\/v2\/comments?post=6789"}],"version-history":[{"count":0,"href":"https:\/\/neness.pl\/blog\/wp-json\/wp\/v2\/posts\/6789\/revisions"}],"wp:featuredmedia":[{"embeddable":true,"href":"https:\/\/neness.pl\/blog\/wp-json\/wp\/v2\/media\/6790"}],"wp:attachment":[{"href":"https:\/\/neness.pl\/blog\/wp-json\/wp\/v2\/media?parent=6789"}],"wp:term":[{"taxonomy":"category","embeddable":true,"href":"https:\/\/neness.pl\/blog\/wp-json\/wp\/v2\/categories?post=6789"},{"taxonomy":"post_tag","embeddable":true,"href":"https:\/\/neness.pl\/blog\/wp-json\/wp\/v2\/tags?post=6789"}],"curies":[{"name":"wp","href":"https:\/\/api.w.org\/{rel}","templated":true}]}}